{
    "claims": [
        {
            "area": "ouvidoria", 
            "captcha": "", 
            "cpf": "00856321900", 
            "creation_date": "2024-04-10T13:53:51-03:00", 
            "description": "Boa tarde, \r\n  Nos ultimas semanas estamos com bastante dificuldade em solicitar o transporte para paciente que est\u00e3o de alta. \r\n\u00c9 necess\u00e1rio realizar diversas tentativas de contato e nos n\u00fameros dispostos e n\u00e3o \u00e9 obtido contato. \r\n Paciente e a equipe acaba ficando muitas horas aguardando um retorno da solicita\u00e7\u00e3o do transporte. \r\n Atenciosamente.\r\nJacqueline \r\nAssistente social", 
            "kind": "reclamaassapso", 
            "modification_date": "2024-04-19T13:15:15-03:00", 
            "responses": [
                {
                    "creator": "imprensa@castro.pr.leg.br", 
                    "date": "2024-04-19T13:15:08.466247", 
                    "id": 1, 
                    "review_state": "Accepted", 
                    "text": "Ol\u00e1, tudo bem?\r\n\r\nEncaminhamos a sua reclama\u00e7\u00e3o para um vereador verificar o que estava acontecendo e o respons\u00e1vel enviou a seguinte resposta. \r\n\r\n\"Os telefones de contato est\u00e3o normais, o que ocorre \u00e0s vezes \u00e9 q devido alta demanda de liga\u00e7\u00f5es ocorre congestionando nas linhas. O telefone para contato em rela\u00e7\u00e3o \u00e0s altas \u00e9 2122-5218 no hor\u00e1rio das 07h: 30 min \u00e0s 11h: 30min e das 13h \u00e0s 17h de segunda a sexta. Finais de semana, feriados e recessos \u00e9 com a UPA no n\u00famero 2122-5600 ou 2122-5605. Altas ap\u00f3s as 17h e a noite, o UPA busca quando h\u00e1 transfer\u00eancias de pacientes para o determinado munic\u00edpio, casos contr\u00e1rios ser\u00e3o buscados no dia seguinte.\"\r\n\r\nCaso n\u00e3o seja essa informa\u00e7\u00e3o que voc\u00ea busca, sugiro entrar em contato diretamente com a Secret\u00e1ria de Sa\u00fade do munic\u00edpio ou enviar a sua reclama\u00e7\u00e3o nos canais da Ouvidoria da Prefeitura. \r\n\r\nContatos da Secretaria de Sa\u00fade: 2122-5219 ou 0800-645-4041.\r\nLink da Ouvidoria da Prefeitura Municipal de Castro: https://castro.atende.net/[\u2026]/1\r\n\r\nA C\u00e2mara Municipal de Castro agradece o seu contato.\r\n"
                }
            ], 
            "review_state": "resolved", 
            "rg": "86252937", 
            "title": "Transporte para pacientes de Alta.", 
            "uri": "https://www.castro.pr.leg.br/ouvidoria/20240410135351"
        }, 
        {
            "area": "ouvidoria", 
            "captcha": "", 
            "cpf": "09580745935", 
            "creation_date": "2024-05-05T19:43:20-03:00", 
            "description": "Gostaria de registrar reclama\u00e7\u00e3o sobre motos sem escape e que passam acelerando pela cidade. Isso deveria ser pass\u00edvel de multa e apreens\u00e3o da moto. Gostaria de um parecer sobre o assunto, \u00e9 realmente desnecess\u00e1rio todo esse barulho pela cidade. Obrigada pela aten\u00e7\u00e3o.", 
            "kind": "denaoncia", 
            "modification_date": "2024-05-06T13:18:29-03:00", 
            "responses": [
                {
                    "creator": "imprensa@castro.pr.leg.br", 
                    "date": "2024-05-06T13:18:22.366318", 
                    "id": 1, 
                    "review_state": "Accepted", 
                    "text": "Ol\u00e1 tudo bem?\r\n\r\nRecentemente recebemos essa den\u00fancia e encaminhamos ao Secret\u00e1rio de Seguran\u00e7a P\u00fablica atrav\u00e9s de um of\u00edcio realizado pelo vereador Jhonnthan Flugel, esperamos que n\u00f3s pr\u00f3ximos dias a secretaria respons\u00e1vel realize um planejamento estrat\u00e9gico para solucionar esse problema que vem acontecendo h\u00e1 algum tempo no munic\u00edpio. \r\n\r\nObrigada pelo seu contato com a C\u00e2mara Municipal de Castro.\r\n"
                }
            ], 
            "review_state": "resolved", 
            "rg": "133081526", 
            "title": "Motos barulhentas", 
            "uri": "https://www.castro.pr.leg.br/ouvidoria/20240505194320"
        }, 
        {
            "area": "ouvidoria", 
            "captcha": "", 
            "cpf": "00680615954", 
            "creation_date": "2024-05-05T21:33:41-03:00", 
            "description": "\u00c0 Ouvidoria da C\u00e2mara Municipal de Castro.\r\n\r\nTivemos, novamente, um fim de semana de muita polui\u00e7\u00e3o sonora nos entornos do Parque Lacustre, conforme j\u00e1 havia notificado em ocasi\u00e3o anterior.\r\n\r\nHoje, domingo, circularam pela regi\u00e3o dezenas de carros e motos causando perturba\u00e7\u00e3o. Os carros, sobretudo pelo som alto. As motos, pelo barulho dos escapamentos.\r\n\r\nEles v\u00eam de v\u00e1rias regi\u00f5es da cidade e ficam rodando pela regi\u00e3o central e entornos do parque, muitas vezes quebrando garrafas de bebidas alcoolicas nas nossas ruas e cal\u00e7adas.\r\n\r\nOnt\u00e9m, s\u00e1bado, sa\u00ed de casa \u00e0 meia-noite e meia para registrar, em v\u00eddeo, a baderna que virou o Morro do Cristo, onde, impunemente, os jovens se juntam para escutar m\u00fasica em volume alt\u00edssimo, muitas vezes durante muitas horas madrugada adentro. Felizmente, gra\u00e7as \u00e0 a\u00e7\u00e3o eficiente da Pol\u00edcia Militar, os v\u00e2ndalos foram dispersados por volta de uma hora da madrugada.\r\n\r\nMas n\u00e3o duvido que por l\u00e1 deixaram seu rastro de porquice, com lixo e garrafas quebradas, prejudicando, inclusive a imagem que um de nossos principais pontos tur\u00edsticos transmite aos visitantes.\r\n\r\n\u00c9 muito triste o estado em que as coisas est\u00e3o. A sensa\u00e7\u00e3o \u00e9 de que nossas casas est\u00e3o cercadas por pistas de corrida de motocicletas e competi\u00e7\u00f5es de som altomotivo e que \u00e9 respeitar as normas de civilidade e as leis se tornou dispens\u00e1vel.\r\n\r\nMas a lei existe e a lei precisa ser cumprida. Ningu\u00e9m est\u00e1 acima dela. Assim sendo, venho, respeitosamente, reiterar a solicita\u00e7\u00e3o de que nossas autoridades tomem as a\u00e7\u00f5es poss\u00edveis para fazer cessar a baderna que est\u00e1 se espalhando pela cidade.\r\n\r\nFiquei espantado com o que vi na Rua do Morro nessa madrugada - com carros e motos dando cavalinho de pau, bebedeira pela rua, m\u00fasica alta, motos e carros barulhentas - e fiquei triste pelos moradores de bem daquela regi\u00e3o.\r\n\r\nSei das dificuldades de lidar com os in\u00fameros problemas que uma cidade do porte de Castro possui, bem como nossas limita\u00e7\u00f5es de pessoal e recursos, mas acredito que \u00e9 poss\u00edvel e necess\u00e1rio agir, at\u00e9 para que o problema n\u00e3o cres\u00e7a ainda mais. A minoria desordeira que est\u00e1 gerando tais problemas n\u00e3o pode receber dos \u00f3rg\u00e3os p\u00fablicos o sinal de que n\u00e3o h\u00e1 limites e que \u00e9 poss\u00edvel agir como bem se entende.\r\n\r\nComo sugest\u00e3o, deixo a ideia de que se feche o acesso ao Morro do Cristo \u00e0 partir de certo hor\u00e1rio, bem como a abertura de canal na internet onde possamos enviar v\u00eddeos de situa\u00e7\u00f5es de perturba\u00e7\u00e3o, para a tomada das devidas provid\u00eancias. E, sempre v\u00e1lido, a realiza\u00e7\u00e3o de campanhas de conscientiza\u00e7\u00e3o - voltadas tanto para as pessoas que est\u00e3o agindo em desacordo com o bom conv\u00edvio social, tanto quanto para que os cidad\u00e3os e cidad\u00e3s do munic\u00edpio possam conhecer seus direitos e o que diz a lei sobre situa\u00e7\u00f5es como as que vem acontecendo com tanta frequ\u00eancia. \r\n\r\nPor fim, para aqueles que insistirem em debochar das leis, \u00e9 necess\u00e1rio aplicar as puni\u00e7\u00f5es previstas, como multas e apreens\u00f5es de ve\u00edculos e motocicletas.\r\n\r\nAcrescento que vou registrar tamb\u00e9m na Ouvidoria da Prefeitura Municipal o mesmo pedido.\r\n\r\nDesde j\u00e1, agrade\u00e7o pelo seus pr\u00e9stimos e aten\u00e7\u00e3o.", 
            "kind": "reclamaassapso", 
            "modification_date": "2024-05-06T13:19:10-03:00", 
            "responses": [
                {
                    "creator": "imprensa@castro.pr.leg.br", 
                    "date": "2024-05-06T13:19:04.141399", 
                    "id": 1, 
                    "review_state": "Accepted", 
                    "text": "Ol\u00e1 tudo bem?\r\n\r\nRecentemente recebemos essa den\u00fancia e encaminhamos ao Secret\u00e1rio de Seguran\u00e7a P\u00fablica atrav\u00e9s de um of\u00edcio realizado pelo vereador Jhonnthan Flugel, esperamos que nos pr\u00f3ximos dias a secretaria respons\u00e1vel realize um planejamento estrat\u00e9gico para solucionar esse problema que vem acontecendo h\u00e1 algum tempo no munic\u00edpio. \r\n\r\nObrigada pelo seu contato com a C\u00e2mara Municipal de Castro.\r\n"
                }
            ], 
            "review_state": "resolved", 
            "rg": "65504421", 
            "title": "Perturba\u00e7\u00e3o por barulho de carros e motos", 
            "uri": "https://www.castro.pr.leg.br/ouvidoria/20240505213341"
        }, 
        {
            "area": "ouvidoria", 
            "captcha": "", 
            "cpf": "03768239926", 
            "creation_date": "2024-05-13T15:23:11-03:00", 
            "description": "Estamos fazendo liga\u00e7\u00f5es ao longo do dia para o conselho tutelar, por\u00e9m n\u00e3o tem ningu\u00e9m para atender no ramal que temos dispon\u00edvel para ligar 2122 5310, em tentativa de contato pelo n\u00famero de celular que seria o plant\u00e3o, fomos orientados que n\u00e3o seria permitido ligar, j\u00e1 que seria apenas para plant\u00e3o. Como entrar em contato com o conselho?", 
            "kind": "daovida", 
            "modification_date": "2024-05-14T14:12:06-03:00", 
            "responses": [
                {
                    "creator": "imprensa@castro.pr.leg.br", 
                    "date": "2024-05-14T14:12:00.717996", 
                    "id": 1, 
                    "review_state": "Accepted", 
                    "text": "Ol\u00e1, tudo bem?\r\n\r\nOs contatos que s\u00e3o disponibilizados no site da Prefeitura s\u00e3o os seguintes, 2122-5309 / 2122-5310, com atendimento das 8h \u00e0s 17h e contato de Plant\u00e3o com atendimento 24h (42) 99971-3633.\r\n\r\nO contato de plant\u00e3o do conselho tutelar tem como objetivo oferecer suporte e assist\u00eancia imediata em casos de urg\u00eancia envolvendo crian\u00e7as e adolescentes em situa\u00e7\u00f5es de vulnerabilidade ou viola\u00e7\u00e3o de direitos. Caso esse n\u00e3o tenha sido o seu caso voc\u00ea pode entrar em contato nos outros n\u00fameros acima.\r\n\r\nAgradecemos o seu contato com a C\u00e2mara Municipal de Castro."
                }
            ], 
            "review_state": "resolved", 
            "rg": "68758661", 
            "title": "N\u00famero para contato do Conselho Tutelar", 
            "uri": "https://www.castro.pr.leg.br/ouvidoria/20240513152311"
        }, 
        {
            "area": "ouvidoria", 
            "captcha": "", 
            "cpf": "02887146955", 
            "creation_date": "2025-04-08T10:09:09-03:00", 
            "description": "Est\u00e1 faltando uma parte do aparelho cir\u00fargico para operar estolago (h\u00e9rnia de hiato e refluxo ) mais precisamente uma pin\u00e7a,  est\u00e1 faltando desde setembro de 2024 , gostaria de saber quando ser\u00e1 resolvido. Obrigada", 
            "kind": "denaoncia", 
            "modification_date": "2025-04-08T14:05:02-03:00", 
            "responses": [
                {
                    "creator": "comunicacao@castro.pr.leg.br", 
                    "date": "2025-04-08T14:04:51.590862", 
                    "id": 1, 
                    "review_state": "Pending", 
                    "text": "Boa tarde,\r\n\r\nPara que a situa\u00e7\u00e3o seja avaliada de forma adequada, recomendamos que formalize sua solicita\u00e7\u00e3o atrav\u00e9s da Ouvidoria Municipal da Prefeitura. \r\nO setor respons\u00e1vel pela demanda apresentada \u00e9 a Secretaria Municipal de Sa\u00fade.\r\n\r\nSegue o link da Ouvidoria do Executivo: https://castro.atende.net/[\u2026]/1\r\n\r\nAgrade\u00e7emos o seu contato com a C\u00e2mara Municipal de Castro."
                }
            ], 
            "review_state": "resolved", 
            "rg": "76788812", 
            "title": "Falta de aparelho cirurgico", 
            "uri": "https://www.castro.pr.leg.br/ouvidoria/20250408100909"
        }, 
        {
            "area": "ouvidoria", 
            "captcha": "", 
            "cpf": "02887146955", 
            "creation_date": "2025-04-08T10:11:07-03:00", 
            "description": "Est\u00e1 faltando uma parte do aparelho cir\u00fargico para operar estolago (h\u00e9rnia de hiato e refluxo ) mais precisamente uma pin\u00e7a,  est\u00e1 faltando desde setembro de 2024 , gostaria de saber quando ser\u00e1 resolvido. Obrigada", 
            "kind": "denaoncia", 
            "modification_date": "2025-04-08T14:04:36-03:00", 
            "responses": [
                {
                    "creator": "comunicacao@castro.pr.leg.br", 
                    "date": "2025-04-08T14:04:24.002709", 
                    "id": 1, 
                    "review_state": "Pending", 
                    "text": "Boa tarde,\r\n\r\nPara que a situa\u00e7\u00e3o seja avaliada de forma adequada, recomendamos que formalize sua solicita\u00e7\u00e3o atrav\u00e9s da Ouvidoria Municipal da Prefeitura. \r\nO setor respons\u00e1vel pela demanda apresentada \u00e9 a Secretaria Municipal de Sa\u00fade.\r\n\r\nSegue o link da Ouvidoria do Executivo: https://castro.atende.net/[\u2026]/1\r\n\r\nAgrade\u00e7emos o seu contato com a C\u00e2mara Municipal de Castro."
                }
            ], 
            "review_state": "resolved", 
            "rg": "76788812", 
            "title": "Falta de aparelho cirurgico", 
            "uri": "https://www.castro.pr.leg.br/ouvidoria/20250408101107"
        }, 
        {
            "area": "ouvidoria", 
            "captcha": "", 
            "cpf": "06296387997", 
            "creation_date": "2024-04-27T23:04:41-03:00", 
            "description": "Ol\u00e1, sou morador da regi\u00e3o proximo ao parque lacustre s um e meio, e de l\u00e1 para c\u00e1 nunca vi uma fiscalizac\u00e3o com relac\u00e3o ao escape de carros e principalmente motos. Coincidentemente, minha filha de um ano, acorda muitas vezes durante a noite devido aos barulhos.. Existem motos, carros e at\u00e9 bicicletas com motor, que todos os dias passam com o volume muito acima do permitido... j\u00e1 fizemos contato com a guarda municipal, por\u00e9m sem sucesso algum. Nesse momento por sinal, estou escrevendo pois n\u00e3o \u00e9 poss\u00edvel dormir com as \"motos de escape aberto\".. Gostaria que pedir alguma forma de fiscalizar isso na cidade, pois realmente \u00e9 muito acima do permitido. Muito obrigado!", 
            "kind": "denaoncia", 
            "modification_date": "2024-04-30T15:23:50-03:00", 
            "responses": [
                {
                    "creator": "imprensa@castro.pr.leg.br", 
                    "date": "2024-04-30T12:58:01.794869", 
                    "id": 1, 
                    "review_state": "Moving", 
                    "text": "Ol\u00e1 tudo bem?\r\n\r\nIremos encaminhar a sua solicita\u00e7\u00e3o a Prefeitura Municipal atrav\u00e9s da Secretaria Municipal de Seguran\u00e7a P\u00fablica por meio de um requerimento e/ou indica\u00e7\u00e3o.\r\n\r\nVoc\u00ea pode tamb\u00e9m fazer o pedido no site da Prefeitura Municipal de Castro ou atrav\u00e9s do contato (42) 2122-5199, segue o link do site: https://castro.atende.net/[\u2026]/1. \r\n\r\nObrigada pelo seu contato com a C\u00e2mara Municipal de Castro.\r\n"
                }, 
                {
                    "creator": "imprensa@castro.pr.leg.br", 
                    "date": "2024-04-30T15:23:50.538193", 
                    "id": 2, 
                    "review_state": "Resolved", 
                    "text": "Sua den\u00fancia foi encaminhada ao Secret\u00e1rio de Seguran\u00e7a P\u00fablica atrav\u00e9s de um of\u00edcio realizado pelo vereador Jhonnthan Flugel.\r\n\r\nObrigada pelo seu contato com a C\u00e2mara Municipal de Castro."
                }
            ], 
            "review_state": "resolved", 
            "rg": "92305597", 
            "title": "Barulho de motos com certeza acima do permitido todos os dias", 
            "uri": "https://www.castro.pr.leg.br/ouvidoria/20240427230441"
        }, 
        {
            "area": "ouvidoria", 
            "captcha": "", 
            "cpf": "O6006831929", 
            "creation_date": "2024-05-27T18:30:15-03:00", 
            "description": "Gostaria de sugerir a coloca\u00e7\u00e3o de m\u00e3o \u00fanica na rua Alziro machado Martins pelo motivo da rua ser estreita e dos moradores estacionarem os carros nos dos lados da rua isso dificulta a sa\u00edda das garagens e a flu\u00eancia no tr\u00e2nsito, pelo fato de ser duas m\u00e3os os moradores estacionam dos dois lados e isso acaba n\u00e3o deixando passagem para os demais carros que necessitam a travessia.", 
            "kind": "solicitaassapso", 
            "modification_date": "2024-06-20T13:59:19-03:00", 
            "responses": [
                {
                    "creator": "imprensa@castro.pr.leg.br", 
                    "date": "2024-06-20T13:58:58.955819", 
                    "id": 1, 
                    "review_state": "Accepted", 
                    "text": "Boa tarde,\r\n\r\nSua solicita\u00e7\u00e3o foi atendida por um vereador que apresentou uma indica\u00e7\u00e3o na Sess\u00e3o Ordin\u00e1ria do dia 12/06/2024. Segue a s\u00famula do pedido e o link onde pode ver o pedido na integra.\r\n\r\nIndica\u00e7\u00e3o n.\u00ba 90/2024 \u2013 Indica ao Secret\u00e1rio Municipal de Seguran\u00e7a P\u00fablica a necessidade do estudo da mudan\u00e7a do sentido na Rua Alziro Machado Martins para sentido \u00fanico, Invernada do Matadouro, nesta Cidade.\r\n\r\nhttps://sapl.castro.pr.leg.br/media/sapl/public/materialegislativa/2024/8133/indicacao_90-2024.pdf \r\n\r\nObrigado por entrar em contato com a C\u00e2mara Municipal de Castro.\r\n"
                }
            ], 
            "review_state": "resolved", 
            "rg": "084050410612", 
            "title": "Sinaliza\u00e7\u00e3o de tr\u00e2nsito e coloca\u00e7\u00e3o de m\u00e3o \u00fanica na rua Alziro machado Martins", 
            "uri": "https://www.castro.pr.leg.br/ouvidoria/20240527183015"
        }, 
        {
            "area": "ouvidoria", 
            "captcha": "", 
            "cpf": "02887146955", 
            "creation_date": "2025-04-07T17:04:10-03:00", 
            "description": "Fui internada para uma cirurgia He h\u00e9rnia de hiato e refluxo dia 4/9 mas no outro diaa o m\u00e9dico falou que estragou uma pe\u00e7a,  ent\u00e3o voltei praa casa (Ponta  Grossa ) at\u00e9 ent\u00e3o n\u00e3o consertaram  segundo sei uma pin\u00e7a esta faltando acho  um absurdo a prefeitura n\u00e3o arrumar a pin\u00e7a pe\u00e7o encarecidamente que a prefeitura veja oque aconte  as dores s\u00e3o imensas, agrade\u00e7o desde j\u00e1 e se poss\u00edvel resolver esses problema o quanto antes ,grata", 
            "kind": "denaoncia", 
            "modification_date": "2025-04-08T14:04:06-03:00", 
            "responses": [
                {
                    "creator": "comunicacao@castro.pr.leg.br", 
                    "date": "2025-04-08T14:03:30.062173", 
                    "id": 1, 
                    "review_state": "Pending", 
                    "text": "Boa tarde,\r\n\r\nPara que a situa\u00e7\u00e3o seja avaliada de forma adequada, recomendamos que formalize sua solicita\u00e7\u00e3o atrav\u00e9s da Ouvidoria Municipal da Prefeitura. \r\nO setor respons\u00e1vel pela demanda apresentada \u00e9 a Secretaria Municipal de Sa\u00fade.\r\n\r\nSegue o link da Ouvidoria do Executivo: https://castro.atende.net/[\u2026]/1\r\n\r\nAgrade\u00e7emos o seu contato com a C\u00e2mara Municipal de Castro."
                }
            ], 
            "review_state": "resolved", 
            "rg": "76788812", 
            "title": "Falta de aparelho cirurgico", 
            "uri": "https://www.castro.pr.leg.br/ouvidoria/20250407170410"
        }, 
        {
            "area": "ouvidoria", 
            "captcha": "", 
            "cpf": "122.492.369-33", 
            "creation_date": "2025-04-09T23:12:42-03:00", 
            "description": "Boa noite,\r\n\r\nVenho pelo mesmo denunciar seu botequim, qual esta comercializando consumo de narguiles no ambiente qual n\u00e3o h\u00e1 libera\u00e7\u00f5es, e ainda trabalhando a meses fora do hor\u00e1rio cantores iniciando showzinhos a 1h da manh\u00e3 encerrando super tarde ap\u00f3s 3h da manh\u00e3", 
            "kind": "denaoncia", 
            "modification_date": "2025-04-10T12:52:37-03:00", 
            "responses": [
                {
                    "creator": "comunicacao@castro.pr.leg.br", 
                    "date": "2025-04-10T12:52:12.876998", 
                    "id": 1, 
                    "review_state": "Pending", 
                    "text": "Boa tarde sr Edwrson,\r\n\r\nRecebemos sua solicita\u00e7\u00e3o e orientamos protocolar sua den\u00fancia junto \u00e0 Ouvidoria Municipal da Prefeitura, atrav\u00e9s do link: https://castro.atende.net/autoatendimento/servicos/ouvidoria-municipal/ \r\n\r\nAo receber a demanda, o setor respons\u00e1vel pela fiscaliza\u00e7\u00e3o poder\u00e1 realizar vistoria t\u00e9cnica no estabelecimento para tomar as devidas provid\u00eancias.\r\n\r\nTamb\u00e9m \u00e9 poss\u00edvel acionar a Guarda Municipal quando estiver ocorrendo a perturba\u00e7\u00e3o de sossego. O telefone \u00e9 (42)2122-5076.\r\n\r\n\r\nA C\u00e2mara Municipal de Castro agradece seu contato."
                }
            ], 
            "review_state": "resolved", 
            "rg": "66678866666", 
            "title": "Bar comercializando narguiles e fora hor\u00e1rio 00h", 
            "uri": "https://www.castro.pr.leg.br/ouvidoria/20250409231242"
        }, 
        {
            "area": "ouvidoria", 
            "captcha": "", 
            "cpf": "04900797928", 
            "creation_date": "2023-08-16T10:18:56-03:00", 
            "description": "Solicito bueiro ou boca de lobo, em frente na minha casa ou na rua, fica ao lado do cemit\u00e9rio da Vila Rio Branco. pois na rua n\u00e3o tem bueiro ou boca de lobo, o caimento do asfalto est\u00e1 direcionado na minha casa,toda agua desce e acumula e alaga em frente e dentro do meu port\u00e3o, condi\u00e7\u00e3o deploravel de entrar, pois a travessia fica totalmente alagada, a agua acima do tornozelo. E quando abaixa a agua, vira o banhado e cheio de lixo. pe\u00e7o por gentileza uma provid\u00eancia, pois j\u00e1 foram feitas varias reclama\u00e7\u00f5es na prefeitura e nada foi feito. Estou com uma aberta: N\u00ba/ANO: 18783/2023   C\u00d3D VERIFICADOR: QUXA5C4F. Pe\u00e7o por gentileza uma aten\u00e7\u00e3o e provid\u00eancia.", 
            "kind": "solicitaassapso", 
            "modification_date": "2024-02-27T17:17:22-03:00", 
            "responses": [
                {
                    "creator": "imprensa@castro.pr.leg.br", 
                    "date": "2023-08-17T16:11:46.491883", 
                    "id": 1, 
                    "review_state": "Moving", 
                    "text": "Ol\u00e1 tudo bem?\r\n\r\nIremos encaminhar a sua solicita\u00e7\u00e3o a Prefeitura Municipal atrav\u00e9s da Secretaria Municipal de Infraestrutura e Meio Ambiente por meio de um requerimento e/ou indica\u00e7\u00e3o.\r\n\r\nVoc\u00ea pode tamb\u00e9m fazer o pedido no site da Prefeitura Municipal de Castro ou atrav\u00e9s do contato (42) 2122-5537, segue o link do site: https://castro.atende.net/[\u2026]/1. A Secretaria de obras possui uma ouvidoria, voc\u00ea pode entrar me contato no telefone (42) 2122-5537.\r\n\r\nObrigada pelo seu contato com a C\u00e2mara Municipal de Castro.\r\n"
                }, 
                {
                    "creator": "imprensa@castro.pr.leg.br", 
                    "date": "2024-02-27T17:17:22.132900", 
                    "id": 2, 
                    "review_state": "Resolved", 
                    "text": "Ol\u00e1 tudo bem?\r\n\r\nSeu pedido foi atendido por um parlamentar e realizado uma indica\u00e7\u00e3o que foi aprovado em sess\u00e3o da C\u00e2mara.\r\n\r\nIndica\u00e7\u00e3o 190/2023, voc\u00ea pode ler o pedido na integra atrav\u00e9s do link: https://sapl.castro.pr.leg.br/media/sapl/public/materialegislativa/2023/7477/indicacao_190-2023.pdf\r\n\r\nObrigada pelo seu contato com a C\u00e2mara Municipal de Castro."
                }
            ], 
            "review_state": "resolved", 
            "rg": "84956538", 
            "title": "Bueiro ou boca de lobo", 
            "uri": "https://www.castro.pr.leg.br/ouvidoria/20230816101856"
        }, 
        {
            "area": "ouvidoria", 
            "captcha": "", 
            "cpf": "081.846.369-46", 
            "creation_date": "2022-09-27T03:01:32-03:00", 
            "description": "Chegamos a 1:50 da noite,estamos at\u00e9 2:50 sem atendimento,por\u00e9m,o m\u00e9dico est\u00e1 dormindo e at\u00e9 agora n\u00e3o fomos atendidos,isso \u00e9 um descaso pois esta apenas eu e meu marido aqui n\u00e3o tem nenhum paciente mais no local....tenho foto que comprova que n\u00e3o h\u00e1 mais ningu\u00e9m al\u00e9m de n\u00f3s dois.", 
            "kind": "denaoncia", 
            "modification_date": "2022-09-29T14:12:55-03:00", 
            "responses": [
                {
                    "creator": "claudiag", 
                    "date": "2022-09-29T14:12:47.599787", 
                    "id": 1, 
                    "review_state": "Accepted", 
                    "text": "Boa tarde Tatiele!\r\n\r\nConforme explica\u00e7\u00e3o nas audi\u00eancias de Sa\u00fade que acontecem na C\u00e2mara, indicamos que registre sua reclama\u00e7\u00e3o na ouvidoria da pr\u00f3pria secretaria municipal de Sa\u00fade. O contato \u00e9 atrav\u00e9s dos telefones: 2122- 5219 ou 0800-645-4041.\r\n\r\nAgradecemos por entrar em contato com a C\u00e2mara Municipal de Castro!"
                }
            ], 
            "review_state": "resolved", 
            "rg": "107866736", 
            "title": "Atendimento do upa", 
            "uri": "https://www.castro.pr.leg.br/ouvidoria/20220927030132"
        }, 
        {
            "area": "ouvidoria", 
            "captcha": "", 
            "cpf": "07181080946", 
            "creation_date": "2022-10-07T14:56:57-03:00", 
            "description": "Solicito provid\u00eancias no sentido de que sejam realizadas com urg\u00eancia obras de recupera\u00e7\u00e3o \r\ndas vias do bairro Santo Antonio, sobretudo na estrada entre a sa\u00edda para a rodovia pr\u00f3ximo \u00e0 boate Paloma\r\n a come\u00e7o do bairro novo Jardim Novo Horizonte, vizinho ao bairro Vila Ros\u00e1rio. \r\nTendo em vista que a estrada se encontra em p\u00e9ssimas condi\u00e7\u00f5es, repleta de buracos que dificultam o tr\u00e1fego,\r\n causam danos aos ve\u00edculos e provocam acidentes ocasionando, portanto, \r\nn\u00e3o apenas preju\u00edzos materiais como tamb\u00e9m risco \u00e0 integridade f\u00edsica de quem por l\u00e1 necessita transitar.\r\nDias de seca a poeira toma conta das casas, e dias chuvosos os buracos dificultam transitar pela estrada.\r\n\r\nLembrando que s\u00e3o apenas 2,5 kilometros n\u00e3o pavimentados que poderiam sim receber pavimenta\u00e7\u00e3o, pois tem um grande fluxo de ve\u00edculos que dependem da \r\nestrada diariamente para o acesso \u00e0o centro da cidade. N\u00e3o temos nenhum representante do bairro na camara municipal.\r\n\u00c9 um bairro esquecido fora de periodo eleitoral, que merece uma infraestrutura digna.\r\n\r\nCerto do mais r\u00e1pido atendimento da solicita\u00e7\u00e3o, permane\u00e7o no aguardo de um posicionamento oficial.", 
            "kind": "solicitaassapso", 
            "modification_date": "2022-10-18T17:11:50-02:00", 
            "responses": [
                {
                    "creator": "claudiag", 
                    "date": "2022-10-18T17:11:31.064453", 
                    "id": 1, 
                    "review_state": "Accepted", 
                    "text": "Boa tarde Felipe,\r\n\r\nInformamos que a sua solicita\u00e7\u00e3o ser\u00e1 apresentada no expediente da sess\u00e3o ordin\u00e1ria de amanh\u00e3, atrav\u00e9s do requerimento n\u00ba 263/2022, assinada pelo presidente da Casa, vereador Neto Fadel, e ap\u00f3s vota\u00e7\u00e3o, encaminhada \u00e0 secretaria competente.\r\n\r\nConfira o reuqerimento atrav\u00e9s do link: https://sapl.castro.pr.leg.br/media/sapl/public/materialegislativa/2022/6805/requerimento_263-2022.pdf\r\n\r\nObrigada por entrar em contato com a C\u00e2mara de Castro!\r\n\r\n\r\n"
                }
            ], 
            "review_state": "resolved", 
            "rg": "108486279", 
            "title": "Revitaliza\u00e7\u00e3o estrada bairro Santo Antonio", 
            "uri": "https://www.castro.pr.leg.br/ouvidoria/20221007145657"
        }, 
        {
            "area": "ouvidoria", 
            "captcha": "", 
            "cpf": "07181080946", 
            "creation_date": "2022-10-21T16:52:54-02:00", 
            "description": "Referente ao requerimento n\u00ba 263/2022,\r\nem nome dos moradores do bairro Santo Antonio, Castro-PR\r\nagradecemos o atendimento quanto \u00e0 passagem da patrola e manuten\u00e7\u00e3o da via realizada ap\u00f3s essa solicita\u00e7\u00e3o ter sido encaminhada \u00e0 camara municipal.\r\nTodavia reitaramos que, no per\u00edodo chuvoso em que se encontra nossa regi\u00e3o a via manteve transit\u00e1vel apenas por 3 dias ap\u00f3s a manuten\u00e7\u00e3o. Logo ap\u00f3s os buracos \r\nvoltaram e a agua n\u00e3o tendo para onde escoar voltaram a fazer valetas no meio da via\r\nCom isso, voltamos a perguntar sobre a pavimenta\u00e7\u00e3o da via do bairro, uma vez que, ao ser pavimentada, os custos de patrolamento e manuten\u00e7\u00e3o \r\ndiminuiriam financeiramente aos cofres do munic\u00edpio. S\u00e3o apenas 2,5 km de estrada n\u00e3o pavimentada com fluxo de ve\u00edculos constante, pois \u00e9 via de acesso ao centro da cidade.\r\n\r\nCerto do mais r\u00e1pido atendimento, permanecemos no aguardo de um posicionamento oficial", 
            "kind": "solicitaassapso", 
            "modification_date": "2022-12-14T14:30:21-02:00", 
            "responses": [
                {
                    "creator": "claudiag", 
                    "date": "2022-12-14T14:28:53.645296", 
                    "id": 1, 
                    "review_state": "Accepted", 
                    "text": "Boa tarde Felipe,\r\n\r\nInformamos que o Legislativo ainda n\u00e3o recebeu resposta oficial da secretaria respons\u00e1vel sobre o Requerimento n\u00ba 263/2022, em que consta seu pedido.\r\n\r\nDevido o Regimento Interno da Casa, um mesmo assunto s\u00f3 pode ser reapresentado ap\u00f3s um prazo de seis meses. Como esse prazo ainda n\u00e3o transcorreu, o pedido s\u00f3 poder\u00e1 ser reapresentado no pr\u00f3ximo ano. \r\n\r\nIndicamos que tamb\u00e9m apresente sua solicita\u00e7\u00e3o diretamente para a ouvidoria da Secretaria Municipal de Infraestrutura e Meio Ambiente, atrav\u00e9s do telefone 2122-5537.\r\n\r\nObrigado por entrar em contato com a C\u00e2mara de Castro!"
                }
            ], 
            "review_state": "resolved", 
            "rg": "108486279", 
            "title": "Solicita\u00e7\u00e3o de pavimenta\u00e7\u00e3o bairro Santo Antonio", 
            "uri": "https://www.castro.pr.leg.br/ouvidoria/20221021165254"
        }, 
        {
            "area": "ouvidoria", 
            "captcha": "", 
            "cpf": "00680615954", 
            "creation_date": "2025-05-25T18:28:48-03:00", 
            "description": "\u00c0 Ouvidoria da C\u00e2mara Municipal de Castro e \u00e0 Prefeitura Municipal de Castro\r\n\r\nSOLICITA\u00c7\u00c3O DE AUMENTO DE FISCALIZA\u00c7\u00c3O E MEDIDAS CONTRA A PERTURBA\u00c7\u00c3O SONORA POR VE\u00cdCULOS COM SOM EXCESSIVO\r\n\r\nPrezados Senhores e Senhoras,\r\n\r\nVenho, por meio desta, solicitar provid\u00eancias quanto \u00e0 perturba\u00e7\u00e3o sonora causada por ve\u00edculos que circulam pela cidade de Castro com sistemas de som em volume excessivamente alto, pr\u00e1tica que compromete a qualidade de vida e o bem-estar da popula\u00e7\u00e3o, sendo um problema recorrente h\u00e1 anos.\r\n\r\nVale lembrar que tal conduta \u00e9 expressamente proibida pelo Art. 11, III, da Resolu\u00e7\u00e3o CONTRAN n\u00ba 958/2022, que veda o uso de equipamento sonoro aud\u00edvel pelo lado externo do ve\u00edculo (exceto quando autorizado). O Art. 228 do C\u00f3digo de Tr\u00e2nsito Brasileiro (CTB) classifica a infra\u00e7\u00e3o como pass\u00edvel de multa e reten\u00e7\u00e3o do ve\u00edculo para regulariza\u00e7\u00e3o.\r\n\r\nO transtorno ocorre em diferentes dias e hor\u00e1rios, com maior incid\u00eancia entre o anoitecer das sextas-feiras at\u00e9 o fim do domingo, bem como em feriados e suas v\u00e9speras, especialmente nas regi\u00f5es centrais e no Parque Lacustre. \r\n\r\nEmbora seja poss\u00edvel observar uma redu\u00e7\u00e3o deste problema sobretudo durante a madrugada \u2014 especialmente desde o in\u00edcio da atual gest\u00e3o municipal \u2014 a situa\u00e7\u00e3o ainda demanda aten\u00e7\u00e3o e a\u00e7\u00f5es efetivas. Anteriormente era comum que os cidad\u00e3os castrenses tivessem suas horas de descanso noturno violadas por pessoas que se dirigiam ao Morro do Cristo para ouvir m\u00fasica em volume exagerado. \r\n\r\nVe\u00edculos como saveiros e caminhonetes, muitas vezes equipados com sistemas sonoros de alta pot\u00eancia instalados nas carrocerias, s\u00e3o os principais respons\u00e1veis. Esses equipamentos emitem sons graves, conhecidos popularmente como \u201cbate-estaca\u201d, que se propagam por longas dist\u00e2ncias, causando inc\u00f4modo significativo. Por sua caracter\u00edstica repetitiva, estes sons tornam-se particularmente irritantes, especialmente para aqueles que se encontram distantes e n\u00e3o conseguem ouvir a m\u00fasica propriamente dita, mas apenas estes padr\u00f5es sonoros repetitivos e mon\u00f3tonos.\r\n\r\nO problema \u00e9 mais intenso em \u00e1reas como o Parque Lacustre e a regi\u00e3o central, onde ve\u00edculos de diversas partes da cidade convergem para passeios, sobretudo no s\u00e1bado \u00e0 noite e domingo \u00e0 tarde. \r\n\r\nInfelizmente, muitos condutores demonstram falta de civilidade, utilizando m\u00fasicas com conte\u00fados inadequados, incluindo letras vulgares e ofensivas, aud\u00edveis por crian\u00e7as, idosos e moradores que desejam usufruir de momentos de lazer ou tranquilidade, embora o desrespeito seria o mesmo ainda que tais motoristas ouvissem qualquer outro estilo musical.\r\n\r\nEssa pr\u00e1tica compromete a experi\u00eancia em pontos tur\u00edsticos importantes de nossa cidade, como o Parque Lacustre, e desrespeita os residentes das imedia\u00e7\u00f5es.\r\n\r\nA Pol\u00edcia Militar t\u00eam prestado valioso apoio, respondendo prontamente \u00e0s den\u00fancias de perturba\u00e7\u00e3o sonora e, na maioria dos casos, solucionando o problema prontamente.\r\n\r\nContudo, a reincid\u00eancia de condutas infratoras evidencia a necessidade de a\u00e7\u00f5es mais estruturadas e preventivas. Nota-se um aumento no n\u00famero de ve\u00edculos que circulam pela cidade desrespeitando as normas, o que refor\u00e7a a urg\u00eancia de medidas eficazes.\r\n\r\nPara tanto, solicito o refor\u00e7o na fiscaliza\u00e7\u00e3o por parte dos \u00f3rg\u00e3os competentes e sugiro as seguintes medidas:\r\n\r\nINSTALA\u00c7\u00c3O DE PLACAS INFORMATIVAS: Coloca\u00e7\u00e3o de placas em locais de grande circula\u00e7\u00e3o, como o Parque Lacustre, o Morro do Cristo, a Prainha e pra\u00e7as municipais, alertando que o uso de som automotivo aud\u00edvel fora do ve\u00edculo constitui infra\u00e7\u00e3o, conforme a Resolu\u00e7\u00e3o CONTRAN n\u00ba 958/2022, e orientando a popula\u00e7\u00e3o sobre como denunciar tais abusos.\r\n\r\nCONSCIENTIZA\u00c7\u00c3O NAS EMPRESAS DE SOM AUTOMOTIVO: Cria\u00e7\u00e3o de norma municipal que obrigue estabelecimentos que instalam sistemas de som automotivo a afixarem cartazes de conscientiza\u00e7\u00e3o, informando sobre a necessidade de respeitar as leis de tr\u00e2nsito e os limites sonoros permitidos.\r\n\r\nCANAL DE DEN\u00daNCIAS NA PREFEITURA: Institui\u00e7\u00e3o de um servi\u00e7o espec\u00edfico na Prefeitura Municipal para receber den\u00fancias de perturba\u00e7\u00e3o sonora, provenientes de ve\u00edculos, estabelecimentos comerciais, festas particulares, dentre outros, com atua\u00e7\u00e3o proativa na notifica\u00e7\u00e3o dos infratores, seja por vias judiciais ou extrajudiciais. Este \u00f3rg\u00e3o seria importante porque, atualmente, compete ao cidad\u00e3o, que j\u00e1 teve seus direitos violados, prestar queixa \u00e0 Pol\u00edcia, expondo sua pessoa a indiv\u00edduos dos quais nada sabe, podendo ser ofendido, amea\u00e7ado e at\u00e9 mesmo agredido. Tais casos n\u00e3o s\u00e3o incomuns, mesmo em nossa cidade.\r\n\r\nDessa forma, apelo \u00e0s autoridades municipais para que intensifiquem a fiscaliza\u00e7\u00e3o e implementem medidas educativas e preventivas, visando garantir o respeito \u00e0s normas de conviv\u00eancia urbana e o direito ao sossego de todos os cidad\u00e3os.\r\n\r\nAgrade\u00e7o desde j\u00e1 pela aten\u00e7\u00e3o e coloco-me \u00e0 disposi\u00e7\u00e3o para quaisquer esclarecimentos.\r\n\r\nAtenciosamente,\r\nFabiano Jr Baniski Franco\r\nCastro, Paran\u00e1, 25 de maio de 2025", 
            "kind": "solicitaassapso", 
            "modification_date": "2025-06-27T14:17:00-03:00", 
            "responses": [
                {
                    "creator": "comunicacao@castro.pr.leg.br", 
                    "date": "2025-06-27T14:16:40.974029", 
                    "id": 1, 
                    "review_state": "Pending", 
                    "text": "Boa tarde, \r\nRecebemos sua solicita\u00e7\u00e3o e orientamos registrar a demanda junto \u00e0 Ouvidoria da Prefeitura, por meio do link https://castro.atende.net/cidadao/pagina/ouvidoria-geral\r\n\r\nOu voc\u00ea tamb\u00e9m entrar em contato diretamente com a Secretaria Municipal de Seguran\u00e7a P\u00fablica, atrav\u00e9s do telefone 42 2122-5074."
                }
            ], 
            "review_state": "resolved", 
            "rg": "65504421", 
            "title": "Perturba\u00e7\u00e3o sonora", 
            "uri": "https://www.castro.pr.leg.br/ouvidoria/20250525182848"
        }, 
        {
            "area": "ouvidoria", 
            "captcha": "", 
            "cpf": "10557521963", 
            "creation_date": "2024-04-18T16:38:15-03:00", 
            "description": "Na lagoa dos Ribas tem um com\u00e9rcio onde fazem vendas de bebidas alco\u00f3lica para de menor e ocorre bailes aos fins de semana com comercializa\u00e7\u00e3o de bebidas para de menor , sem nenhum alvar\u00e1.", 
            "kind": "denaoncia", 
            "modification_date": "2024-04-19T13:13:34-03:00", 
            "responses": [
                {
                    "creator": "imprensa@castro.pr.leg.br", 
                    "date": "2024-04-19T13:13:26.775425", 
                    "id": 1, 
                    "review_state": "Accepted", 
                    "text": "Ol\u00e1, tudo bem?\r\n\r\nVoc\u00ea pode fazer uma reclama\u00e7\u00e3o diretamente na Prefeitura, atrav\u00e9s da Ouvidoria da Seguran\u00e7a P\u00fablica pelo 2122-5199 ou pelo link na Ouvidoria Geral https://castro.atende.net/cidadao/pagina/ouvidoria-geral.\r\n\r\nA C\u00e2mara Municipal de Castro agradece o seu contato."
                }
            ], 
            "review_state": "resolved", 
            "rg": "136991094", 
            "title": "Com\u00e9rcio irregular no interior, sem alvar\u00e1 e eventos ilegais", 
            "uri": "https://www.castro.pr.leg.br/ouvidoria/20240418163815"
        }, 
        {
            "area": "ouvidoria", 
            "captcha": "", 
            "cpf": "09422142938", 
            "creation_date": "2024-04-25T09:50:16-03:00", 
            "description": "Quero fazer uma reclama\u00e7\u00e3o sobre o atendimento do medico que estava de plant\u00e3o no dia 02/04 no hor\u00e1rio de 20:00 e enfermeiras.\r\nDescobri que estava gravida a uns dias atr\u00e1s, e acabei passando muito mal com dores muito fortes na barriga no dia 02/04 onde fui diretamente no hospital, chegando l\u00e1 n\u00e3o queria me atender pois ainda n\u00e3o tinha carteirinha de gestante, conversamos com as mo\u00e7as da recep\u00e7\u00e3o onde elas avisaram o medico e as enfermeiras que eu estava subindo para eles me avaliarem.\r\nChegamos no centro obst\u00e9trico onde apertamos a campainha e ficamos uns 15 minutos esperando algu\u00e9m nos atender  e ningu\u00e9m nem se quer saiu me atender, escut\u00e1vamos de fora eles rindo l\u00e1 dentro das sala, apertamos novamente e aguardamos e nada. S\u00f3 escutava as gargalhadas deles.\r\nsai do hospital e fui direto ao Upa onde fui atendida de emerg\u00eancia, porem de la eles iriam me encaminhar para o hospital novamente pois l\u00e1 \u00e9 o atendimento para gestantes, porem contei para a medica que me atendeu no Upa e ela deixou anotado sobre isso.\r\nNa quarta feira dia 04/02 fui para Ponta Grossa e tive que pagar um ultrassom mesmo n\u00e3o podendo para ver o que estava acontecendo e l\u00e1 descobri que estava com uma gravidez ect\u00f3pica onde levei sorte de n\u00e3o ter rompido minha trompa e isso poderia ter levado a morte.\r\nLa em Ponta Grossa precisei fazer uma cirurgia de emerg\u00eancia.\r\nAcho uma falta de profissionalismo no Hospital aqui de Castro, meu caso era grave e se dependesse do hospital daqui eu poderia ter morrido.\r\nFica aqui minha avalia\u00e7\u00e3o para come\u00e7arem a investir em mais profissionais capacitados para atender a popula\u00e7\u00e3o!", 
            "kind": "reclamaassapso", 
            "modification_date": "2024-04-30T12:56:49-03:00", 
            "responses": [
                {
                    "creator": "imprensa@castro.pr.leg.br", 
                    "date": "2024-04-30T12:56:35.473819", 
                    "id": 1, 
                    "review_state": "Accepted", 
                    "text": "Ol\u00e1 tudo bem?\r\n\r\nIndicamos que registre sua reclama\u00e7\u00e3o diretamente na ouvidoria da Secretaria Municipal de Sa\u00fade, atrav\u00e9s dos telefones: 2122-5219 ou 0800-645-4041 e atrav\u00e9s do site da Prefeitura Municipal - https://castro.atende.net/cidadao/pagina/ouvidoria-geral\r\n\r\nN\u00e3o deixe de registrar, a sua reclama\u00e7\u00e3o \u00e9 muito importante para que os respons\u00e1veis possam entender o que acontece com a sa\u00fade de Castro.\r\n\r\nAgradecemos o seu contato com a C\u00e2mara Municipal de Castro.\r\n"
                }
            ], 
            "review_state": "resolved", 
            "rg": "131144725", 
            "title": "Sobre o Hospital Moriah", 
            "uri": "https://www.castro.pr.leg.br/ouvidoria/20240425095016"
        }, 
        {
            "area": "ouvidoria", 
            "captcha": "", 
            "cpf": "vadeldelima132@gmail.com", 
            "creation_date": "2024-04-26T11:06:53-03:00", 
            "description": "Segundo um m\u00e9dico do bom Jesus,os m\u00e9dicos n\u00e3o querem atender l\u00e1, ser\u00e1 que procede.", 
            "kind": "denaoncia", 
            "modification_date": "2024-04-30T12:45:49-03:00", 
            "responses": [
                {
                    "creator": "imprensa@castro.pr.leg.br", 
                    "date": "2024-04-30T12:45:42.672629", 
                    "id": 1, 
                    "review_state": "Accepted", 
                    "text": "Ol\u00e1 tudo bem?\r\n\r\nIndicamos que registre sua reclama\u00e7\u00e3o diretamente na ouvidoria da Secretaria Municipal de Sa\u00fade, atrav\u00e9s dos telefones: 2122-5219 ou 0800-645-4041 e atrav\u00e9s do site da Prefeitura Municipal - https://castro.atende.net/cidadao/pagina/ouvidoria-geral\r\n\r\nN\u00e3o deixe de registrar, a sua reclama\u00e7\u00e3o \u00e9 muito importante para que os respons\u00e1veis possam entender o que acontece com a sa\u00fade de Castro.\r\n\r\nAgradecemos o seu contato com a C\u00e2mara Municipal de Castro.\r\n"
                }
            ], 
            "review_state": "resolved", 
            "rg": "vadeldelima132@gmail.com", 
            "title": "Estamos sem m\u00e9dico no canta galo e n\u00e3o tem previs\u00e3o pra p\u00f4r m\u00e9dico,", 
            "uri": "https://www.castro.pr.leg.br/ouvidoria/20240426110653"
        }, 
        {
            "area": "ouvidoria", 
            "captcha": "", 
            "cpf": "59544015949", 
            "creation_date": "2023-04-27T19:09:24-03:00", 
            "description": "Gostaria solicitar averiguar e pedir medidas na rua Ant\u00f4nio Jos\u00e9 Gomes, Morada do Sol, ao lado da 745, tem uma casa que a fuma\u00e7a do fog\u00e3o a lenha \u00e9 insuport\u00e1vel para vizinhan\u00e7a, principalmente as mais pr\u00f3ximas, muitas pessoas com crian\u00e7as pequenas, que neste per\u00edodo de frio j\u00e1 sofrem com problemas respirat\u00f3rios e ainda tendo que suportar a fuma\u00e7a. \u00c9 24 horas por dia aquela fuma\u00e7a no ar. E tamb\u00e9m muito lixo acumulado, virando criadouro de ratos e outros. Essa pessoa junta lixo, acredito que para vender como recicl\u00e1vel e o que n\u00e3o se aproveita para vender (pl\u00e1sticos e isopor extremamente t\u00f3xicos), costuma queimar. O lixo se acumula inclusive na cal\u00e7ada em frente a casa.", 
            "kind": "denaoncia", 
            "modification_date": "2023-05-03T14:30:37-03:00", 
            "responses": [
                {
                    "creator": "imprensa@castro.pr.leg.br", 
                    "date": "2023-05-03T14:30:11.876330", 
                    "id": 1, 
                    "review_state": "Pending", 
                    "text": "Ol\u00e1, tudo bem?\r\nVoc\u00ea pode fazer uma reclama\u00e7\u00e3o diretamente na Prefeitura, na OUVIDORIA pelo 0800-645-4041 ou pelo link https://castro.atende.net/cidadao/pagina/ouvidoria-geral.\r\nO setor de fiscaliza\u00e7\u00e3o ira avaliar a sua solicita\u00e7\u00e3o e o local onde voc\u00ea colocou depois disso eles ir\u00e3o notificar o propriet\u00e1rio do terreno cadastrado na prefeitura e depois que o propriet\u00e1rio receber essa notifica\u00e7\u00e3o ele ter\u00e1 30 dias para realizar a limpeza do terreno.\r\n\r\nCaso isso n\u00e3o aconte\u00e7a a prefeitura ir\u00e1 multar o propriet\u00e1rio.\r\n\r\nAgradecemos o seu contato com a C\u00e2mara Municipal de Castro.\r\n"
                }
            ], 
            "review_state": "resolved", 
            "rg": "43841254", 
            "title": "FUMA\u00c7A E LIXO", 
            "uri": "https://www.castro.pr.leg.br/ouvidoria/20230427190924"
        }, 
        {
            "area": "ouvidoria", 
            "captcha": "", 
            "cpf": "08772352957", 
            "creation_date": "2023-05-03T15:46:00-03:00", 
            "description": "Venho por meio desta, mais uma vez solicitar, a sinaliza\u00e7\u00e3o horizontal e vertical no bairro novo horizonte 1 e 2. O tr\u00e2nsito tem aumentado, conforme aumenta a quantidade de casas, e isso tem gerado preocupa\u00e7\u00e3o para os moradores. Na rua J\u00falio Carneiro Gomes, \u00e9 necess\u00e1rio com urg\u00eancia, por gentileza, de uma lombada, caminh\u00f5es e carros, tem transitado em alta velocidade, gerando inseguran\u00e7a para os moradores.\r\nAs placas de sinaliza\u00e7\u00e3o s\u00e3o imprescind\u00edveis, temos um \"mercado\" no bairro e o fluxo de pessoas tem aumentado devido a isso, ent\u00e3o gostaria de pedir aos respons\u00e1veis, uma aten\u00e7\u00e3o especial para o pedido (de todos os moradores). \r\nAcredito que seria de extrema import\u00e2ncia tamb\u00e9m, a extens\u00e3o da linha de \u00f4nibus para o bairro.\r\n\r\nGrato pela compreens\u00e3o.", 
            "kind": "solicitaassapso", 
            "modification_date": "2023-05-12T13:05:55-03:00", 
            "responses": [
                {
                    "creator": "imprensa@castro.pr.leg.br", 
                    "date": "2023-05-12T13:05:46.261881", 
                    "id": 1, 
                    "review_state": "Accepted", 
                    "text": "Ol\u00e1, tudo bem?\r\n\r\nForam feitos diversos requerimentos e enviado a Prefeitura e as Secretarias especificas tratando destes assuntos, vou anexar aqui as solicita\u00e7\u00f5es e os requerimento. Voc\u00ea pode entrar no link e saber mais sobre os pedidos que foram realizados. Muitos deles ainda estamos esperando o retorno da prefeitura, em respostas aos requerimentos enviados.\r\n\r\nObrigada pelo seu contato com a C\u00e2mara Municipal de Castro\r\n\r\n- Sinaliza\u00e7\u00e3o: \r\nRequerimento 77/2023 - https://sapl.castro.pr.leg.br/media/sapl/public/materialegislativa/2023/7065/requerimento_77-2023.pdf\r\nRequerimento 141/2022 - https://sapl.castro.pr.leg.br/media/sapl/public/materialegislativa/2023/7191/requerimento_141-2023.pdf\r\nIndica\u00e7\u00e3o 114/2022 - https://sapl.castro.pr.leg.br/media/sapl/public/materialegislativa/2022/6575/indicacao_114-2022.pdf\r\nIndica\u00e7\u00e3o 49/2021 - https://sapl.castro.pr.leg.br/media/sapl/public/materialegislativa/2021/4959/indicacao_49-2021.pdf\r\n\r\n- Ilumina\u00e7\u00e3o:\r\nIndica\u00e7\u00e3o 101/2023 - https://sapl.castro.pr.leg.br/media/sapl/public/materialegislativa/2023/7181/indicacao_101-2023.pdf\r\n\r\n- Indica\u00e7\u00e3o de lombadas:\r\nIndica\u00e7\u00e3o 245/2022 - https://sapl.castro.pr.leg.br/media/sapl/public/materialegislativa/2022/6910/indicacao_245-2022.pdf\r\n\r\n- \u00c1rea de recrea\u00e7\u00e3o:\r\nRequerimento 355/2021 - https://sapl.castro.pr.leg.br/media/sapl/public/materialegislativa/2021/6157/requerimento_355-2021.pdf\r\n\r\n- Extens\u00e3o da linha de \u00f4nibus: \r\nRequerimento 137/2023 - https://sapl.castro.pr.leg.br/media/sapl/public/materialegislativa/2023/7183/requerimento_137-2023.pdf\r\n\r\n- Falta de entrega de correspond\u00eancia:\r\nRequerimento 144/2023 - https://sapl.castro.pr.leg.br/media/sapl/public/materialegislativa/2023/7199/requerimento_144-2023.pdf\r\n"
                }
            ], 
            "review_state": "resolved", 
            "rg": "99911611", 
            "title": "SINALIZA\u00c7\u00c3O E LOMBADA - JD. NOVO HORIZONTE", 
            "uri": "https://www.castro.pr.leg.br/ouvidoria/20230503154600"
        }, 
        {
            "area": "ouvidoria", 
            "captcha": "", 
            "cpf": "76106004000110", 
            "creation_date": "2023-07-27T20:37:00-03:00", 
            "description": "POR GENTILEZA SUBSTITUIR ILUMINA\u00c7\u00c3O PUBLICA QUEIMADA POSTE NA RUA MAESTRO BENEDITO PEREIRA EM FRENTE AO NUMERO 277 NO CENTRO. (PROX A GARAGEM DO GRANDE HOTEL)\r\n\r\nGRATOS.", 
            "kind": "solicitaassapso", 
            "modification_date": "2023-08-04T12:33:52-03:00", 
            "responses": [
                {
                    "creator": "imprensa@castro.pr.leg.br", 
                    "date": "2023-08-04T12:33:31.018071", 
                    "id": 1, 
                    "review_state": "Accepted", 
                    "text": "Ol\u00e1 tudo bem?\r\n\r\nVoc\u00ea pode fazer o pedido no site da Prefeitura Municipal de Castro ou atrav\u00e9s do contato (42) 2122-5537, segue o link do site: https://castro.atende.net/?pg=autoatendimento#!/tipo/servico/valor/23/padrao/1/load/1.\r\n\r\nObrigada pelo seu contato com a C\u00e2mara Municipal de Castro.\r\n"
                }
            ], 
            "review_state": "resolved", 
            "rg": "76106004000110", 
            "title": "ILUMINA\u00c7AO PUBLICA QUEIMADA (SUBSTITUIR)", 
            "uri": "https://www.castro.pr.leg.br/ouvidoria/20230727203700"
        }, 
        {
            "area": "ouvidoria", 
            "captcha": "", 
            "cpf": "00899718922", 
            "creation_date": "2023-08-12T07:02:17-03:00", 
            "description": "Minha irma \u00e9 gestante foi tomar a vacina dtpa no posto do canta galo tec eliane gostaria que a mesma tivesse um pouco mais de impatia ela foi extrema grossa com minha falando que nao ia adiantar tomar que nao ia proteger nem ele e nem o bebe...sendo q a vacina \u00e9 a partir de 20 semanas e ela seguiu a orienta\u00e7ao do obestetra. Minha irma saiu extramente nervosa sera que ela \u00e9 assim com todas as gestantes????", 
            "kind": "reclamaassapso", 
            "modification_date": "2023-08-14T12:58:11-03:00", 
            "responses": [
                {
                    "creator": "imprensa@castro.pr.leg.br", 
                    "date": "2023-08-14T12:58:03.961492", 
                    "id": 1, 
                    "review_state": "Accepted", 
                    "text": "Ol\u00e1 tudo bem?\r\n\r\nIndicamos que registre sua reclama\u00e7\u00e3o diretamente na ouvidoria da Secretaria Municipal de Sa\u00fade, atrav\u00e9s dos telefones: 2122-5219 ou 0800-645-4041 e atrav\u00e9s do site tamb\u00e9m, https://castro.atende.net/?pg=autoatendimento#!/tipo/servico/valor/23/padrao/1/load/1\r\n\r\nN\u00e3o deixe de registrar, a sua reclama\u00e7\u00e3o \u00e9 muito importante para que os respons\u00e1veis possam entender o que acontece nos postos de sa\u00fade.\r\n\r\nAgradecemos o seu contato com a C\u00e2mara Municipal de Castro.\r\n"
                }
            ], 
            "review_state": "resolved", 
            "rg": "98066438", 
            "title": "Vacina", 
            "uri": "https://www.castro.pr.leg.br/ouvidoria/20230812070217"
        }, 
        {
            "area": "ouvidoria", 
            "captcha": "", 
            "cpf": "29988263855", 
            "creation_date": "2024-12-23T13:08:31-02:00", 
            "description": "A M\u00e9dica Ana Paula Zargiski de Oliveira, que faz parte do quadro de funcion\u00e1rios do Hospital est\u00e1 fazendo coment\u00e1rios LGBTfobicos nas redes sociais. Me indago se essa doutora fez o juramento em sua formatura, t\u00e3o caro a classe dos m\u00e9dicos e \u00e0 popula\u00e7\u00e3o, que espera um atendimento livre de qualquer tipo de preconceito. Se essa doutora se sente no direito de cometer um crime previsto em lei nas redes sociais, o que esperar de seu atendimento m\u00e9dico? Tirei prints dos coment\u00e1rios e a sociedade est\u00e1 farta de coment\u00e1rios preconceituosos e que relativizam o sofrimento de minorias que pagam com suas vidas por uma sociedade que reiteradamente faz piada e invisibiliza essas pessoas", 
            "kind": "denaoncia", 
            "modification_date": "2025-01-09T15:23:58-02:00", 
            "responses": [
                {
                    "creator": "imprensa@castro.pr.leg.br", 
                    "date": "2025-01-09T15:23:49.944309", 
                    "id": 1, 
                    "review_state": "Accepted", 
                    "text": "Ol\u00e1, tudo bem?\r\nSugerimos que a sua reclama\u00e7\u00e3o seja direcionada diretamente na ouvidoria da Prefeitura Municipal e pode tamb\u00e9m ser cadastrada no minist\u00e9rio p\u00fablico. Segue os links para acesso.\r\n\r\nhttps://castro.atende.net/autoatendimento/servicos/ouvidoria-municipal\r\n\r\nhttps://mppr.mp.br/ouvidoria\r\n\r\nAgradecemos o seu contato com a C\u00e2mara Municipal de Castro.\r\n"
                }
            ], 
            "review_state": "resolved", 
            "rg": "434768456", 
            "title": "M\u00e9dica fazendo coment\u00e1rios LGBTfobicos nas redes sociais", 
            "uri": "https://www.castro.pr.leg.br/ouvidoria/20241223130831"
        }, 
        {
            "area": "ouvidoria", 
            "captcha": "", 
            "cpf": "02354994982", 
            "creation_date": "2023-07-28T10:21:51-03:00", 
            "description": "bom dia\r\n\r\nobrigado pela travessia elevada  na  Av. Marly Rolim, s/n - Jardim das Nacoes\r\ndescida do clube de campo", 
            "kind": "elogio", 
            "modification_date": "2023-08-04T12:35:22-03:00", 
            "responses": [
                {
                    "creator": "imprensa@castro.pr.leg.br", 
                    "date": "2023-08-04T12:35:16.762849", 
                    "id": 1, 
                    "review_state": "Accepted", 
                    "text": "Ol\u00e1 tudo bem?\r\n\r\nObrigada pelo seu retorno, iremos repassar o seu elogio para os vereadores respons\u00e1veis pelo pedido.\r\n\r\nObrigada pelo seu contato com a C\u00e2mara Municipal de Castro.\r\n"
                }
            ], 
            "review_state": "resolved", 
            "rg": "63359769", 
            "title": "travessia elevada", 
            "uri": "https://www.castro.pr.leg.br/ouvidoria/20230728102151"
        }, 
        {
            "area": "ouvidoria", 
            "captcha": "", 
            "cpf": "02354994982", 
            "creation_date": "2023-07-28T10:32:22-03:00", 
            "description": "Venho por meio desta, solicitar uma travessia elevada para pedestres e sinaliza\u00e7\u00e3o  Na ruaTiradentes em frente a sorveteria Yogomix , \u00e9 necess\u00e1rio com urg\u00eancia, por gentileza, de uma lombada, caminh\u00f5es e carros, tem transitado em alta velocidade, gerando inseguran\u00e7a para os clientes principalmente crian\u00e7as da escola q saem e vao na sorveteria e  moradores, os  automoveis vem descendo da antiga clinica bem na curva e em alta velocidade e nao param, esses dias tinha crian\u00e7as atravessando rua bem na faixa  e o carro veio correndo quase bateu neles,  ent\u00e3o gostaria de pedir aos respons\u00e1veis, uma aten\u00e7\u00e3o especial para o pedido . \r\nGrato pela compreens\u00e3o.", 
            "kind": "solicitaassapso", 
            "modification_date": "2023-08-17T16:09:01-03:00", 
            "responses": [
                {
                    "creator": "imprensa@castro.pr.leg.br", 
                    "date": "2023-08-04T12:36:10.593107", 
                    "id": 1, 
                    "review_state": "Accepted", 
                    "text": "Ol\u00e1 tudo bem?\r\n\r\nIremos encaminhar a sua solicita\u00e7\u00e3o a Prefeitura Municipal atrav\u00e9s da Secretaria Municipal de Infraestrutura e Meio Ambiente por meio de um requerimento e/ou indica\u00e7\u00e3o.\r\n \r\nObrigada pelo seu contato com a C\u00e2mara Municipal de Castro.\r\n"
                }, 
                {
                    "creator": "imprensa@castro.pr.leg.br", 
                    "date": "2023-08-17T16:09:01.936464", 
                    "id": 2, 
                    "review_state": "Resolved", 
                    "text": "Ol\u00e1 tudo bem? \r\n\r\nSeu pedido foi atendido por um parlamentar e realizado uma indica\u00e7\u00e3o que foi aprovada ontem na sess\u00e3o da C\u00e2mara. Em seguida ser\u00e1 encaminhada ao Executivo e Secretaria respons\u00e1vel. \r\nA indica\u00e7\u00e3o 182/2023, voc\u00ea pode ler o pedido na integra no link: https://sapl.castro.pr.leg.br/media/sapl/public/materialegislativa/2023/7462/indicacao_182-2023.pdf\r\n\r\nObrigada pelo seu contato com a C\u00e2mara Municipal de Castro.\r\n"
                }
            ], 
            "review_state": "resolved", 
            "rg": "63359769", 
            "title": "travessia elevada para pedestres", 
            "uri": "https://www.castro.pr.leg.br/ouvidoria/20230728103222"
        }, 
        {
            "area": "ouvidoria", 
            "captcha": "", 
            "cpf": "10170667600", 
            "creation_date": "2021-12-01T16:23:26-02:00", 
            "description": "Boa tarde. Estarei me mudando para a cidade de Castro no in\u00edcio de janeiro de 2022 e gostaria de saber como funciona as vagas em CMEI para crian\u00e7as de 2 anos de idade.\r\nSe h\u00e1 alguma lista de espera, se tem vaga ou n\u00e3o. Como solicitar a mesma...\r\n\r\nDesde j\u00e1, grata.", 
            "kind": "daovida", 
            "modification_date": "2021-12-02T15:42:33-02:00", 
            "responses": [
                {
                    "creator": "claudiag", 
                    "date": "2021-12-02T15:42:18.580046", 
                    "id": 1, 
                    "review_state": "Pending", 
                    "text": "Boa tarde Luciana!\r\n\r\nExiste uma lista de espera para as creches do munic\u00edpio que fica a disposi\u00e7\u00e3o no site da prefeitura atrav\u00e9s do seguinte link: https://castro.atende.net/cidadao/pagina/educacao-infantil.\r\n\r\nA lista \u00e9 responsabilidade da Secretaria Municipal de Educa\u00e7\u00e3o, orientamos que entre em contato direto com eles para verificar como funciona. O telefone da secretaria \u00e9: (42) 2122-5400.\r\n\r\n\r\nObrigada por entrar em contato com a C\u00e2mara Municipal de Castro."
                }
            ], 
            "review_state": "resolved", 
            "rg": "mg16774163", 
            "title": "VAGA CMEI CRIAN\u00c7A 2 ANOS", 
            "uri": "https://www.castro.pr.leg.br/ouvidoria/20211201162326"
        }, 
        {
            "area": "ouvidoria", 
            "captcha": "", 
            "cpf": "09580745935", 
            "creation_date": "2024-08-18T21:01:24-03:00", 
            "description": "Sou moradora pr\u00f3ximo ao parque lacustre e tem sido cada vez mais dif\u00edcil os finais de semana devido \u00e0 som alto, badernas, buzina\u00e7o fora o lixo que amanhecem \u00e0s segundas feiras. Entendo que o parque foi feito com intuito de reunirem fam\u00edlias, crian\u00e7as e gerar entretenimento, por\u00e9m tem virado local para bebedeiras e som alto durante os finais de semana com motos acelerando, carros com som alto, etc. A guarda passa algumas vezes pelo local, os respons\u00e1veis abaixam o som, e assim que a guarda se afasta voltam como estavam. Agrade\u00e7o se puderem tomar provid\u00eancias, nossa cidade \u00e9 de gente de bem, n\u00e3o de baderneiros.", 
            "kind": "reclamaassapso", 
            "modification_date": "2024-08-20T14:30:06-03:00", 
            "responses": [
                {
                    "creator": "imprensa@castro.pr.leg.br", 
                    "date": "2024-08-20T14:29:48.747623", 
                    "id": 1, 
                    "review_state": "Accepted", 
                    "text": "Ol\u00e1, tudo bem?\r\n\r\nRecentemente, recebemos uma den\u00fancia que foi encaminhada ao Secret\u00e1rio de Seguran\u00e7a P\u00fablica por meio de um of\u00edcio elaborado por um vereador.\r\nNa semana passada, foi realizada uma reuni\u00e3o com o Minist\u00e9rio P\u00fablico, a C\u00e2mara Municipal e a Prefeitura para discutir o tema em quest\u00e3o, durante a qual foram apresentadas as den\u00fancias recebidas pela Ouvidoria.\r\n\r\nDado que o problema persiste, solicitamos que a den\u00fancia seja registrada no site da Prefeitura Municipal de Castro, acess\u00edvel em https://castro.atende.net/cidadao/pagina/ouvidoria-geral, ou pelo telefone (42) 2122-5199.\r\n\r\nAgradecemos pelo seu contato com a C\u00e2mara Municipal de Castro.\r\n"
                }
            ], 
            "review_state": "resolved", 
            "rg": "133081526", 
            "title": "Som alto e bagun\u00e7a no parque lacustre", 
            "uri": "https://www.castro.pr.leg.br/ouvidoria/20240818210124"
        }, 
        {
            "area": "ouvidoria", 
            "captcha": "", 
            "cpf": "05816499661", 
            "creation_date": "2023-03-16T14:25:36-03:00", 
            "description": "Estou morando a um ano no bairro Novo Horizonte, e at\u00e9 o momento n\u00e3o foi sinalizado,com placas etc ...,\r\nEst\u00e1 muito perigoso com risco de acidentes.", 
            "kind": "solicitaassapso", 
            "modification_date": "2023-03-21T14:24:36-03:00", 
            "responses": [
                {
                    "creator": "imprensa@castro.pr.leg.br", 
                    "date": "2023-03-21T14:24:21.058463", 
                    "id": 1, 
                    "review_state": "Pending", 
                    "text": "Boa tarde J\u00falio tudo bem?\r\n\r\nNa \u00faltima sess\u00e3o na C\u00e2mara, esse assunto j\u00e1 foi pauta. Os vereadores aprovaram o requerimento 77/2023 para solicitar a fiscaliza\u00e7\u00e3o da Prefeitura nas ruas do bairo Novo Horizontes, devido a falta de sinaliza\u00e7\u00e3o nas mesmas.\r\n\r\nVoc\u00ea pode saber mais sobre o requerimento atrav\u00e9s do link, aqui no nosso site, https://www.castro.pr.leg.br/proposicoes/requerimentos\r\n\r\n\r\nAgradecemos o seu contato com a C\u00e2mara Municipal de Castro."
                }
            ], 
            "review_state": "resolved", 
            "rg": "568414810", 
            "title": "Sinaliza\u00e7\u00e3o bairro Novo Horizonte", 
            "uri": "https://www.castro.pr.leg.br/ouvidoria/20230316142536"
        }, 
        {
            "area": "ouvidoria", 
            "captcha": "", 
            "cpf": "05512898990", 
            "creation_date": "2023-03-16T14:28:55-03:00", 
            "description": "Tampa do boeiro de frente minha casa est\u00e1 quebrada", 
            "kind": "solicitaassapso", 
            "modification_date": "2023-03-21T14:58:39-03:00", 
            "responses": [
                {
                    "creator": "imprensa@castro.pr.leg.br", 
                    "date": "2023-03-21T14:15:04.043528", 
                    "id": 1, 
                    "review_state": "Accepted", 
                    "text": "Ol\u00e1 K\u00e1tia tudo bem? \r\n\r\nReferente a sua solicita\u00e7\u00e3o, se o buiero for \"boca de lobo\", de \u00e1guas pluviais \u00e9 responsabilidade da Prefeitura, voc\u00ea pode fazer uma reclama\u00e7\u00e3o formal na Ouvidoria pelo 0800-645-4041 ou pelo link https://castro.atende.net/cidadao/pagina/ouvidoria-geral\r\n\r\nSe o bueiro for aquele do meio da rua, \u00e9 de responsabilidade da Sanepar, voc\u00ea pode entrar em contato no 0800 200 0115 da Sanepar para que voc\u00ea possa realizar a reclama\u00e7\u00e3o formal com eles, al\u00e9m do link, https://ouvidoria.sanepar.com.br/sosInternet/\r\n\r\n\r\nAgradecemos o seu contato com a C\u00e2mara Municipal de Castro."
                }
            ], 
            "review_state": "resolved", 
            "rg": "91676477", 
            "title": "Tampa do boeiro", 
            "uri": "https://www.castro.pr.leg.br/ouvidoria/20230316142855"
        }, 
        {
            "area": "ouvidoria", 
            "captcha": "", 
            "cpf": "023.375.759-77", 
            "creation_date": "2023-03-16T14:29:27-03:00", 
            "description": "Necessitamos de sinaliza\u00e7\u00e3o no jardim novo horizonte pois t\u00e1 muito ruim transitar pelo bairro qualquer hora sa\u00ed um acidente por falta de sinaliza\u00e7\u00e3o", 
            "kind": "solicitaassapso", 
            "modification_date": "2023-03-21T14:17:04-03:00", 
            "responses": [
                {
                    "creator": "imprensa@castro.pr.leg.br", 
                    "date": "2023-03-21T14:16:49.822906", 
                    "id": 1, 
                    "review_state": "Accepted", 
                    "text": "Boa tarde Marcia tudo bem? \r\n\r\nNa \u00faltima sess\u00e3o na C\u00e2mara, esse assunto j\u00e1 foi pauta. Os vereadores aprovaram o requerimento 77/2023 para solicitar a fiscaliza\u00e7\u00e3o da Prefeitura nas ruas do bairo Novo Horizontes, devido a falta de sinaliza\u00e7\u00e3o nas mesmas. \r\n\r\nVoc\u00ea pode saber mais sobre o requerimento atrav\u00e9s do link, aqui no nosso site, https://www.castro.pr.leg.br/proposicoes/requerimentos\r\n\r\n\r\nAgradecemos o seu contato com a C\u00e2mara Municipal de Castro."
                }
            ], 
            "review_state": "resolved", 
            "rg": "7.146.957 3", 
            "title": "Sinaliza\u00e7\u00e3o no jardim novo horizonte", 
            "uri": "https://www.castro.pr.leg.br/ouvidoria/20230316142927"
        }, 
        {
            "area": "ouvidoria", 
            "captcha": "", 
            "cpf": "023.375.759-77", 
            "creation_date": "2023-03-16T14:31:58-03:00", 
            "description": "Necessitamos de sinaliza\u00e7\u00e3o no jardim novo horizonte pois t\u00e1 muito ruim transitar pelo bairro qualquer hora sa\u00ed um acidente por falta de sinaliza\u00e7\u00e3o", 
            "kind": "solicitaassapso", 
            "modification_date": "2023-03-21T14:23:30-03:00", 
            "responses": [
                {
                    "creator": "imprensa@castro.pr.leg.br", 
                    "date": "2023-03-21T14:23:23.832541", 
                    "id": 1, 
                    "review_state": "Accepted", 
                    "text": "Boa tarde Marcia tudo bem?\r\n\r\nNa \u00faltima sess\u00e3o na C\u00e2mara, esse assunto j\u00e1 foi pauta. Os vereadores aprovaram o requerimento 77/2023 para solicitar a fiscaliza\u00e7\u00e3o da Prefeitura nas ruas do bairo Novo Horizontes, devido a falta de sinaliza\u00e7\u00e3o nas mesmas.\r\n\r\nVoc\u00ea pode saber mais sobre o requerimento atrav\u00e9s do link, aqui no nosso site, https://www.castro.pr.leg.br/proposicoes/requerimentos\r\n\r\n\r\nAgradecemos o seu contato com a C\u00e2mara Municipal de Castro."
                }
            ], 
            "review_state": "resolved", 
            "rg": "7.146.957 3", 
            "title": "Sinaliza\u00e7\u00e3o no jardim novo horizonte", 
            "uri": "https://www.castro.pr.leg.br/ouvidoria/20230316143158"
        }, 
        {
            "area": "ouvidoria", 
            "captcha": "", 
            "cpf": "06853652983", 
            "creation_date": "2023-03-16T14:32:22-03:00", 
            "description": "Boa tarde,\r\nPrecisamos de sinaliza\u00e7\u00e3o nas ruas do bairro pois o pessoal n\u00e3o sabe quem tem a prefer\u00eancia, n\u00e3o temos faixa de pedestre e placas de sinaliza\u00e7\u00e3o.\r\nGrato da compreens\u00e3o.\r\nAguardamos solu\u00e7\u00e3o por gentileza.", 
            "kind": "solicitaassapso", 
            "modification_date": "2023-03-21T14:22:17-03:00", 
            "responses": [
                {
                    "creator": "imprensa@castro.pr.leg.br", 
                    "date": "2023-03-21T14:21:59.790204", 
                    "id": 1, 
                    "review_state": "Pending", 
                    "text": "Boa tarde Jean tudo bem? \r\n\r\nNa \u00faltima sess\u00e3o na C\u00e2mara, esse assunto j\u00e1 foi pauta. Os vereadores aprovaram o requerimento 77/2023 para solicitar a fiscaliza\u00e7\u00e3o da Prefeitura nas ruas do bairo Novo Horizontes, devido a falta de sinaliza\u00e7\u00e3o nas mesmas. \r\n\r\nVoc\u00ea pode saber mais sobre o requerimento atrav\u00e9s do link, aqui no nosso site, https://www.castro.pr.leg.br/proposicoes/requerimentos\r\n\r\n\r\nAgradecemos o seu contato com a C\u00e2mara Municipal de Castro."
                }
            ], 
            "review_state": "resolved", 
            "rg": "10481146-9", 
            "title": "Sinaliza\u00e7\u00e3o - Jardim Novo Horizonte", 
            "uri": "https://www.castro.pr.leg.br/ouvidoria/20230316143222"
        }, 
        {
            "area": "ouvidoria", 
            "captcha": "", 
            "cpf": "800.345.929-03", 
            "creation_date": "2023-03-16T14:37:05-03:00", 
            "description": "Bom dia, \r\n-Faz um bom tempo que a sinaliza\u00e7\u00e3o foi pedido para nosso bairro Jardim Novo Horizonte pelos vereadores, mas n\u00e3o foi colocado em pr\u00e1tica.\r\nEst\u00e1 ficando cada vez mais perigoso com o aumento de moradores est\u00e3o cada vez mais cheias as ruas.\r\n-Precisamos tamb\u00e9m que alguns boeiros sejam tampados, perigoso uma crian\u00e7a cair neles.\r\n-O bairro est\u00e1 muito sujo com muito material de constru\u00e7\u00e3o nas ruas como pedrisco, areia, barro formando valetas.\r\n-Praticamente n\u00e3o tem mais cal\u00e7ada porque o mato est\u00e1 alto demais nos terrenos e por volta da cal\u00e7ada.\r\nObrigado pela aten\u00e7\u00e3o, esperemos que sejam resolvidos logo estes problemas.", 
            "kind": "solicitaassapso", 
            "modification_date": "2023-03-23T16:13:21-03:00", 
            "responses": [
                {
                    "creator": "imprensa@castro.pr.leg.br", 
                    "date": "2023-03-23T16:13:11.861832", 
                    "id": 1, 
                    "review_state": "Accepted", 
                    "text": "Boa tarde Demas tudo bem?\r\n\r\nNa \u00faltima sess\u00e3o na C\u00e2mara, esse assunto j\u00e1 foi pauta. Os vereadores aprovaram o requerimento 77/2023 para solicitar a fiscaliza\u00e7\u00e3o da Prefeitura nas ruas do bairo Novo Horizontes, devido \u00e0 falta de sinaliza\u00e7\u00e3o nas mesmas.\r\n\r\nVoc\u00ea pode saber mais sobre o requerimento atrav\u00e9s do link, aqui no nosso site, https://www.castro.pr.leg.br/proposicoes/requerimentos\r\nSe o bueiro for aquele do meio da rua, \u00e9 de responsabilidade da Sanepar, voc\u00ea pode entrar em contato no 0800 200 0115 para realizar a reclama\u00e7\u00e3o formal com eles, al\u00e9m do link, https://ouvidoria.sanepar.com.br/sosInternet/\r\n\r\nReferente \u00e0 sua solicita\u00e7\u00e3o dos bueiros, for \"boca de lobo\", de \u00e1guas pluviais \u00e9 responsabilidade da Prefeitura, voc\u00ea pode fazer uma reclama\u00e7\u00e3o formal na Ouvidoria pelo 0800-645-4041 ou pelo link https://castro.atende.net/cidadao/pagina/ouvidoria-geral nestes contatos voc\u00ea j\u00e1 pode apresentar as demais reclama\u00e7\u00f5es sobre o bairro, como entulho de material de constru\u00e7\u00e3o, mato nas cal\u00e7adas e nos terrenos. \r\n\r\nAgradecemos o seu contato com a C\u00e2mara Municipal de Castro."
                }
            ], 
            "review_state": "resolved", 
            "rg": "Tenho somente RNE", 
            "title": "Sinaliza\u00e7\u00e3o bairro Jd Novo Horizonte", 
            "uri": "https://www.castro.pr.leg.br/ouvidoria/20230316143705"
        }, 
        {
            "area": "ouvidoria", 
            "captcha": "", 
            "cpf": "054.023.269-67", 
            "creation_date": "2023-03-16T14:49:58-03:00", 
            "description": "Precisamos urgentemente de sinaliza\u00e7\u00e3o aqui no jardim novo horizonte", 
            "kind": "reclamaassapso", 
            "modification_date": "2023-03-21T14:18:32-03:00", 
            "responses": [
                {
                    "creator": "imprensa@castro.pr.leg.br", 
                    "date": "2023-03-21T14:18:24.835911", 
                    "id": 1, 
                    "review_state": "Accepted", 
                    "text": "Boa tarde Luciano tudo bem? \r\n\r\nNa \u00faltima sess\u00e3o na C\u00e2mara, esse assunto j\u00e1 foi pauta. Os vereadores aprovaram o requerimento 77/2023 para solicitar a fiscaliza\u00e7\u00e3o da Prefeitura nas ruas do bairo Novo Horizontes, devido a falta de sinaliza\u00e7\u00e3o nas mesmas. \r\n\r\nVoc\u00ea pode saber mais sobre o requerimento atrav\u00e9s do link, aqui no nosso site, https://www.castro.pr.leg.br/proposicoes/requerimentos\r\n\r\n\r\nAgradecemos o seu contato com a C\u00e2mara Municipal de Castro."
                }
            ], 
            "review_state": "resolved", 
            "rg": "97458197", 
            "title": "Sinaliza\u00e7\u00e3o no jardim novo horizonte", 
            "uri": "https://www.castro.pr.leg.br/ouvidoria/20230316144958"
        }, 
        {
            "area": "ouvidoria", 
            "captcha": "", 
            "cpf": "153.454.878-55", 
            "creation_date": "2023-03-22T15:32:54-03:00", 
            "description": "Boa segunda feira pela manh\u00e3 eu estava fazendo transporte escolar com o micro uniu-se quando cheguei na rotat\u00f3ria do col\u00e9gio estadual Amanda o pessoal da g,Brasil estava fazendo a rosada da grama da rotat\u00f3ria por\u00e9m vou uma pedra que veio colidir com uns do vidro traseiro do micro e veio a quebrar por\u00e9m a empresa presta este tipo de cerviso sem nem um IPI para evitar que o mesmo ocorra gra\u00e7as a Deus a pedra n\u00e3o passou para dentro atingindo alguma crian\u00e7a,procurei por duas vezes o parque de m\u00e1quinas um rapaz ligou para empresa eles falaram que me procuraria para fazer o reparo por\u00e9m at\u00e9 a data de hoje nenhum contato pesso que a ouvidoria procure a empresa para sanar o meu pobrema e tamb\u00e9m seja atuar\u00e1 por falta de IPI pois se est\u00e1 mesma pedra pega-se no olho de uma crian\u00e7a teria furado peso provid\u00eancia por favor.", 
            "kind": "denaoncia", 
            "modification_date": "2023-03-27T13:31:56-03:00", 
            "responses": [
                {
                    "creator": "imprensa@castro.pr.leg.br", 
                    "date": "2023-03-27T13:31:49.631943", 
                    "id": 1, 
                    "review_state": "Accepted", 
                    "text": "Ol\u00e1 Jos\u00e9,\r\n\r\nVoc\u00ea pode abrir um processo administrativo na Prefeitura Municipal de Castro e apresentar tr\u00eas (3) or\u00e7amentos de empresas diferente do reparo do seu automov\u00e9l. Eles v\u00e3o avaliar o seu caso e se for aprovado v\u00e3o te indenizar.\r\n\r\nSobre a reclama\u00e7\u00e3o referente a empresa tercerizada que n\u00e3o utilizar os IPI necess\u00e1rios para o trabalho que realiza. Voc\u00ea pode fazer a sua den\u00fancio na Prefeitura pelo 0800-645-4041 ou pelo link https://castro.atende.net/cidadao/pagina/ouvidoria-geral.\r\n\r\n\r\nAgradecemos o seu contato com a C\u00e2mara Municipal de Castro."
                }
            ], 
            "review_state": "resolved", 
            "rg": "22.240.0002_x", 
            "title": "Quebra de vidro de \u00f4nibus por empresa contratada pela prefeitura municipal", 
            "uri": "https://www.castro.pr.leg.br/ouvidoria/20230322153254"
        }, 
        {
            "area": "ouvidoria", 
            "captcha": "", 
            "cpf": "153.454.878-55", 
            "creation_date": "2023-03-22T15:41:40-03:00", 
            "description": "Terreno com muito lixo na rua Lauro Bueno \u00faltima casa lado direito e com grande convidado de pernilongos.", 
            "kind": "denaoncia", 
            "modification_date": "2023-03-27T13:11:37-03:00", 
            "responses": [
                {
                    "creator": "imprensa@castro.pr.leg.br", 
                    "date": "2023-03-27T13:11:29.688794", 
                    "id": 1, 
                    "review_state": "Accepted", 
                    "text": "Ol\u00e1 F\u00e1bio, \r\n\r\nVoc\u00ea pode fazer uma reclama\u00e7\u00e3o diretamente na Prefeitura, Ouvidoria pelo 0800-645-4041 ou pelo link https://castro.atende.net/cidadao/pagina/ouvidoria-geral.\r\nO setor de fiscaliza\u00e7\u00e3o ira avaliar a sua solicita\u00e7\u00e3o e o local onde voc\u00ea colocou depois disso ele ir\u00e3o notificar o propriet\u00e1rio do terreno cadastrado na prefeitura e depois que o propriet\u00e1rio receber essa notifica\u00e7\u00e3o ele ter\u00e1 30 dias para realizar a limpeza do terreno. \r\n\r\nCaso isso n\u00e3o aconte\u00e7a ou a prefeitura n\u00e3o consiga localizar o propriet\u00e1rio, ela ira fazer a limpeza do local e o propriet\u00e1rio vai recebe a multa, mais o valor do servi\u00e7o.\r\n\r\nAgradecemos o seu contato com a C\u00e2mara Municipal de Castro."
                }
            ], 
            "review_state": "resolved", 
            "rg": "22.240.0002_x", 
            "title": "Limpeza de terreno evadido com muito lixo", 
            "uri": "https://www.castro.pr.leg.br/ouvidoria/20230322154140"
        }, 
        {
            "area": "ouvidoria", 
            "captcha": "", 
            "cpf": "08772352957", 
            "creation_date": "2024-06-20T10:35:06-03:00", 
            "description": "Gostaria de pedir encarecidamente, mais uma vez, a implanta\u00e7\u00e3o de lombadas, na rua J\u00falio Carneiro Gomes, no Jardim Novo Horizonte.\r\nPor ser uma das ruas de principal acesso \u00e0 outros bairros da cidade e tamb\u00e9m por ser a passagem de \u00f4nibus de empresas que transportam funcion\u00e1rios das principais industrias da cidade, o fluxo se torna alto e alguns motoristas de carro, moto, entre outros, acabam transitando em alta velocidade, colocando em risco crian\u00e7as e transeuntes. \r\n\u00c9 um bairro com grande movimento e com v\u00e1rios moradores. \r\nJ\u00e1 foi realizado um ou mais pedidos sobre o assunto, h\u00e1 pelo menos 2 anos.\r\n\r\nAgrade\u00e7o a compreens\u00e3o.", 
            "kind": "solicitaassapso", 
            "modification_date": "2024-06-20T14:01:00-03:00", 
            "responses": [
                {
                    "creator": "imprensa@castro.pr.leg.br", 
                    "date": "2024-06-20T14:00:52.957904", 
                    "id": 1, 
                    "review_state": "Accepted", 
                    "text": "Boa tarde,\r\n\r\nSobre a sua solicita\u00e7\u00e3o, j\u00e1 foi apresentado e aprovado em sess\u00e3o atrav\u00e9s de uma indica\u00e7\u00e3o. Segue o link onde pode ver o pedido na integra, junto com a resposta do setor respons\u00e1vel.\r\n\r\nhttps://sapl.castro.pr.leg.br/media/sapl/public/materialegislativa/2024/8046/indicacao_65-2024.pdf\r\n\r\nhttps://sapl.castro.pr.leg.br/media/sapl/public/documentoacessorio/2024/9104/oficio_030__camara__requerimento_140-24_indicacao_-60-59-65_-vers_joel_f_e_jovenil.pdf\r\n\r\nObrigado por entrar em contato com a C\u00e2mara Municipal de Castro.\r\n"
                }
            ], 
            "review_state": "resolved", 
            "rg": "99911611", 
            "title": "SINALIZA\u00c7\u00c3O E LOMBADA - JD. NOVO HORIZONTE", 
            "uri": "https://www.castro.pr.leg.br/ouvidoria/20240620103506"
        }, 
        {
            "area": "ouvidoria", 
            "captcha": "", 
            "cpf": "04231924937", 
            "creation_date": "2024-06-20T10:36:26-03:00", 
            "description": "Moradores do jardim Novo Horizonte, precisam que a rota do \u00f4nibus circular, se estenda at\u00e9 nosso bairro, pois s\u00e3o muitos dependentes desse servi\u00e7o, onde o ponto mais pr\u00f3ximo fica apenas na vila Ros\u00e1rio.", 
            "kind": "solicitaassapso", 
            "modification_date": "2024-06-20T14:02:29-03:00", 
            "responses": [
                {
                    "creator": "imprensa@castro.pr.leg.br", 
                    "date": "2024-06-20T14:02:24.079009", 
                    "id": 1, 
                    "review_state": "Accepted", 
                    "text": "Boa tarde, \r\n\r\nSobre a sua solicita\u00e7\u00e3o j\u00e1 apresentado requerimentos pedindo a extens\u00e3o da linha de \u00f4nibus no bairro. Segue o link para que possa acompanhar os pedidos e respostas do setor respons\u00e1vel do Executivo Municipal.\r\n\r\nhttps://sapl.castro.pr.leg.br/media/sapl/public/materialegislativa/2024/7844/requerimento_33-2024.pdf\r\n\r\nhttps://sapl.castro.pr.leg.br/media/sapl/public/documentoacessorio/2024/9019/oficio_no_101-2024-_camara_-administracao.pdf\r\n\r\nhttps://sapl.castro.pr.leg.br/media/sapl/public/documentoacessorio/2024/9020/memorando_017_requerimento_camara_33_-_linha_novo_horizonte.pdf\r\n\r\n\r\nhttps://sapl.castro.pr.leg.br/media/sapl/public/materialegislativa/2023/7183/requerimento_137-2023.pdf\r\n\r\nhttps://sapl.castro.pr.leg.br/media/sapl/public/documentoacessorio/2023/8366/of_304_resp_req_137_ver_flugel.pdf\r\n\r\n\r\nObrigado por entrar em contato com a C\u00e2mara Municipal de Castro.\r\n"
                }
            ], 
            "review_state": "resolved", 
            "rg": "82662316", 
            "title": "Linha de \u00f4nibus circular", 
            "uri": "https://www.castro.pr.leg.br/ouvidoria/20240620103626"
        }, 
        {
            "area": "ouvidoria", 
            "captcha": "", 
            "cpf": "023.375.759-77", 
            "creation_date": "2024-06-20T10:49:05-03:00", 
            "description": "Estamos precisando que o \u00f4nibus circular venha at\u00e9 nosso bairro Jardim novo horizonte", 
            "kind": "solicitaassapso", 
            "modification_date": "2024-06-20T14:02:42-03:00", 
            "responses": [
                {
                    "creator": "imprensa@castro.pr.leg.br", 
                    "date": "2024-06-20T14:02:36.804351", 
                    "id": 1, 
                    "review_state": "Accepted", 
                    "text": "Boa tarde, \r\n\r\nSobre a sua solicita\u00e7\u00e3o j\u00e1 apresentado requerimentos pedindo a extens\u00e3o da linha de \u00f4nibus no bairro. Segue o link para que possa acompanhar os pedidos e respostas do setor respons\u00e1vel do Executivo Municipal.\r\n\r\nhttps://sapl.castro.pr.leg.br/media/sapl/public/materialegislativa/2024/7844/requerimento_33-2024.pdf\r\n\r\nhttps://sapl.castro.pr.leg.br/media/sapl/public/documentoacessorio/2024/9019/oficio_no_101-2024-_camara_-administracao.pdf\r\n\r\nhttps://sapl.castro.pr.leg.br/media/sapl/public/documentoacessorio/2024/9020/memorando_017_requerimento_camara_33_-_linha_novo_horizonte.pdf\r\n\r\n\r\nhttps://sapl.castro.pr.leg.br/media/sapl/public/materialegislativa/2023/7183/requerimento_137-2023.pdf\r\n\r\nhttps://sapl.castro.pr.leg.br/media/sapl/public/documentoacessorio/2023/8366/of_304_resp_req_137_ver_flugel.pdf\r\n\r\n\r\nObrigado por entrar em contato com a C\u00e2mara Municipal de Castro."
                }
            ], 
            "review_state": "resolved", 
            "rg": "7.146.957 3", 
            "title": "Colocar \u00f4nibus circular no jardim novo horizonte", 
            "uri": "https://www.castro.pr.leg.br/ouvidoria/20240620104905"
        }, 
        {
            "area": "ouvidoria", 
            "captcha": "", 
            "cpf": "08756824998", 
            "creation_date": "2024-06-20T10:54:31-03:00", 
            "description": "Bom Dia, pe\u00e7o solicita\u00e7\u00e3o de \u00f4nibus circular no novo horizonte!", 
            "kind": "solicitaassapso", 
            "modification_date": "2024-06-20T14:02:59-03:00", 
            "responses": [
                {
                    "creator": "imprensa@castro.pr.leg.br", 
                    "date": "2024-06-20T14:02:53.638629", 
                    "id": 1, 
                    "review_state": "Accepted", 
                    "text": "Boa tarde, \r\n\r\nSobre a sua solicita\u00e7\u00e3o j\u00e1 apresentado requerimentos pedindo a extens\u00e3o da linha de \u00f4nibus no bairro. Segue o link para que possa acompanhar os pedidos e respostas do setor respons\u00e1vel do Executivo Municipal.\r\n\r\nhttps://sapl.castro.pr.leg.br/media/sapl/public/materialegislativa/2024/7844/requerimento_33-2024.pdf\r\n\r\nhttps://sapl.castro.pr.leg.br/media/sapl/public/documentoacessorio/2024/9019/oficio_no_101-2024-_camara_-administracao.pdf\r\n\r\nhttps://sapl.castro.pr.leg.br/media/sapl/public/documentoacessorio/2024/9020/memorando_017_requerimento_camara_33_-_linha_novo_horizonte.pdf\r\n\r\n\r\nhttps://sapl.castro.pr.leg.br/media/sapl/public/materialegislativa/2023/7183/requerimento_137-2023.pdf\r\n\r\nhttps://sapl.castro.pr.leg.br/media/sapl/public/documentoacessorio/2023/8366/of_304_resp_req_137_ver_flugel.pdf\r\n\r\n\r\nObrigado por entrar em contato com a C\u00e2mara Municipal de Castro."
                }
            ], 
            "review_state": "resolved", 
            "rg": "135701670", 
            "title": "Solicita\u00e7\u00e3o de \u00f4nibus circular", 
            "uri": "https://www.castro.pr.leg.br/ouvidoria/20240620105431"
        }, 
        {
            "area": "ouvidoria", 
            "captcha": "", 
            "cpf": "121.074.839-81", 
            "creation_date": "2024-06-20T10:56:57-03:00", 
            "description": "A popula\u00e7\u00e3o precisa de \u00f4nibus URGENTEMENTE no Novo Horizonte! Pois \u00e9 longe o \u00f4nibus que passa na Vila Ros\u00e1rio. \r\nTodos est\u00e3o reclamando e pedindo... \u00c9 algo que faz muita falta pra todos n\u00f3s! Pois muitos trabalham e \u00f4nibus pra pegar \u00e9 longe demais!\r\nPor favor ou\u00e7am nosso pedido!", 
            "kind": "solicitaassapso", 
            "modification_date": "2024-06-20T14:03:23-03:00", 
            "responses": [
                {
                    "creator": "imprensa@castro.pr.leg.br", 
                    "date": "2024-06-20T14:03:10.762302", 
                    "id": 1, 
                    "review_state": "Accepted", 
                    "text": "Boa tarde, \r\n\r\nSobre a sua solicita\u00e7\u00e3o j\u00e1 apresentado requerimentos pedindo a extens\u00e3o da linha de \u00f4nibus no bairro. Segue o link para que possa acompanhar os pedidos e respostas do setor respons\u00e1vel do Executivo Municipal.\r\n\r\nhttps://sapl.castro.pr.leg.br/media/sapl/public/materialegislativa/2024/7844/requerimento_33-2024.pdf\r\n\r\nhttps://sapl.castro.pr.leg.br/media/sapl/public/documentoacessorio/2024/9019/oficio_no_101-2024-_camara_-administracao.pdf\r\n\r\nhttps://sapl.castro.pr.leg.br/media/sapl/public/documentoacessorio/2024/9020/memorando_017_requerimento_camara_33_-_linha_novo_horizonte.pdf\r\n\r\n\r\nhttps://sapl.castro.pr.leg.br/media/sapl/public/materialegislativa/2023/7183/requerimento_137-2023.pdf\r\n\r\nhttps://sapl.castro.pr.leg.br/media/sapl/public/documentoacessorio/2023/8366/of_304_resp_req_137_ver_flugel.pdf\r\n\r\n\r\nObrigado por entrar em contato com a C\u00e2mara Municipal de Castro."
                }
            ], 
            "review_state": "resolved", 
            "rg": "14 065 333 0", 
            "title": "Gostaria de Pedir \u00f4nibus na Novo Horizonte", 
            "uri": "https://www.castro.pr.leg.br/ouvidoria/20240620105657"
        }, 
        {
            "area": "ouvidoria", 
            "captcha": "", 
            "cpf": "05402326967", 
            "creation_date": "2024-06-20T11:09:08-03:00", 
            "description": "Pedimos para colocar o \u00f4nibus circular no nosso bairro jardim novo horizonte", 
            "kind": "solicitaassapso", 
            "modification_date": "2024-06-20T14:03:54-03:00", 
            "responses": [
                {
                    "creator": "imprensa@castro.pr.leg.br", 
                    "date": "2024-06-20T14:03:48.724374", 
                    "id": 1, 
                    "review_state": "Accepted", 
                    "text": "Boa tarde, \r\n\r\nSobre a sua solicita\u00e7\u00e3o j\u00e1 apresentado requerimentos pedindo a extens\u00e3o da linha de \u00f4nibus no bairro. Segue o link para que possa acompanhar os pedidos e respostas do setor respons\u00e1vel do Executivo Municipal.\r\n\r\nhttps://sapl.castro.pr.leg.br/media/sapl/public/materialegislativa/2024/7844/requerimento_33-2024.pdf\r\n\r\nhttps://sapl.castro.pr.leg.br/media/sapl/public/documentoacessorio/2024/9019/oficio_no_101-2024-_camara_-administracao.pdf\r\n\r\nhttps://sapl.castro.pr.leg.br/media/sapl/public/documentoacessorio/2024/9020/memorando_017_requerimento_camara_33_-_linha_novo_horizonte.pdf\r\n\r\n\r\nhttps://sapl.castro.pr.leg.br/media/sapl/public/materialegislativa/2023/7183/requerimento_137-2023.pdf\r\n\r\nhttps://sapl.castro.pr.leg.br/media/sapl/public/documentoacessorio/2023/8366/of_304_resp_req_137_ver_flugel.pdf\r\n\r\n\r\nObrigado por entrar em contato com a C\u00e2mara Municipal de Castro."
                }
            ], 
            "review_state": "resolved", 
            "rg": "97458197", 
            "title": "\u00d4nibus circular", 
            "uri": "https://www.castro.pr.leg.br/ouvidoria/20240620110908"
        }, 
        {
            "area": "ouvidoria", 
            "captcha": "", 
            "cpf": "03380844950", 
            "creation_date": "2024-06-20T11:09:27-03:00", 
            "description": "Bom dia\r\nHoje temos muitos moradores do bairro jardim novo horizonte que trabalha e precisa do trasporte p\u00fablico, e temos muita dificuldade de est\u00e1 deslocando de um bairro para outro principalmente dias de chuva, sem conta o risco de assalto a noite quando sai do servi\u00e7o tarde \r\nPrecisamos muito do \u00f4nibus no bairro.", 
            "kind": "solicitaassapso", 
            "modification_date": "2024-06-20T14:04:22-03:00", 
            "responses": [
                {
                    "creator": "imprensa@castro.pr.leg.br", 
                    "date": "2024-06-20T14:04:15.886640", 
                    "id": 1, 
                    "review_state": "Accepted", 
                    "text": "Boa tarde, \r\n\r\nSobre a sua solicita\u00e7\u00e3o j\u00e1 apresentado requerimentos pedindo a extens\u00e3o da linha de \u00f4nibus no bairro. Segue o link para que possa acompanhar os pedidos e respostas do setor respons\u00e1vel do Executivo Municipal.\r\n\r\nhttps://sapl.castro.pr.leg.br/media/sapl/public/materialegislativa/2024/7844/requerimento_33-2024.pdf\r\n\r\nhttps://sapl.castro.pr.leg.br/media/sapl/public/documentoacessorio/2024/9019/oficio_no_101-2024-_camara_-administracao.pdf\r\n\r\nhttps://sapl.castro.pr.leg.br/media/sapl/public/documentoacessorio/2024/9020/memorando_017_requerimento_camara_33_-_linha_novo_horizonte.pdf\r\n\r\n\r\nhttps://sapl.castro.pr.leg.br/media/sapl/public/materialegislativa/2023/7183/requerimento_137-2023.pdf\r\n\r\nhttps://sapl.castro.pr.leg.br/media/sapl/public/documentoacessorio/2023/8366/of_304_resp_req_137_ver_flugel.pdf\r\n\r\n\r\nObrigado por entrar em contato com a C\u00e2mara Municipal de Castro."
                }
            ], 
            "review_state": "resolved", 
            "rg": "71645207", 
            "title": "Precisamos de \u00f4nibus para o jardim novo horizonte", 
            "uri": "https://www.castro.pr.leg.br/ouvidoria/20240620110927"
        }, 
        {
            "area": "ouvidoria", 
            "captcha": "", 
            "cpf": "06724521971", 
            "creation_date": "2024-06-20T11:21:22-03:00", 
            "description": "Prezados respons\u00e1veis pelo transporte p\u00fablico,\r\n\r\nComo moradora do Jardim Novo Horizonte, venho por meio desta solicitar a implementa\u00e7\u00e3o de uma linha de \u00f4nibus que atenda nosso bairro diretamente. Atualmente, somos centenas de moradores que dependem do transporte p\u00fablico para nos deslocarmos pela cidade. A linha de \u00f4nibus mais pr\u00f3xima de nosso bairro (Vila Ros\u00e1rio) est\u00e1 situada a uma dist\u00e2ncia consider\u00e1vel, o que obriga os moradores do Novo Horizonte a se dirigirem at\u00e9 o bairro vizinho para acessar o transporte coletivo.\r\n\r\nEm nome de todos os residentes, solicito que nosso bairro seja inclu\u00eddo na rota de \u00f4nibus, com a implementa\u00e7\u00e3o de uma parada pelo menos na rua principal do Jardim Novo Horizonte. Esta medida proporcionaria maior comodidade e acessibilidade aos moradores que dependem diariamente do servi\u00e7o de transporte p\u00fablico.\r\n\r\nAgrade\u00e7o antecipadamente pela aten\u00e7\u00e3o dispensada a esta solicita\u00e7\u00e3o.\r\n\r\nAtenciosamente,\r\n\r\nAndrielly Siau de Rooij", 
            "kind": "solicitaassapso", 
            "modification_date": "2024-06-20T14:04:38-03:00", 
            "responses": [
                {
                    "creator": "imprensa@castro.pr.leg.br", 
                    "date": "2024-06-20T14:04:32.165763", 
                    "id": 1, 
                    "review_state": "Accepted", 
                    "text": "Boa tarde, \r\n\r\nSobre a sua solicita\u00e7\u00e3o j\u00e1 apresentado requerimentos pedindo a extens\u00e3o da linha de \u00f4nibus no bairro. Segue o link para que possa acompanhar os pedidos e respostas do setor respons\u00e1vel do Executivo Municipal.\r\n\r\nhttps://sapl.castro.pr.leg.br/media/sapl/public/materialegislativa/2024/7844/requerimento_33-2024.pdf\r\n\r\nhttps://sapl.castro.pr.leg.br/media/sapl/public/documentoacessorio/2024/9019/oficio_no_101-2024-_camara_-administracao.pdf\r\n\r\nhttps://sapl.castro.pr.leg.br/media/sapl/public/documentoacessorio/2024/9020/memorando_017_requerimento_camara_33_-_linha_novo_horizonte.pdf\r\n\r\n\r\nhttps://sapl.castro.pr.leg.br/media/sapl/public/materialegislativa/2023/7183/requerimento_137-2023.pdf\r\n\r\nhttps://sapl.castro.pr.leg.br/media/sapl/public/documentoacessorio/2023/8366/of_304_resp_req_137_ver_flugel.pdf\r\n\r\n\r\nObrigado por entrar em contato com a C\u00e2mara Municipal de Castro."
                }
            ], 
            "review_state": "resolved", 
            "rg": "96668554", 
            "title": "Transporte p\u00fablico", 
            "uri": "https://www.castro.pr.leg.br/ouvidoria/20240620112122"
        }, 
        {
            "area": "ouvidoria", 
            "captcha": "", 
            "cpf": "800.345.929-03", 
            "creation_date": "2024-06-20T11:22:45-03:00", 
            "description": "Bom dia,\r\nPrecisamos que a linha de \u00f4nibus seja estendida at\u00e9 nosso bairro, pois temos muitos moradores j\u00e1 e o ponto de \u00f4nibus mais perto fica a 500 metros, tendo que subir uma subida bem \u00edngreme. (35 metros de eleva\u00e7\u00e3o). \r\nGrato desde j\u00e1", 
            "kind": "solicitaassapso", 
            "modification_date": "2024-06-20T14:04:52-03:00", 
            "responses": [
                {
                    "creator": "imprensa@castro.pr.leg.br", 
                    "date": "2024-06-20T14:04:46.259986", 
                    "id": 1, 
                    "review_state": "Accepted", 
                    "text": "Boa tarde, \r\n\r\nSobre a sua solicita\u00e7\u00e3o j\u00e1 apresentado requerimentos pedindo a extens\u00e3o da linha de \u00f4nibus no bairro. Segue o link para que possa acompanhar os pedidos e respostas do setor respons\u00e1vel do Executivo Municipal.\r\n\r\nhttps://sapl.castro.pr.leg.br/media/sapl/public/materialegislativa/2024/7844/requerimento_33-2024.pdf\r\n\r\nhttps://sapl.castro.pr.leg.br/media/sapl/public/documentoacessorio/2024/9019/oficio_no_101-2024-_camara_-administracao.pdf\r\n\r\nhttps://sapl.castro.pr.leg.br/media/sapl/public/documentoacessorio/2024/9020/memorando_017_requerimento_camara_33_-_linha_novo_horizonte.pdf\r\n\r\n\r\nhttps://sapl.castro.pr.leg.br/media/sapl/public/materialegislativa/2023/7183/requerimento_137-2023.pdf\r\n\r\nhttps://sapl.castro.pr.leg.br/media/sapl/public/documentoacessorio/2023/8366/of_304_resp_req_137_ver_flugel.pdf\r\n\r\n\r\nObrigado por entrar em contato com a C\u00e2mara Municipal de Castro."
                }
            ], 
            "review_state": "resolved", 
            "rg": "G358052-L", 
            "title": "Extens\u00e3o de linha de onibus JD Novo Horizonte", 
            "uri": "https://www.castro.pr.leg.br/ouvidoria/20240620112245"
        }, 
        {
            "area": "ouvidoria", 
            "captcha": "", 
            "cpf": "10704733919", 
            "creation_date": "2024-06-20T11:59:47-03:00", 
            "description": "Precisamos de \u00f4nibus aqui no bairro pois quase todo mundo trabalha e dai fica dif\u00edcil subir at\u00e9 l\u00e1 em cima.\r\nE sem conta e tbm tem bastante idosos e mulheres com crian\u00e7a de colo", 
            "kind": "solicitaassapso", 
            "modification_date": "2024-06-20T14:05:07-03:00", 
            "responses": [
                {
                    "creator": "imprensa@castro.pr.leg.br", 
                    "date": "2024-06-20T14:05:02.304851", 
                    "id": 1, 
                    "review_state": "Accepted", 
                    "text": "Boa tarde, \r\n\r\nSobre a sua solicita\u00e7\u00e3o j\u00e1 apresentado requerimentos pedindo a extens\u00e3o da linha de \u00f4nibus no bairro. Segue o link para que possa acompanhar os pedidos e respostas do setor respons\u00e1vel do Executivo Municipal.\r\n\r\nhttps://sapl.castro.pr.leg.br/media/sapl/public/materialegislativa/2024/7844/requerimento_33-2024.pdf\r\n\r\nhttps://sapl.castro.pr.leg.br/media/sapl/public/documentoacessorio/2024/9019/oficio_no_101-2024-_camara_-administracao.pdf\r\n\r\nhttps://sapl.castro.pr.leg.br/media/sapl/public/documentoacessorio/2024/9020/memorando_017_requerimento_camara_33_-_linha_novo_horizonte.pdf\r\n\r\n\r\nhttps://sapl.castro.pr.leg.br/media/sapl/public/materialegislativa/2023/7183/requerimento_137-2023.pdf\r\n\r\nhttps://sapl.castro.pr.leg.br/media/sapl/public/documentoacessorio/2023/8366/of_304_resp_req_137_ver_flugel.pdf\r\n\r\n\r\nObrigado por entrar em contato com a C\u00e2mara Municipal de Castro."
                }
            ], 
            "review_state": "resolved", 
            "rg": "0000", 
            "title": "\u00d4nibus no bairro  novo horizonte", 
            "uri": "https://www.castro.pr.leg.br/ouvidoria/20240620115947"
        }, 
        {
            "area": "ouvidoria", 
            "captcha": "", 
            "cpf": "10957929978", 
            "creation_date": "2023-11-29T15:15:21-02:00", 
            "description": "Sou ex funcion\u00e1ria do hospital Moriah de Castro e venho por meio deste canal de ouvidoria denunciar o hospital, pois o mesmo n\u00e3o me paga janliguei v\u00e1rias vezes l\u00e1 perguntando eles me enrolam, eu tenho direito ao retroativo, tenho provas como documento e \u00e1udio dizendo que veio o valor em meu CPF e a institui\u00e7\u00e3o n\u00e3o me paga j\u00e1 passaram 2 meses e nada, gostaria que voc\u00eas fossem l\u00e1 e me ajudassem pq n\u00e3o \u00e9 s\u00f3 de mim que eles est\u00e3o roubando tem outros funcion\u00e1rios que deveriam receber e eles est\u00e3o quietos.", 
            "kind": "denaoncia", 
            "modification_date": "2024-01-03T15:30:34-02:00", 
            "responses": [
                {
                    "creator": "imprensa@castro.pr.leg.br", 
                    "date": "2024-01-03T15:30:24.691423", 
                    "id": 1, 
                    "review_state": "Accepted", 
                    "text": "Ol\u00e1 tudo bem?\r\n\r\nIndicamos que registre sua reclama\u00e7\u00e3o diretamente na ouvidoria da Secretaria Municipal de Sa\u00fade, atrav\u00e9s dos telefones: 2122-5219 ou 0800-645-4041 e atrav\u00e9s do site da Prefeitura Municipal -  https://castro.atende.net/[\u2026]/1\r\n\r\nN\u00e3o deixe de registrar, a sua reclama\u00e7\u00e3o \u00e9 muito importante para que os respons\u00e1veis possam entender o que acontece com a sa\u00fade de Castro.\r\n\r\nVoc\u00ea pode tamb\u00e9m enviar a sua den\u00fancia ao Minist\u00e9rio Publico atrav\u00e9s dos contatos ou do link abaixo.\r\nE-mail: ouvidoriamppr@mppr.mp.br \r\nTelefones: 127 (liga\u00e7\u00e3o gratuita) e (41) 3250-4029 \r\nhttps://mppr.sigo.pr.gov.br/cidadao/1\r\n\r\nAgradecemos o seu contato com a C\u00e2mara Municipal de Castro.\r\n"
                }
            ], 
            "review_state": "resolved", 
            "rg": "134367630", 
            "title": "Roubo da institui\u00e7\u00e3o Moriah Castro no pagamento do retroativo dos enfermeiros", 
            "uri": "https://www.castro.pr.leg.br/ouvidoria/20231129151521"
        }, 
        {
            "area": "ouvidoria", 
            "captcha": "", 
            "cpf": "01785137921", 
            "creation_date": "2023-12-21T17:11:21-02:00", 
            "description": "Gostaria de comunicar que \u00e9 a terceira vez que o caminh\u00e3o da coleta de lixo, n\u00e3o pega o meu lixo aqui no Bairro s\u00e3o Louren\u00e7o. Deixo na beira do asfalto. Pago 900.00 de coleta junto com IPTU do Socav\u00e3o e n\u00e3o utilizo esse servi\u00e7o l\u00e1.", 
            "kind": "reclamaassapso", 
            "modification_date": "2024-01-03T15:42:11-02:00", 
            "responses": [
                {
                    "creator": "imprensa@castro.pr.leg.br", 
                    "date": "2024-01-03T15:42:04.006565", 
                    "id": 1, 
                    "review_state": "Accepted", 
                    "text": "Ol\u00e1 tudo bem?\r\n\r\nIndicamos que registre sua reclama\u00e7\u00e3o diretamente no site da Prefeitura Municipal -  https://castro.atende.net/[\u2026]/1\r\nOu entre em contato no telefone 2122-5540, da Superintend\u00eancia de Meio Ambiente. Mas as atividades da secretaria s\u00f3 retornam depois do dia 21, pois a Prefeitura est\u00e1 de f\u00e9rias coletivas. Caso tenha interesse, segue o contato da empresa respos\u00e1vel pela Coleta de Lixo em Castro.\r\n\r\nInova Ambiental Transportes de Res\u00edduos\r\nEndere\u00e7o: R. Jos\u00e9 Ant\u00f4nio de Oliveira, 60 - Jardim das Araucarias, Castro - PR, 84174-620\r\nTelefone: (42) 3233-1450\r\n\r\nObrigada pelo seu contato com a C\u00e2mara Municipal de Castro."
                }
            ], 
            "review_state": "resolved", 
            "rg": "56803360", 
            "title": "Coleta de lixo", 
            "uri": "https://www.castro.pr.leg.br/ouvidoria/20231221171121"
        }, 
        {
            "area": "ouvidoria", 
            "captcha": "", 
            "cpf": "11342719999", 
            "creation_date": "2024-01-04T19:16:00-02:00", 
            "description": "Venho Aki pedir para vcs deixarem o doutor Rodrigo Cesar Matras Aki no posto da alvorada pq ele e um profissional excelente muito atencioso e educado \r\nSem falar de q e um \u00f3timo profissional eu sofro com ov\u00e1rios polic\u00edsticos a anos e nenhum m\u00e9dico sabia me tratar direito nunca adiantava \r\nPois o doutor Rodrigo me tratou bm certinho e agora posso v\u00ea os resultados por isso venho Aki pedir para \r\nDeixarem ele no posto da alvorada pq se ele sair daki vai fasser muita falta antes dele nois sofria muito com m\u00e9dicos q ficavam s\u00f3 dois tr\u00eas dias e nunca mais aparecia agora ele quer fika com nois por favor pesso\r\nQ deixem ele fika...", 
            "kind": "elogio", 
            "modification_date": "2024-01-05T14:07:32-02:00", 
            "responses": [
                {
                    "creator": "imprensa@castro.pr.leg.br", 
                    "date": "2024-01-05T14:07:22.475921", 
                    "id": 1, 
                    "review_state": "Accepted", 
                    "text": "Ol\u00e1 tudo bem?\r\n\r\nMuito obrigada pelo seu contato, ficamos muito felizes com esse tipo de mensagem. Pois mostra que temos profissionais que amam o seu trabalho e que atendem seus pacientes com excel\u00eancia, buscando o melhor para cada um e para a comunidade onde est\u00e1 inserido.\r\n\r\nIndicamos que registre seu elogio diretamente na ouvidoria da Secretaria Municipal de Sa\u00fade, atrav\u00e9s dos telefones: 2122-5219 ou 0800-645-4041 e atrav\u00e9s do site da Prefeitura Municipal - https://castro.atende.net/[\u2026]/1\r\n\r\nN\u00e3o deixe de registrar, o seu elogio a secretaria, pois \u00e9 muito importante para que os respons\u00e1veis possam entender o que acontece com a sa\u00fade de Castro e o trabalho que esta sendo realizado no seu postinho.\r\n"
                }
            ], 
            "review_state": "resolved", 
            "rg": "140535656", 
            "title": "Doutor Rodrigo Cesar Matras", 
            "uri": "https://www.castro.pr.leg.br/ouvidoria/20240104191600"
        }, 
        {
            "area": "ouvidoria", 
            "captcha": "", 
            "cpf": "09330214967", 
            "creation_date": "2023-06-28T11:03:21-03:00", 
            "description": "existe um caminh\u00e3o abandonado na rua teofilo condessa vilela, jardim arapongas pr\u00f3ximo a escola municipal dr jayr lopes castro paran\u00e1 , esta parado ao lado da casa em que o dono do caminh\u00e3o mora, ele est\u00e1 atrapalhando a visibilidade da rua causando acidentes, esta juntando roedores, baratas e muita sujeira, esse caminh\u00e3o est\u00e1 abandonado a mais de um ano, o dono tem outros caminh\u00f5es por isso nem liga se esta ali, essa semana um carro bateu em outro por falta de visibilidade o medo \u00e9 que um carro n\u00e3o veja uma crian\u00e7a vindo pois a rua \u00e9 estreita e acaba machucando pois \u00e9 passagem de crian\u00e7as ali pois a escola \u00e9 na mesma rua , ja foi feitas reclama\u00e7\u00f5es mas o dono n\u00e3o se importa ou fica bravo, dizendo ser amigo de um policial e que ele \u00e9 protegido pela lei", 
            "kind": "denaoncia", 
            "modification_date": "2023-06-28T14:10:21-03:00", 
            "responses": [
                {
                    "creator": "imprensa@castro.pr.leg.br", 
                    "date": "2023-06-28T14:10:12.798340", 
                    "id": 1, 
                    "review_state": "Accepted", 
                    "text": "Ol\u00e1 tudo bem?\r\n\r\nA den\u00fancia deve ser feita para a prefeitura, diretamente na secretaria respons\u00e1vel por este tipo de situa\u00e7\u00e3o.\r\n\r\nA Secretaria de Seguran\u00e7a P\u00fablica, atrav\u00e9s da OUVIDORIA do setor, a den\u00fancia pode ser feita pelos n\u00fameros (42) 2122-5199 ou (42) 99919-2085. \r\n\r\nObrigado por entrar em contato com a C\u00e2mara Municipal de Castro.\r\n"
                }
            ], 
            "review_state": "resolved", 
            "rg": "129736038", 
            "title": "ve\u00edculo abandonado atrapalhando via", 
            "uri": "https://www.castro.pr.leg.br/ouvidoria/20230628110321"
        }, 
        {
            "area": "ouvidoria", 
            "captcha": "", 
            "cpf": "11676342923", 
            "creation_date": "2023-12-15T12:32:47-02:00", 
            "description": "Eu Jo\u00e3o Eduardo, aluno do projeto de extens\u00e3o Projeto de Acesso \u00e0 Informa\u00e7\u00e3o da Universidade Estadual de Ponta Grossa, venho por meio desta carta expressar  nossa preocupa\u00e7\u00e3o com a falta de resposta \u00e0s perguntas encaminhadas \u00e0 Prefeitura  Municipal de Castro nos meses de Setembro e Outubro.", 
            "kind": "pedido-de-acesso-a-informaassapso", 
            "modification_date": "2024-01-03T15:33:44-02:00", 
            "responses": [
                {
                    "creator": "imprensa@castro.pr.leg.br", 
                    "date": "2024-01-03T15:33:25.880181", 
                    "id": 1, 
                    "review_state": "Pending", 
                    "text": "Ol\u00e1, tudo bem?\r\n\r\nIndicamos que registre sua reclama\u00e7\u00e3o diretamente no site da Prefeitura Municipal -  https://castro.atende.net/[\u2026]/1\r\n\r\nVoc\u00ea pode tamb\u00e9m enviar a sua reclama\u00e7\u00e3o/den\u00fancia ao Minist\u00e9rio Publico atrav\u00e9s dos contatos ou do link abaixo.\r\nE-mail: ouvidoriamppr@mppr.mp.br \r\nTelefones: 127 (liga\u00e7\u00e3o gratuita) e (41) 3250-4029 \r\nhttps://mppr.sigo.pr.gov.br/cidadao/1\r\n\r\nAgradecemos o seu contato com a C\u00e2mara Municipal de Castro.\r\n"
                }
            ], 
            "review_state": "resolved", 
            "rg": "143870731", 
            "title": "acesso a informa\u00e7\u00e3o", 
            "uri": "https://www.castro.pr.leg.br/ouvidoria/20231215123247"
        }, 
        {
            "area": "ouvidoria", 
            "captcha": "", 
            "cpf": "121.906.119-03", 
            "creation_date": "2024-01-18T14:35:07-02:00", 
            "description": "Eu sou familiar de uma paciente do Hospital Santa Casa de Miseric\u00f3rdia de Ponta Grossa PR,ela est\u00e1 internada desde o dia 13/01/2024 est\u00e1 gestante de 39 semanas hoje, est\u00e1 sentindo dores tem pedido de transfer\u00eancia com urg\u00eancia para leito com maternidade e UTI neonatal com especialista em cardiologia infantil, podendo entrar em trabalho de parto a qualquer momento e sendo necess\u00e1ria a realiza\u00e7\u00e3o de ces\u00e1rea com urg\u00eancia por conta do alto risco. Precisamos urgente de ajuda para agilizar esse processo, lembrando que os m\u00e9dicos j\u00e1 est\u00e3o fazendo atualiza\u00e7\u00e3o di\u00e1ria com urg\u00eancia e n\u00e3o tem sido efetivo\r\n\r\nAguardo resposta, obrigada", 
            "kind": "denaoncia", 
            "modification_date": "2024-01-29T17:34:19-02:00", 
            "responses": [
                {
                    "creator": "imprensa@castro.pr.leg.br", 
                    "date": "2024-01-29T17:34:07.254732", 
                    "id": 1, 
                    "review_state": "Accepted", 
                    "text": "Ol\u00e1 tudo bem?\r\n\r\nIndicamos que registre sua reclama\u00e7\u00e3o diretamente na ouvidoria da Secretaria Municipal de Sa\u00fade, atrav\u00e9s dos telefones: 2122-5219 ou 0800-645-4041 e atrav\u00e9s do site da Prefeitura Municipal - https://castro.atende.net/cidadao/pagina/ouvidoria-geral\r\n\r\nN\u00e3o deixe de registrar, a sua reclama\u00e7\u00e3o \u00e9 muito importante para que os respons\u00e1veis possam entender o que acontece com a sa\u00fade de Castro.\r\n\r\nVoc\u00ea pode tamb\u00e9m enviar a sua den\u00fancia ao Minist\u00e9rio Publico atrav\u00e9s dos contatos ou do link abaixo.\r\nE-mail: ouvidoriamppr@mppr.mp.br\r\nTelefones: 127 (liga\u00e7\u00e3o gratuita) e (41) 3250-4029\r\nhttps://mppr.sigo.pr.gov.br/cidadao/1\r\n\r\nAgradecemos o seu contato com a C\u00e2mara Municipal de Castro.\r\n"
                }
            ], 
            "review_state": "resolved", 
            "rg": "14.508.578-0", 
            "title": "Vaga para leito com maternidade e UTI neonatal", 
            "uri": "https://www.castro.pr.leg.br/ouvidoria/20240118143507"
        }, 
        {
            "area": "ouvidoria", 
            "captcha": "", 
            "cpf": "06635331980", 
            "creation_date": "2021-07-28T16:25:02-03:00", 
            "description": "Parabenizo pela organiza\u00e7\u00e3o do Concurso P\u00fablico realizado no domingo, 25/07.", 
            "kind": "elogio", 
            "modification_date": "2021-10-20T18:29:03-02:00", 
            "responses": [
                {
                    "creator": "claudiag", 
                    "date": "2021-10-20T18:28:46.942293", 
                    "id": 1, 
                    "review_state": "Pending", 
                    "text": "Agradecemos o contato!"
                }
            ], 
            "review_state": "resolved", 
            "rg": "91574489", 
            "title": "Concurso P\u00fablico", 
            "uri": "https://www.castro.pr.leg.br/ouvidoria/20210728162502"
        }, 
        {
            "area": "ouvidoria", 
            "captcha": "", 
            "cpf": "0000000000000000", 
            "creation_date": "2025-06-27T13:21:12-03:00", 
            "description": "Assunto: Poss\u00edvel desvio de fun\u00e7\u00e3o e nomea\u00e7\u00e3o incompat\u00edvel na Superintend\u00eancia de Turismo \u2013 Munic\u00edpio de Castro/PR\r\n\r\n\r\nVenho, de forma an\u00f4nima, comunicar um poss\u00edvel caso de desvio de fun\u00e7\u00e3o e nomea\u00e7\u00e3o incompat\u00edvel envolvendo a servidora Lilian de F\u00e1tima Maciel, atualmente nomeada como superintendente de turismo da Prefeitura Municipal de Castro/PR.\r\n\r\n\r\nEmbora oficialmente vinculada \u00e0 Secretaria Municipal de Ind\u00fastria, Com\u00e9rcio, Turismo e Cultura, a servidora atua exclusivamente na \u00e1rea da cultura, realizando as mesmas atividades que j\u00e1 exercia antes de ser nomeada para o cargo de superintend\u00eancia de turismo.\r\n\r\n\r\nAs atribui\u00e7\u00f5es pr\u00f3prias da fun\u00e7\u00e3o de superintendente de turismo, como o planejamento, desenvolvimento e promo\u00e7\u00e3o tur\u00edstica do munic\u00edpio, integra\u00e7\u00e3o com a Adetur Campos Gerais, fortalecimento do Centro de Informa\u00e7\u00f5es Tur\u00edsticas, e representa\u00e7\u00e3o institucional em f\u00f3runs e eventos do setor, est\u00e3o sendo negligenciadas ou completamente abandonadas.\r\n\r\n\r\nAgrava ainda mais a situa\u00e7\u00e3o o fato de que a referida servidora n\u00e3o possui forma\u00e7\u00e3o t\u00e9cnica, gradua\u00e7\u00e3o ou experi\u00eancia comprovada na \u00e1rea do turismo, o que demonstra incompatibilidade com o cargo nomeado, contrariando os princ\u00edpios da legalidade, moralidade e efici\u00eancia na administra\u00e7\u00e3o p\u00fablica.\r\n\r\n\r\nRessalto que a cidade de Castro/PR possui relevante potencial tur\u00edstico e necessita de a\u00e7\u00f5es t\u00e9cnicas espec\u00edficas para o desenvolvimento do setor, o que n\u00e3o est\u00e1 ocorrendo. Essa aparente \u201cnomea\u00e7\u00e3o de fachada\u201d levanta ind\u00edcios de desvio de finalidade e poss\u00edvel uso pol\u00edtico de cargo p\u00fablico, com preju\u00edzos \u00e0 sociedade! \r\n\r\n\r\nAvalie a legalidade da nomea\u00e7\u00e3o e da atua\u00e7\u00e3o da servidora;\r\nVerifique eventual improbidade administrativa;\r\nApure se h\u00e1 viola\u00e7\u00e3o dos princ\u00edpios da administra\u00e7\u00e3o p\u00fablica (art. 37 da CF);\r\nConsidere requerer informa\u00e7\u00f5es \u00e0 pr\u00f3pria Prefeitura Municipal, \u00e0 Secretaria de Turismo, \u00e0 C\u00e2mara de Vereadores de Castro (\u00f3rg\u00e3o fiscalizador), e \u00e0 Adetur Campos Gerais, que pode confirmar a aus\u00eancia de participa\u00e7\u00e3o da atual superintend\u00eancia nas a\u00e7\u00f5es regionais de turismo.\r\n\r\n\r\nAgrade\u00e7o pela aten\u00e7\u00e3o, pela an\u00e1lise cuidadosa e pela preserva\u00e7\u00e3o absoluta do anonimato.", 
            "kind": "denaoncia", 
            "modification_date": "2025-06-27T14:24:47-03:00", 
            "responses": [
                {
                    "creator": "comunicacao@castro.pr.leg.br", 
                    "date": "2025-06-27T14:24:37.951627", 
                    "id": 1, 
                    "review_state": "Pending", 
                    "text": "Boa tarde prezada (o)\r\n\r\nAgradecemos pelo seu contato e informamos que a demanda registrada deve ser encaminhada ao Minist\u00e9rio P\u00fablico do Paran\u00e1, atrav\u00e9s do link https://mppr.mp.br/ouvidoria\r\nOu por meio dos contatos: castro.3prom@mppr.mp.br / telefone Oficial da Promotoria: 42 3233-7680"
                }
            ], 
            "review_state": "resolved", 
            "rg": "000000000000000000", 
            "title": "Poss\u00edvel desvio de fun\u00e7\u00e3o e nomea\u00e7\u00e3o incompat\u00edvel na Superintend\u00eancia de Turismo \u2013 Munic\u00edpio de Castro/PR", 
            "uri": "https://www.castro.pr.leg.br/ouvidoria/20250627132112"
        }, 
        {
            "area": "ouvidoria", 
            "captcha": "", 
            "cpf": "02354994982", 
            "creation_date": "2023-10-25T15:08:13-02:00", 
            "description": "Venho por meio desta, solicitarTach\u00e3o Refletivo\r\nAs tartarugas de tr\u00e2nsito, como popularmente conhecidas  u Na R. Mariana Marques, 470 - Centro, Castro - PR, 84165-640 , principalmete em frente a Escola Municipal Professor Bernardo Litzinger sendo necess\u00e1rio com urg\u00eancia, por gentileza, os carros param na rua e ficam esperando pra entrar na escola, nao adianta ter placas muitos nao respeitam a sinaliza\u00e7\u00e3o  deixando o transito muito complicado,  ent\u00e3o gostaria de pedir aos respons\u00e1veis, uma aten\u00e7\u00e3o especial para o pedido . Grato pela compreens\u00e3o.", 
            "kind": "solicitaassapso", 
            "modification_date": "2023-11-10T16:28:49-02:00", 
            "responses": [
                {
                    "creator": "imprensa@castro.pr.leg.br", 
                    "date": "2023-11-10T16:28:44.329517", 
                    "id": 1, 
                    "review_state": "Accepted", 
                    "text": "Ol\u00e1 tudo bem?\r\n\r\nSeu pedido foi atendido por um parlamentar e realizado uma indica\u00e7\u00e3o que ira entrar na pr\u00f3xima sess\u00e3o, na ter\u00e7a-feira (12), na C\u00e2mara. Logo em seguida ser\u00e1 encaminhada ao Executivo e Secretaria respons\u00e1vel.\r\n\r\nIndica\u00e7\u00e3o 261/2023, voc\u00ea pode ler o pedido na integra no link: https://sapl.castro.pr.leg.br/materia/7708\r\n\r\nObrigada pelo seu contato com a C\u00e2mara Municipal de Castro.\r\n"
                }
            ], 
            "review_state": "resolved", 
            "rg": "63359769", 
            "title": "Tach\u00e3o Refletivo As tartarugas de tr\u00e2nsito, como popularmente conhecidas", 
            "uri": "https://www.castro.pr.leg.br/ouvidoria/20231025150813"
        }, 
        {
            "area": "ouvidoria", 
            "captcha": "", 
            "cpf": "01834417961", 
            "creation_date": "2023-10-25T15:23:54-02:00", 
            "description": "boa tarde\r\nvenho pedir aos responsaveis sobre a ilumina\u00e7\u00e3p publica  da toda,   rua jeronimo cabral pereira do amaral , poderia melhorar  a ilumincao colocando mais forte a luz  pois a rua e muita escura  e tem as pessoas q andam de bicicleta na ciclovia a noite e bem complicado de andar tinha q ser igual a rua javert madureira pois ficam aquelas carretas estacionadas varios dias tem q desviar da carreta das bicicletas e carros muitocomplicado\r\npe\u00e7o por gentileza os responsaveis ver esta situa\u00e7\u00e3o \r\nobrigado", 
            "kind": "reclamaassapso", 
            "modification_date": "2023-11-10T16:24:17-02:00", 
            "responses": [
                {
                    "creator": "imprensa@castro.pr.leg.br", 
                    "date": "2023-11-10T16:24:09.295502", 
                    "id": 1, 
                    "review_state": "Accepted", 
                    "text": "Ol\u00e1 tudo bem?\r\n\r\nSeu pedido foi atendido por um parlamentar e realizado um requerimento que foi aprovado quarta-feira (08), em sess\u00e3o da C\u00e2mara. Em seguida ser\u00e1 encaminhada ao Executivo e Secretaria respons\u00e1vel.\r\n\r\nRequerimento 399/2023, voc\u00ea pode ler o pedido na integra no link: https://sapl.castro.pr.leg.br/media/sapl/public/materialegislativa/2023/7688/requerimento_399-2023.pdf\r\n\r\nObrigada pelo seu contato com a C\u00e2mara Municipal de Castro.\r\n"
                }
            ], 
            "review_state": "resolved", 
            "rg": "79875791", 
            "title": "melhorar a ilumina\u00e7\u00e3o", 
            "uri": "https://www.castro.pr.leg.br/ouvidoria/20231025152354"
        }, 
        {
            "area": "ouvidoria", 
            "captcha": "", 
            "cpf": "13732228916", 
            "creation_date": "2022-04-19T08:45:57-03:00", 
            "description": "Gostaria de pedir a revitaliza\u00e7\u00e3o da Rua Benjamin Constant ao lado da Rodovia PR-151, a mesma se encontra com muitos buracos grandes e \u00e9 usada por caminh\u00f5es de diversas empresas principalmente do setor aliment\u00edcio da cidade.\r\nAtt. \r\nLuiz Eduardo Seliger", 
            "kind": "solicitaassapso", 
            "modification_date": "2022-05-13T15:58:43-03:00", 
            "responses": [
                {
                    "creator": "claudiag", 
                    "date": "2022-05-13T15:58:37.072896", 
                    "id": 1, 
                    "review_state": "Accepted", 
                    "text": "Boa tarde,\r\nRecebemos seu pedido e indicamos que entre contato direto com a Secretaria Municipal de Infraestrutura e Meio Ambiente, respons\u00e1vel pelo revitalzia\u00e7\u00e3o, atrav\u00e9s dos telefones: 2122- 5536 ou 2122-5538.\r\nObrigado por entrar em contato com a C\u00e2mara Municipal de Castro!"
                }
            ], 
            "review_state": "resolved", 
            "rg": "129188898", 
            "title": "Revitaliza\u00e7\u00e3o da Rua Benjamin Constant ao lado da Rodovia PR-151", 
            "uri": "https://www.castro.pr.leg.br/ouvidoria/20220419084557"
        }, 
        {
            "area": "ouvidoria", 
            "captcha": "", 
            "cpf": "O6006831929", 
            "creation_date": "2024-07-02T18:15:22-03:00", 
            "description": "Solicitei a viabilidade de colocar m\u00e3o \u00fanica na rua Alziro machado Martins visto que fui multado por estacionar na frente de minha casa mas detalhe essa rua n\u00e3o tem sinaliza\u00e7\u00e3o nenhuma e meu filho \u00e9 autista necessitando muitas vezes de acompanhamento m\u00e9dico de urg\u00eancia como foi no caso da multa , gostaria tamb\u00e9m de solicitar a vaga priorit\u00e1ria para autista como \u00e9 de direito dele, j\u00e1 foi enviado um pedido mas pede n\u00famero de protocolo o qual n\u00e3o recebi nenhum", 
            "kind": "solicitaassapso", 
            "modification_date": "2024-07-04T13:10:02-03:00", 
            "responses": [
                {
                    "creator": "imprensa@castro.pr.leg.br", 
                    "date": "2024-07-04T13:09:57.293719", 
                    "id": 1, 
                    "review_state": "Accepted", 
                    "text": "Boa tarde,\r\n\r\nSua solicita\u00e7\u00e3o (Protocolo: 20240527183015), foi respondida no dia 20/06/2024 \u00e0s 13h58, logo que finalizar a sua den\u00fancia/sugest\u00e3o a p\u00e1gina vai atualizar e vai conseguir visualizar o texto produzido e no canto ter\u00e1 o n\u00famero do protocolo, voc\u00ea pode tamb\u00e9m ter recebido uma notifica\u00e7\u00e3o no e-mail cadastrado.\r\n\r\nSegue a resposta:\r\nSeu pedido foi atendido por um vereador que apresentou uma indica\u00e7\u00e3o na Sess\u00e3o Ordin\u00e1ria do dia 12/06/2024. Segue a s\u00famula do pedido e o link onde pode ver o pedido na integra.\r\n\r\nIndica\u00e7\u00e3o n.\u00ba 90/2024 \u2013 Indica ao Secret\u00e1rio Municipal de Seguran\u00e7a P\u00fablica a necessidade do estudo da mudan\u00e7a do sentido na Rua Alziro Machado Martins para sentido \u00fanico, Invernada do Matadouro, nesta Cidade.\r\n\r\nhttps://sapl.castro.pr.leg.br/[\u2026]/indicacao_90-2024.pdf\r\n\r\nObrigado por entrar em contato com a C\u00e2mara Municipal de Castro.\r\n"
                }
            ], 
            "review_state": "resolved", 
            "rg": "084050410612", 
            "title": "N\u00e3o me foi passado nenhum n\u00famero de protocolo para acompanhar o andamento da solicita\u00e7\u00e3o feita para determina\u00e7\u00e3o de m\u00e3o \u00fanica na rua Alziro machado martins", 
            "uri": "https://www.castro.pr.leg.br/ouvidoria/20240702181522"
        }, 
        {
            "area": "ouvidoria", 
            "captcha": "", 
            "cpf": "O6006831929", 
            "creation_date": "2024-07-02T18:17:51-03:00", 
            "description": "Solicitei a viabilidade de colocar m\u00e3o \u00fanica na rua Alziro machado Martins visto que fui multado por estacionar na frente de minha casa mas detalhe essa rua n\u00e3o tem sinaliza\u00e7\u00e3o nenhuma e meu filho \u00e9 autista necessitando muitas vezes de acompanhamento m\u00e9dico de urg\u00eancia como foi no caso da multa , gostaria tamb\u00e9m de solicitar a vaga priorit\u00e1ria para autista como \u00e9 de direito dele, j\u00e1 foi enviado um pedido mas pede n\u00famero de protocolo o qual n\u00e3o recebi nenhum", 
            "kind": "solicitaassapso", 
            "modification_date": "2024-07-04T13:09:39-03:00", 
            "responses": [
                {
                    "creator": "imprensa@castro.pr.leg.br", 
                    "date": "2024-07-04T13:09:32.949007", 
                    "id": 1, 
                    "review_state": "Accepted", 
                    "text": "Boa tarde,\r\n\r\nSua solicita\u00e7\u00e3o (Protocolo: 20240527183015), foi respondida no dia 20/06/2024 \u00e0s 13h58, logo que finalizar a sua den\u00fancia/sugest\u00e3o a p\u00e1gina vai atualizar e vai conseguir visualizar o texto produzido e no canto ter\u00e1 o n\u00famero do protocolo, voc\u00ea pode tamb\u00e9m ter recebido uma notifica\u00e7\u00e3o no e-mail cadastrado.\r\n\r\nSegue a resposta:\r\nSeu pedido foi atendido por um vereador que apresentou uma indica\u00e7\u00e3o na Sess\u00e3o Ordin\u00e1ria do dia 12/06/2024. Segue a s\u00famula do pedido e o link onde pode ver o pedido na integra.\r\n\r\nIndica\u00e7\u00e3o n.\u00ba 90/2024 \u2013 Indica ao Secret\u00e1rio Municipal de Seguran\u00e7a P\u00fablica a necessidade do estudo da mudan\u00e7a do sentido na Rua Alziro Machado Martins para sentido \u00fanico, Invernada do Matadouro, nesta Cidade.\r\n\r\nhttps://sapl.castro.pr.leg.br/[\u2026]/indicacao_90-2024.pdf\r\n\r\nObrigado por entrar em contato com a C\u00e2mara Municipal de Castro.\r\n"
                }
            ], 
            "review_state": "resolved", 
            "rg": "084050410612", 
            "title": "N\u00e3o me foi passado nenhum n\u00famero de protocolo para acompanhar o andamento da solicita\u00e7\u00e3o feita para determina\u00e7\u00e3o de m\u00e3o \u00fanica na rua Alziro machado martins", 
            "uri": "https://www.castro.pr.leg.br/ouvidoria/20240702181751"
        }, 
        {
            "area": "ouvidoria", 
            "captcha": "", 
            "cpf": "Teste", 
            "creation_date": "2024-07-04T12:57:38-03:00", 
            "description": "Teste...", 
            "kind": "denaoncia", 
            "modification_date": "2024-07-04T13:11:57-03:00", 
            "responses": [
                {
                    "creator": "imprensa@castro.pr.leg.br", 
                    "date": "2024-07-04T13:11:43.966419", 
                    "id": 1, 
                    "review_state": "Pending", 
                    "text": "Teste"
                }
            ], 
            "review_state": "resolved", 
            "rg": "Teste", 
            "title": "Teste", 
            "uri": "https://www.castro.pr.leg.br/ouvidoria/20240704125738"
        }, 
        {
            "area": "ouvidoria", 
            "captcha": "", 
            "cpf": "09960388921", 
            "creation_date": "2024-01-30T12:31:35-02:00", 
            "description": "Carros do ferro velho , abandonados em via p\u00fablica, atrapalhando o tr\u00e2nsito e acumulando \u00e1gua parada , prolifera\u00e7\u00e3o de mosquito da dengue.", 
            "kind": "denaoncia", 
            "modification_date": "2024-02-27T15:34:54-03:00", 
            "responses": [
                {
                    "creator": "imprensa@castro.pr.leg.br", 
                    "date": "2024-01-31T18:38:31.584801", 
                    "id": 1, 
                    "review_state": "Accepted", 
                    "text": "Ol\u00e1 tudo bem?\r\n\r\nReferente aos carros abandonados a den\u00fancia deve ser feita diretamente na Secretaria de Seguran\u00e7a P\u00fablica, atrav\u00e9s da OUVIDORIA do setor, pelos n\u00fameros (42) 2122-5199 ou (42) 99919-2085.\r\n\r\nVoc\u00ea pode tamb\u00e9m realizar a sua reclama\u00e7\u00e3o na OUVIDORIA Geral da Prefeitura atrav\u00e9s do site https://castro.atende.net/cidadao/pagina/ouvidoria-geral\r\nNeste canal voc\u00ea pode anexar fotos, o que auxilia os respons\u00e1veis do setor a entender melhor o problema. \r\n\r\nObrigado por entrar em contato com a C\u00e2mara Municipal de Castro.\r\n"
                }
            ], 
            "review_state": "resolved", 
            "rg": "133910352", 
            "title": "Ferro velho ilegal", 
            "uri": "https://www.castro.pr.leg.br/ouvidoria/20240130123135"
        }, 
        {
            "area": "ouvidoria", 
            "captcha": "", 
            "cpf": "08323656967", 
            "creation_date": "2024-01-30T12:44:39-02:00", 
            "description": "Carros abandonados em via p\u00fablica ,no bairro Santa Terezinha ,rua Dr domingos faustino de carvalho, acumulando \u00e1gua parada e prolifera\u00e7\u00e3o de mosquito da dengue.", 
            "kind": "denaoncia", 
            "modification_date": "2024-01-31T18:39:43-02:00", 
            "responses": [
                {
                    "creator": "imprensa@castro.pr.leg.br", 
                    "date": "2024-01-31T18:39:27.244820", 
                    "id": 1, 
                    "review_state": "Accepted", 
                    "text": "Ol\u00e1 tudo bem?\r\n\r\nReferente aos carros abandonados a den\u00fancia deve ser feita diretamente na Secretaria de Seguran\u00e7a P\u00fablica, atrav\u00e9s da OUVIDORIA do setor, pelos n\u00fameros (42) 2122-5199 ou (42) 99919-2085.\r\n\r\nVoc\u00ea pode tamb\u00e9m realizar a sua reclama\u00e7\u00e3o na OUVIDORIA Geral da Prefeitura atrav\u00e9s do site https://castro.atende.net/cidadao/pagina/ouvidoria-geral\r\nNeste canal voc\u00ea pode anexar fotos, o que auxilia os respons\u00e1veis do setor a entender melhor o problema. \r\n\r\nObrigado por entrar em contato com a C\u00e2mara Municipal de Castro.\r\n"
                }
            ], 
            "review_state": "resolved", 
            "rg": "124475643", 
            "title": "Ferro velho", 
            "uri": "https://www.castro.pr.leg.br/ouvidoria/20240130124439"
        }, 
        {
            "area": "ouvidoria", 
            "captcha": "", 
            "cpf": "09114081938", 
            "creation_date": "2024-05-16T11:22:46-03:00", 
            "description": "Bom dia! Estou entrando em contato por meio da ouvidoria da C\u00e2mara Municipal pois n\u00e3o encontrei um canal direto de ouvidoria da prefeitura (primeira reclama\u00e7\u00e3o) o canal deve ser de f\u00e1cil e imediato acesso, assim como \u00e9 o da C\u00e2mara. \r\n\r\nTive muita dificuldade em fazer o agendamento para emiss\u00e3o de 2\u00b0 via do documento de identifica\u00e7\u00e3o (RG), simplesmente nenhum hor\u00e1rio para agendamento esta dispon\u00edvel e ouvi do pr\u00f3prio superintendente \"n\u00e3o funciona mesmo\", por que  n\u00e3o \u00e9 corrigido? Para agilizar um servi\u00e7o b\u00e1sico como esse.\r\nEstou entrando em contato por aqui e farei tamb\u00e9m uma den\u00fancia no MP.\r\n\r\nEspero que os vereadores se debru\u00e7am sobre essas quest\u00f5es b\u00e1sicas.", 
            "kind": "reclamaassapso", 
            "modification_date": "2024-06-04T13:53:09-03:00", 
            "responses": [
                {
                    "creator": "imprensa@castro.pr.leg.br", 
                    "date": "2024-05-16T14:17:11.036168", 
                    "id": 1, 
                    "review_state": "Accepted", 
                    "text": "Ol\u00e1, tudo bem?\r\n\r\nEsse assunto j\u00e1 foi pauta da sess\u00e3o em setembro do ano passado, mas estarei encaminhando a sua reclama\u00e7\u00e3o a um vereador para que ele possa apresentar um novo pedido o Executivo.\r\n\r\nSegue o link do requerimento apresentado em 2023. \r\nhttps://sapl.castro.pr.leg.br/media/sapl/public/materialegislativa/2023/7527/requerimento_314-2023.pdf\r\n"
                }, 
                {
                    "creator": "imprensa@castro.pr.leg.br", 
                    "date": "2024-06-04T13:53:09.943393", 
                    "id": 2, 
                    "review_state": "Resolved", 
                    "text": "Ol\u00e1 tudo bem?\r\n\r\nSua reclama\u00e7\u00e3o foi pauta para a produ\u00e7\u00e3o de um requerimento, que foi apresentado e aprovado na sess\u00e3o do dia 22/05/2024 e encaminhado ao setor respons\u00e1vel. \r\n\r\nSegue o link do requerimento.\r\nhttps://sapl.castro.pr.leg.br/media/sapl/public/materialegislativa/2024/8083/requerimento_170-2024.pdf\r\n\r\nObrigado por entrar em contato com a C\u00e2mara Municipal de Castro.\r\n"
                }
            ], 
            "review_state": "resolved", 
            "rg": "127947007", 
            "title": "Emiss\u00e3o de Documento de Identidade", 
            "uri": "https://www.castro.pr.leg.br/ouvidoria/20240516112247"
        }, 
        {
            "area": "ouvidoria", 
            "captcha": "", 
            "cpf": "anonimo", 
            "creation_date": "2024-05-17T10:14:45-03:00", 
            "description": "Sugiro que seja colocado sinaliza\u00e7\u00e3o vis\u00edvel aos pedestres nos sem\u00e1foros da cidade. Foi realizada a troca dos sem\u00e1foros recentemente, mas para o pedestre \u00e9 imposs\u00edvel enxergar a sinaliza\u00e7\u00e3o, um exemplo \u00e9 o sem\u00e1foro da Rua Dr. Jorge, esquina com a Major Ot\u00e1vio Novaes. Fica dif\u00edcil para o pedestre fazer a travessia principalmente nos hor\u00e1rios de maior movimento.", 
            "kind": "sugestapso", 
            "modification_date": "2024-06-20T13:57:54-03:00", 
            "responses": [
                {
                    "creator": "imprensa@castro.pr.leg.br", 
                    "date": "2024-06-04T13:52:13.282833", 
                    "id": 1, 
                    "review_state": "Moving", 
                    "text": "Ol\u00e1 tudo bem?\r\n\r\nEnviamos a sua sugest\u00e3o para um vereador para que possa ser apresentado em pauta na sess\u00e3o e encaminhado ao setor respons\u00e1vel. \r\n"
                }, 
                {
                    "creator": "imprensa@castro.pr.leg.br", 
                    "date": "2024-06-20T13:57:54.071268", 
                    "id": 2, 
                    "review_state": "Resolved", 
                    "text": "Boa tarde,\r\n\r\nSobre a sua sugest\u00e3o, ser\u00e1 apresentado na pr\u00f3xima sess\u00e3o a indica\u00e7\u00e3o de melhorias na sinaliza\u00e7\u00e3o dos sem\u00e1foros localizados no centro do munic\u00edpio. Voc\u00ea pode acompanhar a sess\u00e3o da semana que vem 26/06/2024 onde ser\u00e1 apresentado o pedido. Segue o link da indica\u00e7\u00e3o.\r\n\r\nhttps://sapl.castro.pr.leg.br/media/sapl/public/materialegislativa/2024/8178/indicacao_101-2024.pdf\r\n\r\nObrigado por entrar em contato com a C\u00e2mara Municipal de Castro.\r\n"
                }
            ], 
            "review_state": "resolved", 
            "rg": "anonimo", 
            "title": "Sem\u00e1foros", 
            "uri": "https://www.castro.pr.leg.br/ouvidoria/20240517101445"
        }, 
        {
            "area": "ouvidoria", 
            "captcha": "", 
            "cpf": "27400838832", 
            "creation_date": "2022-02-20T21:20:21-03:00", 
            "description": "Bom dia!\r\nSou bisneta do Cel Vidal Martins de Oliveira, sei que ele era de Castro e que cedeu parte de suas terras para a cidade de Castro, por\u00e9m, nada mais sei de sua vida. Gostaria de saber de sua hist\u00f3ria, podem me ajudar, por gentileza?\r\nGrata\r\nAtt\r\nKARINA", 
            "kind": "pedido-de-acesso-a-informaassapso", 
            "modification_date": "2023-10-03T14:15:47-03:00", 
            "responses": [
                {
                    "creator": "claudiag", 
                    "date": "2022-02-22T14:21:13.129593", 
                    "id": 1, 
                    "review_state": "Moving", 
                    "text": "Boa tarde,\r\n\r\nEstamos verificando em nossos arquivos se temos informa\u00e7\u00f5es a respeito do senhor Cel. Vidal Martins de Oliveira para conceder \u00e0 solicitante.\r\n\r\nObrigada por entrar em contato com a C\u00e2mara de Castro! \r\n\r\n\r\n\r\n"
                }, 
                {
                    "creator": "claudiag", 
                    "date": "2022-06-06T14:31:35.506594", 
                    "id": 2, 
                    "review_state": "Moving", 
                    "text": "Boa tarde Karina, tudo bem?\r\nFizemos uma busca em nossos arquivos e n\u00e3o encontramos informa\u00e7\u00f5es a respeito do senhor Coronel Vidal Martins de Oliveira. \r\nO nome de seu bisav\u00f4 \u00e9, inclusive, nome de uma rua aqui do munic\u00edpio, localizada na Vila Rio Branco. Acreditamos que essa nomea\u00e7\u00e3o aconteceu antes do ano de 1970, pois a partir desse ano temos todas as leis catalogadas.\r\nVoc\u00ea teria alguma informa\u00e7\u00e3o extra para nos auxiliar na procura? Como data de nascimento e falecimento?\r\n"
                }, 
                {
                    "creator": "imprensa@castro.pr.leg.br", 
                    "date": "2023-10-03T14:15:47.405118", 
                    "id": 3, 
                    "review_state": "Resolved", 
                    "text": "Boa tarde Karina tudo bem?\r\n\r\nEntrei em contato com a Prefeitura e n\u00e3o acharam nenhum documento, ata ou algo do tipo que pudesse te ajudar nas pesquisas sobre o Coronel Vidal Martins de Oliveira.\r\n\r\nPor\u00e9m, teve uma abertura de solicita\u00e7\u00e3o aqui na Ouvidoria onde um rapaz, diz que pode te ajudar com isso, ele diz ser neto de um jornalista e que ele deu um breve relato sobre o Coronel. \r\nVoc\u00ea pode entrar em contato com ele pelas redes s\u00f3cias: Igor Grimbor.\r\n\r\nSegue o link da mensagem que ele deixou para voc\u00ea: https://www.castro.pr.leg.br/ouvidoria/20230913175340\r\n\r\nAgradecemos o seu contato com a C\u00e2mara Municipal de Castro.\r\n"
                }
            ], 
            "review_state": "resolved", 
            "rg": "2670870", 
            "title": "Cel Vidal Martins de Oliveira", 
            "uri": "https://www.castro.pr.leg.br/ouvidoria/20220220212021"
        }, 
        {
            "area": "ouvidoria", 
            "captcha": "", 
            "cpf": "02354994982", 
            "creation_date": "2022-12-22T16:16:42-02:00", 
            "description": "BOA TARDE\r\n\r\n AS PRA\u00c7AS DA CIDADE EST\u00c3O COM BRINQUEDOS NOVOS  MENOS A DO JARDIM BAILLY Q ESTA ABANDONADA,  BANCOS QUEBRADOS,  BRINQUEDOS NAO FUNCIONAM, ESTA PEQUENO O ESPA\u00c7O  POIS O BAIRRO AUMENTOU BASTANTE \r\nCHEIO DE MATO NA AREIA SO CORTAM A GRAMA,  MAIS NAO TIRAM O MATO DA AREIA\r\nPODERIAM MELHORAR A PRACINHA DO JARDIM BAILLY TEM MUITAS CRIAN\u00c7AS  Q V\u00c3O BRINCAR L\u00c1\r\nOBRIGADO", 
            "kind": "reclamaassapso", 
            "modification_date": "2023-01-23T15:17:25-02:00", 
            "responses": [
                {
                    "creator": "claudiag", 
                    "date": "2023-01-23T15:17:11.232904", 
                    "id": 1, 
                    "review_state": "Pending", 
                    "text": "Boa tarde Ad\u00e3o,\r\n\r\nA sua solicita\u00e7\u00e3o foi transformda em requerimento assinado pelo presidente da Casa, vereador Neto Fadel, e ser\u00e1 votado em plen\u00e1rio na sess\u00e3o ordin\u00e1ria de 08 de fevereiro de 2023.\r\n\r\nConfira o documento aqui: https://sapl.castro.pr.leg.br/media/sapl/public/materialegislativa/2023/6916/requerimento_01-2023.pdf\r\n\r\nObrigada por entrar em contato com a C\u00e2mara Municipal de Castro.\r\n"
                }
            ], 
            "review_state": "resolved", 
            "rg": "63359789", 
            "title": "PRA\u00c7A DO JARDIM BAILLY", 
            "uri": "https://www.castro.pr.leg.br/ouvidoria/20221222161642"
        }, 
        {
            "area": "ouvidoria", 
            "captcha": "", 
            "cpf": "04522949910", 
            "creation_date": "2022-12-22T17:37:51-02:00", 
            "description": "O propriet\u00e1rio do lote acima do meu o Senhor Jos\u00e9 Lara abriu uma janela na divis\u00e3o do muro , eu perdi minha privacidade...e por conta dessa janela que d\u00e1 vis\u00e3o pro fundo da minha casa estou sofrendo furtos constantes ...tentei conversar foi pior agora saio pra trabalhar volto ele entra no meu lote pela janela e quebra vasos de plantas ..joga restos de massa na minha casa .age cm se fosse impune a qualquer lei .. j\u00e1 que s\u00f3 mora eu e meu filho e sa\u00edmos todos os dias pra trabalhar.\r\nMoro no bairro Nossa Senhora das Gra\u00e7as..Rua Professora \u00c1urea Grimbor Marques 153 j\u00e1 registrei essa mesma reclama\u00e7\u00e3o na prefeitura.", 
            "kind": "reclamaassapso", 
            "modification_date": "2023-02-28T17:04:20-03:00", 
            "responses": [
                {
                    "creator": "claudiag", 
                    "date": "2023-01-10T18:21:52.209931", 
                    "id": 1, 
                    "review_state": "Pending", 
                    "text": "Ol\u00e1 Jussimara, \r\n\r\nEm que data registrou sua reclama\u00e7\u00e3o junto a prefeitura? O Poder Executivo est\u00e1 em recesso desde o dia 26/12 e retornar\u00e1 no dia 23 de janeiro para atendimentos.\r\n\r\nOrientamos que al\u00e9m de verificar sua solicita\u00e7\u00e3o na prefeitura quando retornarem as atividades, que registre um boletim de ocorr\u00eancia na delegacia de pol\u00edcia em virtude dos furtos que vem sofrendo. \r\n\r\nAgradecemos o seu contato com a C\u00e2mara de Castro!"
                }
            ], 
            "review_state": "resolved", 
            "rg": "78777583", 
            "title": "Vizinho abriu janela no muro que divide cm minha casa", 
            "uri": "https://www.castro.pr.leg.br/ouvidoria/20221222173751"
        }, 
        {
            "area": "ouvidoria", 
            "captcha": "", 
            "cpf": ".....", 
            "creation_date": "2021-12-17T13:58:56-02:00", 
            "description": "Venho atrav\u00e9s desse denunciar o excesso de caminh\u00f5es na rua Francisco Anacleto da Fonseca e em torno do semin\u00e1rio S\u00e3o Jos\u00e9, tendo em vista, ser um espa\u00e7o p\u00fablico sendo utilizado para fins particulares atrapalhando o fluxo normal dos ve\u00edculos e favorecendo acidentes seja por falta de espa\u00e7o, seja por falta de visibilidade.", 
            "kind": "denaoncia", 
            "modification_date": "2022-01-06T17:54:56-02:00", 
            "responses": [
                {
                    "creator": "claudiag", 
                    "date": "2022-01-06T17:54:46.869566", 
                    "id": 1, 
                    "review_state": "Accepted", 
                    "text": "Boa tarde,\r\nRecebemos sua den\u00fancia e vamos encaminh\u00e1-la aos vereadores para indiquem a necessidade de provid\u00eancias por parte dos \u00f3rg\u00e3os competentes.\r\nIndicamos tamb\u00e9m a possibilidade de entrar em contato direto com a ouvidoria da Secretaria Municipal de Seguran\u00e7a P\u00fablica atrav\u00e9s dos telefones: 2122- 5199. \r\nObrigado por entrar em contato com a C\u00e2mara Municipal de Castro!"
                }
            ], 
            "review_state": "resolved", 
            "rg": ".....", 
            "title": "Obstru\u00e7\u00e3o de Via P\u00fablica", 
            "uri": "https://www.castro.pr.leg.br/ouvidoria/20211217135856"
        }, 
        {
            "area": "ouvidoria", 
            "captcha": "", 
            "cpf": "95966633991", 
            "creation_date": "2024-09-27T22:25:31-03:00", 
            "description": "SAUDA\u00c7\u00d5ES\r\n\r\nGostaria de saber se bicicletas com motores podem circularem , na contra m\u00e3o e sem itens de seguran\u00e7a , como sinalizadores leds , capacetes e coletes luminosos, pq a muitos adolescentes circulando no centro, sendo um perigo pra eles e pros motoristas. Alem do barulhama que fazem esses motores.\r\nO que poderia ser feito para que tivessem, mais seguran\u00e7as e respeito as leis de transito.", 
            "kind": "denaoncia", 
            "modification_date": "2024-10-01T13:59:42-03:00", 
            "responses": [
                {
                    "creator": "imprensa@castro.pr.leg.br", 
                    "date": "2024-10-01T13:59:36.984717", 
                    "id": 1, 
                    "review_state": "Accepted", 
                    "text": "Boa tarde,\r\n\r\nPara tratar dessa quest\u00e3o de forma adequada e garantir maior seguran\u00e7a e respeito \u00e0s leis de tr\u00e2nsito, recomendamos que registre formalmente sua demanda junto \u00e0 Ouvidoria Municipal da Prefeitura. Esse \u00e9 o canal oficial para direcionar sua solicita\u00e7\u00e3o ao setor respons\u00e1vel, como a Secretaria de Seguran\u00e7a P\u00fablica ou a COMUTRAN. Segue o link.\r\n\r\nhttps://castro.atende.net/autoatendimento/servicos/ouvidoria-municipal/detalhar/1\r\n\r\nObrigada por entrar em contato com a C\u00e2mara Municipal de Castro."
                }
            ], 
            "review_state": "resolved", 
            "rg": "57689200", 
            "title": "bicicletas com motor", 
            "uri": "https://www.castro.pr.leg.br/ouvidoria/20240927222531"
        }, 
        {
            "area": "juridico", 
            "captcha": "", 
            "cpf": "", 
            "creation_date": "2017-09-08T18:46:45-03:00", 
            "description": "Desses gest\u00e3o passada, nos foram informados sobre a problem\u00e1tica de implanta\u00e7\u00e3o de rede de esgoto em tr\u00eas residenciais no bairro Frei Matthias. Sobre o assunto, ano passado  no discurso da c\u00e2mara municipal  com.os representantes da Sanepar que inclusive  comentaram sobre verba da obra e estiveram fazendo medi\u00e7\u00f5es para o escoamento da rede j\u00e1, mas nada foi solucionado, at\u00e9 mesmo por que os questionamento sobre a implanta\u00e7\u00e3o da rede onde n\u00e3o havia era maior. Procurado a prefeitura desde anos passados e at\u00e9 mesmo o atual, nada tivemos como resposta afirmativa. Gostaria de sugerir as pessoas respons\u00e1veis pelos fatos aqui mencionados, sobre uma resposta legal formal sobre a rede de esgoto que passa pela via. Quando procurado a prefeitura, sempre temos atendimento, por\u00e9m n\u00e3o h\u00e1 solu\u00e7\u00e3o devido a veebas que sempre nos falamos que \u00e9  necess\u00e1rio. Um questionamento,.   Essas verbas podem ser  estiruidas da nossa pr\u00f3pria fatura direta com.a Sanepar? Pois nos oriundas de fam\u00edlias com filhos, tamb\u00e9m necessitamos de uma qualidade de trabalho da rede, assim como todos os castrenses. Sou Rodrigo Passos. Meu fone  \u00e9 32324361", 
            "kind": "plano-diretor-pcl-03-2016", 
            "modification_date": "2022-08-16T15:16:53-03:00", 
            "responses": [], 
            "review_state": "resolved", 
            "rg": "", 
            "title": "Rede de esgoto", 
            "uri": "https://www.castro.pr.leg.br/comunicacao-social/plano-diretor/sugestao-plano-diretor-1/20170908184645"
        }, 
        {
            "area": "juridico", 
            "captcha": "", 
            "cpf": "", 
            "creation_date": "2017-09-10T23:45:48-03:00", 
            "description": "Assim como \u00e9 feito na rede de esgoto deveria ter 2 linhas rede de \u00e1gua nas ruas embaixo da parte da cal\u00e7ada pois toda a vez pedem um ponto de \u00e1gua a empresa da Sanepar abre uma nova valeta cortando a rua fica ruim estraga o asfalto e n\u00e3o fica bom principalmente em loteamentos novos talvez fique caro para a Sanepar mas \u00e9 mais f\u00e1cil remendar uma cal\u00e7ada do que uma valeta no asfalto, e ainda n\u00e3o atrapalha o tr\u00e2nsito.", 
            "kind": "perimetro-urbano-pcl-06-2016", 
            "modification_date": "2022-08-16T15:16:50-03:00", 
            "responses": [], 
            "review_state": "resolved", 
            "rg": "", 
            "title": "Redes de \u00e1gua", 
            "uri": "https://www.castro.pr.leg.br/comunicacao-social/plano-diretor/sugestao-plano-diretor-1/20170910234548"
        }, 
        {
            "area": "juridico", 
            "captcha": "", 
            "cpf": "", 
            "creation_date": "2017-09-10T23:53:06-03:00", 
            "description": "Deveria ser criado um programa de incentivo \u00e0 reciclagem na qual as pessoas pudessem trocar lixo reciclado por frutas e verduras assim diminuiria a quantidade de lixo \u00e9 aumentaria a vida \u00fatil do aterro sanit\u00e1rio ainda \u00e9 preciso aumentar o incentivo de reciclagem na popula\u00e7\u00e3o castrense.", 
            "kind": "perimetro-urbano-pcl-06-2016", 
            "modification_date": "2022-08-16T15:16:47-03:00", 
            "responses": [], 
            "review_state": "resolved", 
            "rg": "", 
            "title": "Lixo reciclado", 
            "uri": "https://www.castro.pr.leg.br/comunicacao-social/plano-diretor/sugestao-plano-diretor-1/20170910235306"
        }, 
        {
            "area": "juridico", 
            "captcha": "", 
            "cpf": "", 
            "creation_date": "2017-09-12T15:16:56-03:00", 
            "description": "Poderiam estender ciclovias desde o Parque Lacustre passando pela Vicente Fiorillo  at\u00e9 a Castrolanda.\r\nAjudaria a descongestionar as vias principais. \r\nPodemos usar as vias da Holanda como exemplo.", 
            "kind": "plano-diretor-pcl-03-2016", 
            "modification_date": "2022-08-16T15:16:45-03:00", 
            "responses": [], 
            "review_state": "resolved", 
            "rg": "", 
            "title": "Ciclovias", 
            "uri": "https://www.castro.pr.leg.br/comunicacao-social/plano-diretor/sugestao-plano-diretor-1/20170912151656"
        }, 
        {
            "area": "juridico", 
            "captcha": "", 
            "cpf": "", 
            "creation_date": "2017-09-12T15:35:07-03:00", 
            "description": "Fazer estacionamentos para onibus de turismo para elevar potencial de turismo.\r\n\r\nRetornando as ciclovias:\r\nComo est\u00e3o melhorando ou asfaltando a via que vai do loteamento de Santa Terezinha j\u00e1 deixar via ciclovia para melhorar o fluxo.\r\n\r\nGostaria de enviar fotos pelo watsapp das ciclovias da Holanda que s\u00e3o muito eficientes.", 
            "kind": "plano-diretor-pcl-03-2016", 
            "modification_date": "2022-08-16T15:16:26-03:00", 
            "responses": [], 
            "review_state": "resolved", 
            "rg": "", 
            "title": "Estacionamentos \u00f4nibus turismo e mais ciclovias.", 
            "uri": "https://www.castro.pr.leg.br/comunicacao-social/plano-diretor/sugestao-plano-diretor-1/20170912153507"
        }, 
        {
            "area": "juridico", 
            "captcha": "", 
            "cpf": "", 
            "creation_date": "2017-09-18T13:56:06-03:00", 
            "description": "Trabalho em uma empresa de topografia e alguns clientes possuem \u00e1reas em locais onde nesta nova proposta de lei esta definida com \u201cZUI\u201d, alguns adquiriram atrav\u00e9s de heran\u00e7a ou deixar\u00e3o para seus filhos como heran\u00e7a, outros atrav\u00e9s de compra e os mesmos n\u00e3o poder\u00e3o construir suas casas nestes im\u00f3veis, levando em conta que muitos desses por conta de sua localiza\u00e7\u00e3o n\u00e3o \u00e9 vi\u00e1vel o uso para algum tipo de comercio como definido nesta proposta, o que restar\u00e1 para eles \u00e9 apenas casas e poss\u00edveis condom\u00ednios ou alguma outro empreendimento do g\u00eanero, para que o terrenos n\u00e3o sem ocupa\u00e7\u00e3o e apenas gerando imposto. No modo em que est\u00e1 proposta esta Lei se aprovada assim, acredito que estar\u00e1 incentivando as constru\u00e7\u00f5es irregulares as quais n\u00e3o geram imposto para o munic\u00edpio.", 
            "kind": "uso-e-ocupacao-pcl-07-2016", 
            "modification_date": "2022-08-16T15:16:23-03:00", 
            "responses": [], 
            "review_state": "resolved", 
            "rg": "", 
            "title": "O QUE \u00c9 PERMITIDO EM ZUI (ZONA URBANA DE IMPACTO)", 
            "uri": "https://www.castro.pr.leg.br/comunicacao-social/plano-diretor/sugestao-plano-diretor-1/20170918135606"
        }, 
        {
            "area": "juridico", 
            "captcha": "", 
            "cpf": "", 
            "creation_date": "2017-09-18T18:22:17-03:00", 
            "description": "- Os moradores da Col\u00f4nia Terra Nova solicitam o aumento da \u00e1rea urbana devido o crescimento da col\u00f4nia.\r\n-Para a sobreviv\u00eancia dos pequenos agricultores (filhos dos imigrantes),h\u00e1 necessidade de mais moradias.", 
            "kind": "perimetro-urbano-pcl-06-2016", 
            "modification_date": "2022-08-16T15:16:08-03:00", 
            "responses": [], 
            "review_state": "resolved", 
            "rg": "", 
            "title": "Aumento da \u00e1rea urbana da Col\u00f4nia Terra Nova.", 
            "uri": "https://www.castro.pr.leg.br/comunicacao-social/plano-diretor/sugestao-plano-diretor-1/20170918182217"
        }, 
        {
            "area": "juridico", 
            "captcha": "", 
            "cpf": "", 
            "creation_date": "2017-09-19T14:43:40-03:00", 
            "description": "Altera\u00e7\u00e3o no Anexo IX \u2013 Tipologia de Usos no Eixo de Log\u00edstica e Servi\u00e7os \u2013 ELOS Do Mapa do Zoneamento da Col\u00f4nia Castrolanda Anexo VIII, altera\u00e7\u00e3o \u201cuso\u201d PERMITIDOS incluir \u201cAtividades Agropecu\u00e1rias j\u00e1 consolidadas na \u00e1rea\u201d, e DEMAIS USOS de PROIBIDOS para PERMISS\u00cdVEIS na tabela conforme abaixo.\r\n\r\nANEXO IX - TIPOLOGIAS DE USOS: ZONEAMENTO DA SEDE URBANA E DISTRITOS DO VALE DO RIBEIRA\r\n\r\nZONAS, SETORES E EIXOS: ELOS: Eixo de Log\u00edstica e Servi\u00e7os\r\n\r\nPERMITIDOS: Com\u00e9rcio e Servi\u00e7o Espec\u00edfico\r\nAtividades Agropecu\u00e1rias j\u00e1 consolidadas na \u00e1rea. \r\n\r\nPERMISS\u00cdVEIS: Com\u00e9rcio e Servi\u00e7o Setorial\r\nCom\u00e9rcio e Servi\u00e7o Geral\r\nDemais Usos\r\n\r\nPROIBIDOS\r\n ---------\r\n\r\nJustificativa: \r\nNas colunas dos permitidos e permiss\u00edveis no eixo ELOS, est\u00e3o descritos somente as atividades de Com\u00e9rcio e Servi\u00e7o Setorial e Com\u00e9rcio e Servi\u00e7o Geral, na reda\u00e7\u00e3o atual.\r\nJ\u00e1 existe nesse local a explora\u00e7\u00e3o a v\u00e1rias d\u00e9cadas das atividades de agropecu\u00e1ria, como produ\u00e7\u00e3o de leite, su\u00ednos, agricultura e substrato para fungicultura. Nessas colunas n\u00e3o fica claro que isso pode continuar ou ampliar. Por isso pedimos para incluir essa descri\u00e7\u00e3o, para manter aquilo que j\u00e1 existe hoje e permitir seu futuro desenvolvimento.", 
            "kind": "plano-diretor-pcl-03-2016", 
            "modification_date": "2022-08-16T15:15:52-03:00", 
            "responses": [], 
            "review_state": "resolved", 
            "rg": "", 
            "title": "ELOS", 
            "uri": "https://www.castro.pr.leg.br/comunicacao-social/plano-diretor/sugestao-plano-diretor-1/20170919144340"
        }, 
        {
            "area": "juridico", 
            "captcha": "", 
            "cpf": "", 
            "creation_date": "2017-09-19T16:42:35-03:00", 
            "description": "Com faixas para pedestres na rotat\u00f3ria.", 
            "kind": "obras-pcl-10-2016", 
            "modification_date": "2022-08-16T15:17:09-03:00", 
            "responses": [], 
            "review_state": "resolved", 
            "rg": "", 
            "title": "Asfaltamento no conjunto padre piva", 
            "uri": "https://www.castro.pr.leg.br/comunicacao-social/plano-diretor/sugestao-plano-diretor-1/20170919164235"
        }, 
        {
            "area": "juridico", 
            "captcha": "", 
            "cpf": "", 
            "creation_date": "2017-09-19T16:43:24-03:00", 
            "description": "Com faixas para pedestres na rotat\u00f3ria.", 
            "kind": "obras-pcl-10-2016", 
            "modification_date": "2022-08-16T15:17:12-03:00", 
            "responses": [], 
            "review_state": "resolved", 
            "rg": "", 
            "title": "Asfaltamento no conjunto padre piva", 
            "uri": "https://www.castro.pr.leg.br/comunicacao-social/plano-diretor/sugestao-plano-diretor-1/20170919164324"
        }, 
        {
            "area": "juridico", 
            "captcha": "", 
            "cpf": "", 
            "creation_date": "2017-09-20T08:51:26-03:00", 
            "description": "Proposta:\r\n\r\nA fim de dar celeridade ao processo de an\u00e1lise de alvar\u00e1s de constru\u00e7\u00e3o para edifica\u00e7\u00f5es unifamiliares, a saber, habita\u00e7\u00f5es unifamiliares independentes da \u00e1rea a ser constru\u00edda, sugere-se que seja inserido artigo no Capitulo I - DAS DISPOSI\u00c7\u00d5ES PRELIMINARES com a seguinte reda\u00e7\u00e3o: \r\n\r\nArt. Xx Para resid\u00eancia unifamiliar independentemente da \u00e1rea a ser constru\u00edda, a an\u00e1lise do processo de solicita\u00e7\u00e3o de Alvar\u00e1 de Constru\u00e7\u00e3o ou de Legaliza\u00e7\u00e3o, poder\u00e1 ser de forma simplificada, considerando somente os par\u00e2metros urban\u00edsticos mais relevantes elencados abaixo:\r\n\r\n1.\tPlanta de situa\u00e7\u00e3o/localiza\u00e7\u00e3o em escala compat\u00edvel;\r\n2.\tAfastamentos: indicando o recuo frontal lateral e fundos;\r\n3.\tTaxa de Permeabilidade do solo;\r\n4.\tDeclividade do terreno;\r\n5.\tCoeficiente de aproveitamento;\r\n6.\tAltura da edifica\u00e7\u00e3o;\r\n7.\tTaxa de ocupa\u00e7\u00e3o;\r\n8.\tZoneamento.\r\n9.\tVaga de garagem.\r\n\r\n\u00a71\u00ba - A an\u00e1lise simplificada n\u00e3o dispensa a apresenta\u00e7\u00e3o dos projetos.\r\n\r\n\u00a72\u00ba - A an\u00e1lise para obten\u00e7\u00e3o de Alvar\u00e1 de Constru\u00e7\u00e3o ou de Legaliza\u00e7\u00e3o atrav\u00e9s da forma simplificada n\u00e3o exime o requerente em atender a todas as Normas T\u00e9cnicas e a Legisla\u00e7\u00e3o pertinente em vig\u00eancia exigida por outros \u00f3rg\u00e3os. \r\n\r\n\u00a73\u00ba- A an\u00e1lise para obten\u00e7\u00e3o de Alvar\u00e1 de Constru\u00e7\u00e3o ou de Legaliza\u00e7\u00e3o atrav\u00e9s da forma simplificada n\u00e3o atribui responsabilidade ao servidor que faz a an\u00e1lise o n\u00e3o atendimento a outros par\u00e2metros n\u00e3o elencados no caput.\r\n\r\n\r\nJustificativa:  \r\nDar celeridade na an\u00e1lise de processos de solicita\u00e7\u00e3o de Alvar\u00e1 de Constru\u00e7\u00e3o e Legaliza\u00e7\u00e3o em edifica\u00e7\u00f5es de menor complexidade no Departamento de Desenvolvimento Urbano.", 
            "kind": "plano-diretor-pcl-03-2016", 
            "modification_date": "2022-08-16T15:15:43-03:00", 
            "responses": [], 
            "review_state": "resolved", 
            "rg": "", 
            "title": "An\u00e1lise simplificada de par\u00e2metros urban\u00edsticos", 
            "uri": "https://www.castro.pr.leg.br/comunicacao-social/plano-diretor/sugestao-plano-diretor-1/20170920085126"
        }, 
        {
            "area": "juridico", 
            "captcha": "", 
            "cpf": "", 
            "creation_date": "2017-09-20T12:40:31-03:00", 
            "description": "Sugiro revis\u00e3o sobre o zoneamento estabelecido para a Vila Santa Cruz, tendo em vista a cria\u00e7\u00e3o de um novo loteamento na regi\u00e3o que ficar\u00e1 enquadrado em ZR-1, limitando muito a capacidade de adensamento e a possibilidade de constru\u00e7\u00e3o de empreendimentos imobili\u00e1rios acima de 2 pavimentos.\r\n\r\nO ideal seria esta \u00e1rea ser enquadra como ZR-2, sendo livre para o n\u00famero de pavimentos, resultando inclusive em um melhor uso da infraestrutura j\u00e1 existente , otimizando inclusive os recursos municipais com abastecimento de \u00e1gua e coleta de esgoto e drenagem, ilumina\u00e7\u00e3o p\u00fablica, vias de acesso, coleta de lixo e linhas de \u00f4nibus; vez que um maior adensamento nesta regi\u00e3o ocupar\u00e1 melhor os vazios urbanos existentes e minimizar\u00e1 a necessidade de expans\u00e3o sobre as \u00e1reas mais distantes e rurais para suprir a demanda habitacional.\r\n\r\nMelhorando os par\u00e2metros urban\u00edsticos desta regi\u00e3o, certamente ocorrer\u00e1 o interesse de construtoras e incorporadoras investirem em empreendimentos habitacionais de pequeno e m\u00e9dio porte.", 
            "kind": "uso-e-ocupacao-pcl-07-2016", 
            "modification_date": "2022-08-16T15:14:42-03:00", 
            "responses": [], 
            "review_state": "resolved", 
            "rg": "", 
            "title": "Altera\u00e7\u00e3o de Zoneamento", 
            "uri": "https://www.castro.pr.leg.br/comunicacao-social/plano-diretor/sugestao-plano-diretor-1/20170920124031"
        }, 
        {
            "area": "juridico", 
            "captcha": "", 
            "cpf": "", 
            "creation_date": "2017-09-20T14:04:01-03:00", 
            "description": "Altera\u00e7\u00e3o no Anexo X \u2013 Lista de Tipologia de Usos no uso de Comercio e Servi\u00e7os, retirar a metragem 200 m\u00b2  - Anexo X constante da Descri\u00e7\u00e3o - Uso Comercial e de Servi\u00e7os, considerando que a limita\u00e7\u00e3o de \u00e1rea para os estabelecimentos permitidos, fere ao permitido nos zoneamentos propostos. Por exemplo em determinado zoneamento eu posso construir um im\u00f3vel de at\u00e9 700 metros\u00b2, obedecendo todos os par\u00e2metros urban\u00edsticos, e mesmo eu tenho uma edifica\u00e7\u00e3o com 700m\u00b2 por\u00e9m eu n\u00e3o posso ter uma oficina mec\u00e2nica - linha pesada, porque na lei proposta tem uma limita\u00e7\u00e3o at\u00e9 200 m\u00b2. No meu entender deve-se seguir o permitido no zoneamento quanto a \u00e1rea a ser edificada para o uso, por\u00e9m limitar uma metragem a ser utilizada pode gerar transtornos aos empres\u00e1rios locais, bem como incentivar a ilegalidade. Por esse motivo solicito que n\u00e3o se tenha nenhuma limita\u00e7\u00e3o de \u00e1rea especifica, pois isso j\u00e1 est\u00e1 determinado na lei quanto ao seu zoneamento.", 
            "kind": "plano-diretor-pcl-03-2016", 
            "modification_date": "2022-08-16T15:14:24-03:00", 
            "responses": [], 
            "review_state": "resolved", 
            "rg": "", 
            "title": "Tipologia de Uso - Anexo X", 
            "uri": "https://www.castro.pr.leg.br/comunicacao-social/plano-diretor/sugestao-plano-diretor-1/20170920140401"
        }, 
        {
            "area": "juridico", 
            "captcha": "", 
            "cpf": "", 
            "creation_date": "2017-09-20T14:52:42-03:00", 
            "description": "Altera\u00e7\u00e3o da tipologia do uso de solo no ZONEAMENTO ZEGRAP\r\nsolicitamos que seja incluso na TABELA PERMITIDOS : CONDOMINIO RESIDENCIAL\r\nJUSTIFICATIVA\r\nPor ter condom\u00ednio residencial j\u00e1 aprovado (se j\u00e1 nos PERMISS\u00cdVEIS tem Residencial Transit\u00f3rio), entendemos que o Condom\u00ednio Residencial n\u00e3o trar\u00e1 diferentes impactos do que este.", 
            "kind": "uso-e-ocupacao-pcl-07-2016", 
            "modification_date": "2022-08-16T15:14:16-03:00", 
            "responses": [], 
            "review_state": "resolved", 
            "rg": "", 
            "title": "altera\u00e7ao  da tipologia do uso do solo no zoneamento ZEGRAP", 
            "uri": "https://www.castro.pr.leg.br/comunicacao-social/plano-diretor/sugestao-plano-diretor-1/20170920145242"
        }, 
        {
            "area": "juridico", 
            "captcha": "", 
            "cpf": "", 
            "creation_date": "2017-09-20T15:22:02-03:00", 
            "description": "Altera\u00e7\u00e3o no Anexo IX \u2013 TIPOLOGIAS DE USOS: ZONEAMENTO DA SEDE URBANA E DISTRITOS DO VALE DO RIBEIRA\r\nZONAS, SETORES E EIXOS PERMITIDOS PERMISS\u00cdVEIS (1) PROIBIDOS ZUM 1: Zona de Uso Misto 1 (PR-340)\r\n\r\nProposta \u00e9 para que sejam revistas as proibi\u00e7\u00f5es quanto a constru\u00e7\u00e3o de residenciais unifamiliares e multifamiliares na ZUM 1 : Zona de Uso Misto 1, PR 340, para que as mesmas entrem no rol das permiss\u00edveis, uma vez que j\u00e1 existe nesse local, h\u00e1 muitos anos a constru\u00e7\u00e3o de v\u00e1rias resid\u00eancias, inclusive as margens da PR340. Deve-se ainda pensar nas situa\u00e7\u00f5es de regulariza\u00e7\u00e3o fundi\u00e1ria, de \u00e1reas e/ou edifica\u00e7\u00f5es da referida zona, uma vez que a proibi\u00e7\u00e3o, impedir\u00e1 esses casos. De outro lado, edifica\u00e7\u00f5es que se pretenda fazer, dentro dos par\u00e2metros, com a devida autoriza\u00e7\u00e3o (Alvar\u00e1, Habite-se) n\u00e3o poder\u00e3o ser feitas, dando margem a irregularidades, vez que estar\u00e1 sendo limitado o direito de uso da propriedade dos mun\u00edcipes que s\u00e3o propriet\u00e1rios de \u00e1rea naquela zona.", 
            "kind": "uso-e-ocupacao-pcl-07-2016", 
            "modification_date": "2022-08-16T15:14:09-03:00", 
            "responses": [], 
            "review_state": "resolved", 
            "rg": "", 
            "title": "Tipologia de Uso - Anexo IX", 
            "uri": "https://www.castro.pr.leg.br/comunicacao-social/plano-diretor/sugestao-plano-diretor-1/20170920152202"
        }, 
        {
            "area": "juridico", 
            "captcha": "", 
            "cpf": "", 
            "creation_date": "2017-09-20T16:58:39-03:00", 
            "description": "Existem hoje diversas propriedades que s\u00e3o seccionadas/cont\u00edguas pelos Per\u00edmetros Urbanos e essas propriedades ficam a margem da interpreta\u00e7\u00e3o do profissional que analise o pedido por exemplo de um loteamento ou condom\u00ednio dentro dessas \u00e1reas, portanto solicitamos que seja inserido este artigo afim de sanar essa possibilidade de d\u00favida do profissional que analisar\u00e1 o processo ou eventuais d\u00favidas jur\u00eddicas. Entendemos que desta forma fica claro quem tem direito e quem n\u00e3o tem direito.", 
            "kind": "perimetro-urbano-pcl-06-2016", 
            "modification_date": "2022-08-16T15:14:02-03:00", 
            "responses": [], 
            "review_state": "resolved", 
            "rg": "", 
            "title": "Inser\u00e7\u00e3o do seguinte artigo Art. Xx: As \u00e1reas seccionadas/cont\u00edguas aos Per\u00edmetros Urbanos independentemente da quantidade de \u00e1rea, passam a ter as caracter\u00edsticas urbanas do zoneamento contiguo.", 
            "uri": "https://www.castro.pr.leg.br/comunicacao-social/plano-diretor/sugestao-plano-diretor-1/20170920165839"
        }, 
        {
            "area": "juridico", 
            "captcha": "", 
            "cpf": "", 
            "creation_date": "2017-09-20T17:08:21-03:00", 
            "description": "Altera\u00e7\u00e3o no Anexo IX \u2013 Tipologia de Usos no Zoneamento de ZUPA Do Mapa do Zoneamento da Sede de Castro Anexo III   , inclus\u00e3o na tabela \u201cPERMITIDO\u201d Resid\u00eancia Unifamiliar e nos \u201cPERMISSIVEIS\u201d Loteamento/Condom\u00ednio Residencial conforme a tabela em anexo.\r\n\r\n\r\n\r\nSolicitamos a Inclus\u00e3o de Resid\u00eancia Unifamiliar por entendermos n\u00e3o poder ser tirado o direito a qualquer mun\u00edcipe de construir a sua moradia, e solicitamos a inclus\u00e3o de Loteamento/Condom\u00ednio pois temos a inten\u00e7\u00e3o de lotear futuramente uma \u00e1rea, seccionada pelo Per\u00edmetro Urbano conforme", 
            "kind": "uso-e-ocupacao-pcl-07-2016", 
            "modification_date": "2022-08-16T15:13:55-03:00", 
            "responses": [], 
            "review_state": "resolved", 
            "rg": "", 
            "title": "ZUI\u2013 Zona Urbana de Impacto", 
            "uri": "https://www.castro.pr.leg.br/comunicacao-social/plano-diretor/sugestao-plano-diretor-1/20170920170821"
        }, 
        {
            "area": "juridico", 
            "captcha": "", 
            "cpf": "", 
            "creation_date": "2017-09-20T18:01:27-03:00", 
            "description": "solicito a inclus\u00e3o no anexo IX - TIPOLOGIA DE USOS, na tabela \u201cPERMITIDO\u201d Resid\u00eancia Unifamiliar e nos \u201cPERMISSIVEIS\u201d Loteamento, Condom\u00ednio Residencial e demais tipos de residenciais. Solicito a Inclus\u00e3o de Resid\u00eancial por entender que n\u00e3o poder ser tirado o direito de constru\u00e7\u00e3o residencial e limitar \u00e0 algum tipo de comercio, quanto a inclus\u00e3o de Loteamento/Condom\u00ednio em PERMISSIVEIS pois varias \u00e1rea est\u00e3o no zoneamento ZUI mas n\u00e3o possuem potencial para nenhum tipo de comercio, limitando-se assim a residencias.", 
            "kind": "uso-e-ocupacao-pcl-07-2016", 
            "modification_date": "2022-08-16T15:13:47-03:00", 
            "responses": [], 
            "review_state": "resolved", 
            "rg": "", 
            "title": "permi\u00e7\u00f5es em ZUI", 
            "uri": "https://www.castro.pr.leg.br/comunicacao-social/plano-diretor/sugestao-plano-diretor-1/20170920180127"
        }, 
        {
            "area": "juridico", 
            "captcha": "", 
            "cpf": "", 
            "creation_date": "2017-09-20T20:25:41-03:00", 
            "description": "Solicitamos a inser\u00e7\u00e3o de um artigo na Lei de Parcelamento de Solo (Projeto de Lei 03) no que diz respeito sobre Condom\u00ednio Urban\u00edstico (T\u00edtulo IV) sobre a quest\u00e3o das \u00e1reas verdes destacamos que , como consta no Art.22 \u201c que \u00e9 vedado a exist\u00eancia de logradouros p\u00fablicos internamente ao seu per\u00edmetro, salvo \u00e1reas verdes mediante autoriza\u00e7\u00e3o do \u00f3rg\u00e3o de meio ambiente\u201d .\r\n\r\nJustificativa de proposta de emenda:\r\n\r\nQuando o Condom\u00ednio Urban\u00edstico apresentar \u00e1rea verde no percentual m\u00ednimo exigido no Art. 12 inciso II das contrapartidas do Parcelamento, mesmo que inserido internamente o mesmo ser\u00e1 aceito e n\u00e3o ser\u00e1 exigido \u00e1rea verde externa ao condom\u00ednio, pois a principal fun\u00e7\u00e3o das \u00e1reas verdes urbanas s\u00e3o consideradas como o conjunto de \u00e1reas intraurbanas que apresentam cobertura vegetal, arb\u00f3rea (nativa e introduzida), arbustiva ou rasteira (gram\u00edneas) e que contribuem de modo significativo para a qualidade de vida e o equil\u00edbrio ambiental nas cidades, portanto sendo interna ou externa a \u00e1rea verde cumpre com sua fun\u00e7\u00e3o com a cidade.", 
            "kind": "uso-e-ocupacao-pcl-07-2016", 
            "modification_date": "2022-08-16T15:12:45-03:00", 
            "responses": [], 
            "review_state": "resolved", 
            "rg": "", 
            "title": "Doa\u00e7\u00e3o de \u00e1reas verdes p/ Condom\u00ednios fechados.", 
            "uri": "https://www.castro.pr.leg.br/comunicacao-social/plano-diretor/sugestao-plano-diretor-1/20170920202541"
        }, 
        {
            "area": "administracao", 
            "captcha": "", 
            "cpf": "", 
            "creation_date": "2015-12-07T13:44:13-02:00", 
            "description": "N\u00e3o h\u00e1 dispon\u00edvel a grava\u00e7\u00e3o da sess\u00e3o de 02-12-2015 (somente h\u00e1 a de 19-11-15). \u00c9 poss\u00edvel colocar no site?\r\nDa mesma maneira pergunto sobre as demais sess\u00f5es.\r\nObrigado!", 
            "kind": "solicitaassapso", 
            "modification_date": "2025-02-25T11:18:17-03:00", 
            "responses": [
                {
                    "creator": "claudiag", 
                    "date": "2021-06-30T13:29:58.210429", 
                    "id": 1, 
                    "review_state": "Moving", 
                    "text": "Boa tarde Christian,\r\n\r\nCom o advento da Lei Geral de Prote\u00e7\u00e3o de Dados estamos revendo alguns protocolos e pend\u00eancias. \r\n\r\nObservamos que fez essa solicita\u00e7\u00e3o em 2015, mas n\u00e3o encontramos registro de que tenha sido respondida.\r\n\r\nCaso j\u00e1 tenha recebido o retorno, pedimos desculpa pela duplicidade. \r\n\r\nH\u00e1 alguns anos a C\u00e2mara fez a migra\u00e7\u00e3o de um site antigo para o novo portal. \r\n\r\nNo novo endere\u00e7o n\u00e3o est\u00e3o dispon\u00edveis os \u00e1udios antigos. Caso ainda precise desse arquivo temos dispon\u00edveis em nossos arquivos internos e podemos disponibilizar.\r\n \r\nNo canal da C\u00e2mara no Youtube voc\u00ea encontra os \u00e1udios desde 2016.\r\n\r\nObrigada por entrar em contato conosco.\r\n\r\n\r\n"
                }
            ], 
            "review_state": "resolved", 
            "rg": "", 
            "title": "Arquivo da sess\u00e3o", 
            "uri": "https://www.castro.pr.leg.br/ouvidoria/20151207134413"
        }, 
        {
            "area": "ouvidoria", 
            "captcha": "", 
            "cpf": "", 
            "creation_date": "2017-04-04T14:46:26-03:00", 
            "description": "AO(A) EXCELENTISSIMO(A) SENHOR(A) PRESIDENTE DA CAMARA MUNICIPAL DE VEREADORES\r\n\r\n\r\n\r\nAssunto: Pedido de Acesso a Informa\u00e7\u00f5es\r\n\r\n\r\nDados do requerente:\r\n\r\nRaz\u00e3o Social: P & A Consultores Associados Ltda. \r\nCNPJ: 14.798.325/0001-76 \r\nEndere\u00e7o f\u00edsico: Cascavel/PR \r\nTelefones para contato: (45) 99972 1828 e (45) 99115 0404\r\nEndere\u00e7o eletr\u00f4nico (e-mail): pesquisa@peaconsultores.com.br\r\n\r\n\r\nCom amparo na Lei Federal n\u02da 12.527/11, conhecida como \u201cLei de Acesso \u00e0 Informa\u00e7\u00e3o\u201d, em especial seu art. 7\u02da, solicitamos as seguintes informa\u00e7\u00f5es:\r\n\r\n1)\tQuantos vereadores possui a C\u00e2mara Municipal na atual legislatura? Em 2016, o n\u00famero de vereadores era o mesmo que na atual legislatura?\r\n2)\tQual o valor total empenhado e o valor total pago no exerc\u00edcio financeiro de 2016 pela C\u00e2mara Municipal?\r\n3)\tQual foi o percentual de recursos efetivamente aplicados no legislativo em rela\u00e7\u00e3o ao or\u00e7amento municipal (art. 29-A da CF), considerando o exerc\u00edcio financeiro 2016?\r\n4)\tQuantas leis foram aprovadas em 2016 pela C\u00e2mara Municipal?\r\n5)\tQuantos requerimentos foram aprovados em 2016 pela C\u00e2mara Municipal?\r\n6)\tQuantas indica\u00e7\u00f5es foram aprovadas em 2016 pela C\u00e2mara Municipal?\r\n7)\tQuantos servidores efetivos (concursados) a C\u00e2mara possu\u00eda em 01/12/2016?\r\n8)\tQuantas pessoas ocupavam cargos comissionados na C\u00e2mara em 01/12/2016?\r\n9)\tDo total de servidores (efetivos + comissionados) da C\u00e2mara em 01/12/2016, quantos estavam lotados em gabinetes de vereadores e quantos eram lotados nas demais fun\u00e7\u00f5es da C\u00e2mara (comiss\u00f5es, presid\u00eancia, fun\u00e7\u00f5es administrativas, entre outras)?\r\n\r\nSolicitamos tamb\u00e9m que as respostas sejam enviadas por meio eletr\u00f4nico ao endere\u00e7o indicado (e-mail: pesquisa@peaconsultores.com.br), em raz\u00e3o da agilidade e economia ao er\u00e1rio, observando o prazo legal de at\u00e9 20 dias para resposta (art. 11 da LAI).\r\n\r\nMotivo da solicita\u00e7\u00e3o: pesquisa.\r\n\r\nDesde j\u00e1 agradecemos.", 
            "kind": "pedido-de-acesso-a-informaassapso", 
            "modification_date": "2021-06-30T15:32:58-03:00", 
            "responses": [
                {
                    "creator": "claudiag", 
                    "date": "2021-06-30T15:32:39.755601", 
                    "id": 1, 
                    "review_state": "Pending", 
                    "text": "\r\nBoa tarde,\r\n\r\nCom o advento da Lei Geral de Prote\u00e7\u00e3o de Dados estamos revendo alguns protocolos e pend\u00eancias.\r\n\r\nObservamos que fez essa solicita\u00e7\u00e3o h\u00e1 algum tempo, mas n\u00e3o encontramos registro de que tenha sido respondida.\r\n\r\nCaso j\u00e1 tenha recebido o retorno, pedimos desculpa pela duplicidade.\r\n\r\nComo a necessidade de informa\u00e7\u00f5es era para pesquisa no ano de 2017, acreditamos que a demanda j\u00e1 tenha sido sanada.\r\n\r\nA C\u00e2mara Municipal agradece o contato."
                }
            ], 
            "review_state": "resolved", 
            "rg": "", 
            "title": "acesso \u00e0 Informa\u00e7\u00e3o - diversos", 
            "uri": "https://www.castro.pr.leg.br/ouvidoria/20170404144626"
        }, 
        {
            "area": "administracao", 
            "captcha": "", 
            "cpf": "", 
            "creation_date": "2017-09-08T20:42:55-03:00", 
            "description": "Gostaria de saber como podemos cobrar direitos garantidos em lei sobre a obrigatoriedade de crian\u00e7as com 4 anos ter o direito de estar matriculadas na Educa\u00e7\u00e3o Infantil. \r\nComo poderemos fazer se n\u00e3o \u00e0 vaga suficiente para todas as crian\u00e7as? ??\r\nCrian\u00e7as que desde 2014 ou at\u00e9 antes na lista de espera e at\u00e9 2017 nada.\r\nSer\u00e1 que em 2018 conseguiremos? ??\r\nGrupo de m\u00e3es precisam de respostas.", 
            "kind": "solicitaassapso", 
            "modification_date": "2021-07-08T14:34:10-03:00", 
            "responses": [
                {
                    "creator": "claudiag", 
                    "date": "2021-07-08T14:34:00.693795", 
                    "id": 1, 
                    "review_state": "Moving", 
                    "text": "Boa tarde,\r\n\r\nCom o advento da Lei Geral de Prote\u00e7\u00e3o de Dados estamos revendo alguns protocolos e pend\u00eancias.\r\n\r\nObservamos que fez essa solicita\u00e7\u00e3o h\u00e1 algum tempo, mas n\u00e3o encontramos registro de que tenha sido respondida.\r\n\r\nCaso j\u00e1 tenha recebido o retorno, pedimos \u200bdesculpa pela duplicidade.\r\n\r\nCom rela\u00e7\u00e3o a sua solicita\u00e7\u00e3o, seguem as informa\u00e7\u00f5es:\r\n\r\nConforme of\u00edcio enviado pela Secretaria Municipal de Educa\u00e7\u00e3o, o Plano Nacional de Educa\u00e7\u00e3o(PNE) cuja vig\u00eancia vai de 2014 a 2024, a meta era universalizar at\u00e9 2016 o acesso de crian\u00e7as de 4 a 5 anos na pr\u00e9-escola, e ampliar a oferta de Educa\u00e7\u00e3o Infantil em Creches de forma a atender, no m\u00ednimo, 50% das crian\u00e7as de at\u00e9 3 anos at\u00e9 o final da vig\u00eancia em 2024. A Secretaria informou portanto que, desde 2016, est\u00e1 cumprindo a legisla\u00e7\u00e3o e n\u00e3o h\u00e1 lista de espera para a reerida faixa et\u00e1ria.\r\n\r\nA C\u00e2mara Municipal agradece seu contato."
                }
            ], 
            "review_state": "resolved", 
            "rg": "", 
            "title": "Vagas em cmeis", 
            "uri": "https://www.castro.pr.leg.br/ouvidoria/20170908204255"
        }, 
        {
            "area": "administracao", 
            "captcha": "", 
            "cpf": "", 
            "creation_date": "2017-11-10T08:48:18-02:00", 
            "description": "ASSUNTO: Pedido de Lei de Acesso \u00e0 Informa\u00e7\u00e3o sobre cargos comissionados em c\u00e2maras municipais dos Campos Gerais para produ\u00e7\u00e3o de mat\u00e9ria que compare a presta\u00e7\u00e3o de informa\u00e7\u00f5es p\u00fablicas na regi\u00e3o\r\n\r\n1) Qual \u00e9 o n\u00famero total de servidores em setembro de 2017 na C\u00e2mara Municipal?\r\n2) Qual \u00e9 o n\u00famero total de servidores concursados em setembro de 2017 na C\u00e2mara Municipal?\r\n3) Qual \u00e9 o n\u00famero total de servidores comissionados em setembro de 2017 na C\u00e2mara Municipal?\r\n4)Solicitamos encaminhar uma lista indicando os nomes, onde est\u00e3o lotados e quanto ganham os servidores de cargos comissionados em setembro de 2017 na C\u00e2mara Municipal.\r\n5) Quantos servidores t\u00eam sal\u00e1rios acima do teto? Onde esses servidores est\u00e3o lotados? Indique se s\u00e3o comissionados ou concursados.", 
            "kind": "pedido-de-acesso-a-informaassapso", 
            "modification_date": "2021-06-30T15:36:58-03:00", 
            "responses": [
                {
                    "creator": "claudiag", 
                    "date": "2021-06-30T15:36:17.173184", 
                    "id": 1, 
                    "review_state": "Pending", 
                    "text": "Boa tarde,\r\n\r\nCom o advento da Lei Geral de Prote\u00e7\u00e3o de Dados estamos revendo alguns protocolos e pend\u00eancias.\r\n\r\nObservamos que fez essa solicita\u00e7\u00e3o h\u00e1 algum tempo, mas n\u00e3o encontramos registro de que tenha sido respondida.\r\n\r\nCaso j\u00e1 tenha recebido o retorno, pedimos desculpa pela duplicidade.\r\n\r\nComo a solicita\u00e7\u00e3o de informa\u00e7\u00e3o era para mat\u00e9ria a ser escrita em 2017, acreditamos que a demanda inexiste hoje.\r\n\r\nA C\u00e2mara de Castro agradece seu contato."
                }
            ], 
            "review_state": "resolved", 
            "rg": "", 
            "title": "Cargos comissionados", 
            "uri": "https://www.castro.pr.leg.br/ouvidoria/20171110084818"
        }, 
        {
            "area": "plenario", 
            "captcha": "", 
            "cpf": "", 
            "creation_date": "2018-05-24T16:38:23-03:00", 
            "description": "Boa Tarde,\r\n\r\nNa cidade de Castro poder\u00e1 ter uma Lei assim. Aguardo retorno.\r\n\r\n\r\nLei que pro\u00edbe roj\u00f5es com estouro em SP \u00e9 sancionada ap\u00f3s peti\u00e7\u00e3o\r\nPor Change.org\r\npor Change.org Brasil Rede Catraca Livre\r\n17/05/2018 \ue8ae 12:29 | Atualizado: 23/05/2018 \ue8ae 10:51\r\n\r\nO prefeito de S\u00e3o Paulo, Bruno Covas, sancionou na manh\u00e3 desta quarta-feira, 23, a lei que pro\u00edbe a venda e o uso de fogos de artif\u00edcio com barulho, como roj\u00f5es. A aprova\u00e7\u00e3o, tanto do prefeito quanto da C\u00e2mara dos Vereadores, se deu gra\u00e7as \u00e0 press\u00e3o de 73 mil pessoas que assinaram uma campanha criada na Change.org, foram a reuni\u00f5es na C\u00e2mara cobrar uma posi\u00e7\u00e3o dos vereadores e mantiveram a mobiliza\u00e7\u00e3o viva.\r\n\r\nA peti\u00e7\u00e3o traz relatos de fam\u00edlias que t\u00eam filhos autistas - muitas vezes, o estouro dos fogos faz as crian\u00e7as terem convuls\u00f5es. Quem tem animais, como c\u00e3es e gatos, tamb\u00e9m relata que os animais sofrem com o barulho dos roj\u00f5es.\r\n\r\n\r\n\r\n\r\n\r\nCachorro se machucou ap\u00f3s explos\u00e3o de roj\u00e3o, em Botucatu (interior de S\u00e3o Paulo)\r\n\r\nLeia a campanha: www.change.org/SP-semfogoscomruido\r\n\r\nO prefeito recebeu o autor da peti\u00e7\u00e3o em seu gabinete, que entregou ao tucano o DVD com as 73 mil assinaturas. \"Agora vai ser preciso informar a popula\u00e7\u00e3o sobre esta proibi\u00e7\u00e3o, j\u00e1 que estamos \u00e0s v\u00e9speras da Copa\", destacou Covas.\r\n\r\nA campanha \u00e9 liderada por Rog\u00e9rio Nagai, porta-voz de um grupo de defensores dos direitos de crian\u00e7as com autismo e de ativistas em defesa dos animais. Na reuni\u00e3o com o prefeito, ele lembrou que o \"desafio principal para a aplica\u00e7\u00e3o da lei ser\u00e1 a fiscaliza\u00e7\u00e3o\".\r\n\r\nA lei pro\u00edbe manuseio, utiliza\u00e7\u00e3o, queima e soltura de fogos de estampidos e artif\u00edcio, assim como de quaisquer artefatos pirot\u00e9cnicos, de efeito sonoro e ruidoso.\r\n\r\nDezenas de relatos mostram como os fogos de artif\u00edcio com barulho afetam as pessoas. Carlos Eduardo Menezes, por exemplo, tem uma filha com autismo e diz conviver com v\u00e1rias pessoas com o mesmo dist\u00farbio. \"A grande maioria \u00e9 afetada por este problema [dos roj\u00f5es], que pode ser evitado\", contou ele, em coment\u00e1rio publicado no abaixo-assinado.\r\n\r\n\r\n\r\n\r\nComent\u00e1rios na peti\u00e7\u00e3o mostram que roj\u00f5es com barulho prejudicam muito\r\n\r\nDinarte Francisco, que tamb\u00e9m assinou a peti\u00e7\u00e3o, conta ter seis cachorros e que eles se estressam com o barulho dos roj\u00f5es. \"Sei o quanto eles se amedrontam e sofrem com esta brincadeira sem gra\u00e7a\".\r\n\r\nAl\u00e9m da peti\u00e7\u00e3o de Rog\u00e9rio, mais de 73 mobiliza\u00e7\u00f5es foram criadas em todo o pa\u00eds pedindo leis para proibir a venda de roj\u00f5es com estampido. As campanhas est\u00e3o reunidas em um Movimento, e pedem tanto leis nacionais, que valham para todo o Brasil, quanto leis municipais.\r\n\r\nMais de 160 mil pessoas assinaram contra fogos de artif\u00edcio em cidades como Salvador, Florian\u00f3polis, Belo Horizonte, Bauru e outras.", 
            "kind": "solicitaassapso", 
            "modification_date": "2021-06-30T15:46:21-03:00", 
            "responses": [
                {
                    "creator": "claudiag", 
                    "date": "2021-06-30T15:45:51.567729", 
                    "id": 1, 
                    "review_state": "Pending", 
                    "text": "Boa tarde,\r\n\r\nCom o advento da Lei Geral de Prote\u00e7\u00e3o de Dados estamos revendo alguns protocolos e pend\u00eancias.\r\n\r\nObservamos que fez essa solicita\u00e7\u00e3o h\u00e1 algum tempo, mas n\u00e3o encontramos registro de que tenha sido respondida.\r\n\r\nCaso j\u00e1 tenha recebido o retorno, pedimos desculpa pela duplicidade.\r\n\r\nCastro possui desde 2020 uma lei que pro\u00edbe a fabrica\u00e7\u00e3o, a comercializa\u00e7\u00e3o, o manuseio, a utiliza\u00e7\u00e3o, a queima, e a soltura de fogos, ela pode ser encontrada no seguinte link: https://sapl.castro.pr.leg.br/media/sapl/public/normajuridica/2020/3270/lei_3726-2020.pdf\r\n\r\nA C\u00e2mara Municipal agradece seu contato."
                }
            ], 
            "review_state": "resolved", 
            "rg": "", 
            "title": "Fogos de Artif\u00edcio (roj\u00f5es)", 
            "uri": "https://www.castro.pr.leg.br/ouvidoria/20180524163823"
        }, 
        {
            "area": "assessoria-legislativa-e-juridica", 
            "captcha": "", 
            "cpf": "", 
            "creation_date": "2019-02-18T13:49:12-03:00", 
            "description": "Verifiquei no estatuto que h\u00e1 a possibilidade de se cumprir essa lei, quem sabe baseando-se na renda do idoso.", 
            "kind": "daovida", 
            "modification_date": "2021-06-30T15:49:03-03:00", 
            "responses": [
                {
                    "creator": "Thiago", 
                    "date": "2019-03-01T13:01:53.759767", 
                    "id": 1, 
                    "review_state": "Moving", 
                    "text": "Ol\u00e1! Segundo o Jur\u00eddico da C\u00e2mara Municipal, o IPTU de Castro \u00e9 determinado pelo C\u00f3digo Tribut\u00e1rio Municipal, os vereadores n\u00e3o podem realizar uma lei determinando isen\u00e7\u00e3o e somente o Poder Executivo (Prefeitura) poderia realizar essa altera\u00e7\u00e3o. No entanto, estaremos repassando a sua solicita\u00e7\u00e3o para os vereadores para que eles tomem conhecimento e tomem as medidas que acharem necess\u00e1rias."
                }
            ], 
            "review_state": "resolved", 
            "rg": "", 
            "title": "Gostaria de saber qual a posi\u00e7\u00e3o da C\u00e2mara quanto a essa lei do estatuto do idoso, que fala sobre a isen\u00e7\u00e3o do IPTU...          Outra importante medida \u00e9 a concess\u00e3o de isen\u00e7\u00e3o de IPTU para idosos, o imposto que \u00e9 devido por quem tem casa, terreno ou outro tipo de im\u00f3vel urbano. Como se trata de um imposto que \u00e9 pago para cada munic\u00edpio, somente por lei editada pela respectiva C\u00e2mara Municipal \u00e9 que a isen\u00e7\u00e3o pode ser concedida.     Vale lembrar que a \u201cgratuidade\u201d do IPTU surgiu em decorr\u00eancia da necessidade de facilitar e melhorar a vida dos idosos no que se refere a sua moradia, ajudando-os a ter uma vida minimamente digna, pois o valor economizado pode servir para aquisi\u00e7\u00e3o de outros bens mais essenciais \u00e0 sua qualidade vida, como rem\u00e9dios, alimenta\u00e7\u00e3o etc. Obrigada pela aten\u00e7\u00e3o", 
            "uri": "https://www.castro.pr.leg.br/ouvidoria/20190218134912"
        }, 
        {
            "area": "administracao", 
            "captcha": "", 
            "cpf": "", 
            "creation_date": "2019-03-04T15:46:53-03:00", 
            "description": "Boa tarde!\r\nVenho  solicitar listagem atualizada dos Conselhos Municipais de Direitos existentes em Castro, bem como locais e dias de reuni\u00e3o dos mesmos.\r\nRespeitosamente Cristina G.B.A. Schrattener", 
            "kind": "solicitaassapso", 
            "modification_date": "2021-06-30T15:47:24-03:00", 
            "responses": [
                {
                    "creator": "Thiago", 
                    "date": "2019-03-08T17:56:11.590743", 
                    "id": 1, 
                    "review_state": "Moving", 
                    "text": "Boa tarde. A responsabilidade de cria\u00e7\u00e3o e nomea\u00e7\u00e3o dos Conselhos Municipais \u00e9 atribui\u00e7\u00e3o do Poder Executivo. Sugerimos que protocole a mesma d\u00favida na ouvidoria da Prefeitura. No entanto, tamb\u00e9m estaremos encaminhando sua d\u00favida para os vereadores para que eles possam tomar as medidas cab\u00edveis."
                }
            ], 
            "review_state": "resolved", 
            "rg": "", 
            "title": "Conselhos municipais de Direitos", 
            "uri": "https://www.castro.pr.leg.br/ouvidoria/20190304154653"
        }, 
        {
            "area": "secretaria-legislativa", 
            "captcha": "", 
            "cpf": "", 
            "creation_date": "2019-06-21T10:42:26-03:00", 
            "description": "Bom dia!\r\nVenho por meio desta, solicitar que tomem provid\u00eancias na rotat\u00f3ria/trevo de acesso a cidade de Castro-PR, (Rodovia PR 151, KM 289-Leste e 288-Oeste) junto ao DER ou a Concession\u00e1ria que administra a Rodovia, pois as medidas utilizadas s\u00e3o insuficientes para a seguran\u00e7a tanto de pedestres quanto dos ve\u00edculos que entram e saem da cidade de Castro-PR. S\u00e3o in\u00fameros acidentes causados no local por falta de funcionamento do Radar colocado, onde a velocidade de 60 km/h \u00e9 insegura e inaceit\u00e1vel, pois trata-se de equiparadamente a um trecho urbano, pela quantidade de tr\u00e1fego/pedestres, onde a velocidade deveria ser 40 km/h. Ou uma trincheira \u00e9 constru\u00edda para sa\u00edda dos ve\u00edculos da cidade e uma passarela para pedestres, ou p\u00f5e pra funcionar os radares reduzindo a velocidade para 40 km/h. Ou melhor ainda, se colocassem umas 3 lombadas de cada lado no trevo de acesso a Cidade, da\u00ed resolveria o problema. Busquem informa\u00e7\u00f5es na pol\u00edcia rodovi\u00e1ria e ver\u00e3o a quantidade de acidentes no local, sendo quase todos considerados graves e fatais. Radar n\u00e3o salva vidas, s\u00f3 pune o bolso dos idiotas que n\u00e3o respeitam o c\u00f3digo de tr\u00e2nsito brasileiro. Todos somos correspons\u00e1veis destas desgra\u00e7as que acontecem mensalmente. O \u00faltimo caso est\u00e1 na UTI em Ponta Grossa, entre a vida e morte. Inaceit\u00e1vel um ped\u00e1gio t\u00e3o caro e uma seguran\u00e7a t\u00e3o pequena para nossa Cidade, principalmente no lugar onde entramos para come\u00e7ar a pagar. Ou seja, o acesso aquilo que deveria ser de alta seguran\u00e7a, \u00e9 na verdade uma armadilha para os castrenses.", 
            "kind": "reclamaassapso", 
            "modification_date": "2021-07-01T13:50:25-03:00", 
            "responses": [
                {
                    "creator": "claudiag", 
                    "date": "2021-07-01T13:49:40.824405", 
                    "id": 1, 
                    "review_state": "Moving", 
                    "text": "Boa tarde Ali,\r\n\r\nCom o advento da Lei Geral de Prote\u00e7\u00e3o de Dados estamos revendo alguns protocolos e pend\u00eancias.\r\n\r\nObservamos que fez essa solicita\u00e7\u00e3o h\u00e1 algum tempo, mas n\u00e3o encontramos registro de que tenha sido respondida.\r\n\r\nCaso j\u00e1 tenha recebido o retorno, pedimos desculpa pela duplicidade.\r\n\r\nA seguran\u00e7a neste trecho da PR 151 foi tema de alguns requerimentos apresentados na C\u00e2mara pelos vereadores e encaminhados ao DER. \r\n\r\nHoje em dia, como noticiado em jornais e por \u00f3rg\u00e3os oficiais, est\u00e1 sendo constru\u00edda nova trincheira em um dos acessos a cidade, a qual esperamos melhore o tr\u00e1fego e diminua o n\u00famero de acidentes no trecho mencionado.\r\n\r\nA C\u00e2mara Municipal agradece o contato e permanece a disposi\u00e7\u00e3o.   \r\n\r\n"
                }
            ], 
            "review_state": "resolved", 
            "rg": "", 
            "title": "trincheira de acesso a cidade", 
            "uri": "https://www.castro.pr.leg.br/ouvidoria/20190621104226"
        }, 
        {
            "area": "ouvidoria", 
            "captcha": "", 
            "cpf": "", 
            "creation_date": "2019-09-11T22:46:17+00:00", 
            "description": "Como anda as negocia\u00e7\u00f5es para isen\u00e7\u00e3o de IPTU para idosos acima de 65 anos?", 
            "kind": "solicitaassapso", 
            "modification_date": "2021-06-30T16:00:46-03:00", 
            "responses": [
                {
                    "creator": "claudiag", 
                    "date": "2021-06-30T15:59:40.874494", 
                    "id": 1, 
                    "review_state": "Pending", 
                    "text": "Boa tarde Michel,\r\n\r\nCom o advento da Lei Geral de Prote\u00e7\u00e3o de Dados estamos revendo alguns protocolos e pend\u00eancias.\r\n\r\nObservamos que fez essa solicita\u00e7\u00e3o h\u00e1 algum tempo, mas n\u00e3o encontramos registro de que tenha sido respondida.\r\n\r\nCaso j\u00e1 tenha recebido o retorno, pedimos desculpa pela duplicidade.\r\n\r\nSegundo o Jur\u00eddico da C\u00e2mara Municipal, o IPTU de Castro \u00e9 determinado pelo C\u00f3digo Tribut\u00e1rio Municipal, os vereadores n\u00e3o podem realizar uma lei determinando isen\u00e7\u00e3o e somente o Poder Executivo (Prefeitura) poderia realizar essa altera\u00e7\u00e3o.\r\n\r\nA C\u00e2mara Municipal agradece seu contato."
                }
            ], 
            "review_state": "resolved", 
            "rg": "", 
            "title": "Isen\u00e7\u00e3o do IPTU para idosos acima de 65 anos", 
            "uri": "https://www.castro.pr.leg.br/ouvidoria/20190911224617"
        }, 
        {
            "area": "plenario", 
            "captcha": "", 
            "cpf": "", 
            "creation_date": "2019-09-18T22:01:12+00:00", 
            "description": "Boa noite, gostaria de saber se n\u00e3o seria poss\u00edvel implantar em Castro a lei da focinheira assim como em S\u00e3o Paulo ,Curitiba,  Ponta Grossa entre tantas onde diz que c\u00e3es de ra\u00e7as notoriamente violentas tem que andar na rua ,parques e locais p\u00fablicos com guia e algumas ra\u00e7as focinheira, pois tenho observado que existe esse perigo para as pessoas e c\u00e3es menores pela falta de bom senso de alguns propriet\u00e1rios desses c\u00e3es, j\u00e1 presenciei inclusive ataques e discuss\u00f5es no parque lacustre por conta da falta dessa lei que deixa a guarda de m\u00e3os amarradas. \r\nGrato.", 
            "kind": "sugestapso", 
            "modification_date": "2021-07-01T13:33:31-03:00", 
            "responses": [
                {
                    "creator": "claudiag", 
                    "date": "2021-07-01T13:31:52.476709", 
                    "id": 1, 
                    "review_state": "Pending", 
                    "text": "Boa tarde Anderson,\r\n\r\nCom o advento da Lei Geral de Prote\u00e7\u00e3o de Dados estamos revendo alguns protocolos e pend\u00eancias.\r\n\r\nObservamos que fez essa solicita\u00e7\u00e3o h\u00e1 algum tempo, mas n\u00e3o encontramos registro de que tenha sido respondida.\r\n\r\nCaso j\u00e1 tenha recebido o retorno, pedimos desculpa pela duplicidade.\r\n\r\nA lei que obriga o uso de focinheira em locais p\u00fablicos de Castro j\u00e1 existe e est\u00e1 vigente desde 2009.\r\n\r\nVoc\u00ea pode encontr\u00e1-la na \u00edntegra atrav\u00e9s do link: https://leismunicipais.com.br/a2/pr/c/castro/lei-ordinaria/2009/196/1952/lei-ordinaria-n-1952-2009-dispoe-sobre-a-politica-de-controle-da-natalidade-de-caes-e-gatos-e-da-outras-providencias?q=focinheira.\r\n\r\nAbaixo segue o artigo que imp\u00f5e tal condi\u00e7\u00e3o:\r\n\r\nArt. 5\u00ba Aos propriet\u00e1rios de animais encontrados soltos nas ruas, pra\u00e7as, estradas e logradouros, ser\u00e3o aplicadas as regras estabelecidas no C\u00f3digo de Posturas do Munic\u00edpio de Castro, Cap\u00edtulo III, Se\u00e7\u00e3o IV, que disp\u00f5e sobre as Medidas Referentes aos Animais.\r\n\r\nPar\u00e1grafo \u00danico - Na condu\u00e7\u00e3o em vias p\u00fablicas, logradouros ou locais de acesso p\u00fablico de c\u00e3es das ra\u00e7as \"pit bull\", \"rotweiller\", \"mastin napolitano\", \"american stafforshire terrie\", ra\u00e7as derivadas ou varia\u00e7\u00f5es especificadas, e outras especificadas em regulamento, \u00e9 obrigat\u00f3rio o uso de focinheira e enforcador, sob pena de aplicar-se o estabelecido no C\u00f3digo de Posturas do Munic\u00edpio de Castro, Cap\u00edtulo III, Se\u00e7\u00e3o IV.\r\n\r\nA C\u00e2mara Municipal agradece seu contato."
                }
            ], 
            "review_state": "resolved", 
            "rg": "", 
            "title": "Lei da focinheira", 
            "uri": "https://www.castro.pr.leg.br/ouvidoria/20190918220112"
        }, 
        {
            "area": "ouvidoria", 
            "captcha": "", 
            "cpf": "", 
            "creation_date": "2019-10-10T12:49:19+00:00", 
            "description": "Estabelecimento encontra-se funcionando sem alvara e licen\u00e7a, com tomadas avariadas, ocasionando fogos nas mesma e funcionarios proxiimos", 
            "kind": "denaoncia", 
            "modification_date": "2021-06-30T15:21:33-03:00", 
            "responses": [
                {
                    "creator": "claudiag", 
                    "date": "2021-06-30T15:20:42.444478", 
                    "id": 1, 
                    "review_state": "Pending", 
                    "text": "\r\nBoa tarde, \r\n\r\nCom o advento da Lei Geral de Prote\u00e7\u00e3o de Dados estamos revendo alguns protocolos e pend\u00eancias.\r\n\r\nObservamos que fez essa solicita\u00e7\u00e3o h\u00e1 algum tempo, mas n\u00e3o encontramos registro de que tenha sido respondida.\r\n\r\nCaso j\u00e1 tenha recebido o retorno, pedimos desculpa pela duplicidade.\r\n\r\nSobre o assunto relatado na solicita\u00e7\u00e3o indicamos entrar em contato com o setor de Fiscaliza\u00e7\u00e3o de Obras e Posturas pelo telefone 2122-5027.\r\n\r\nA C\u00e2mara de Castro agradece seu contato."
                }
            ], 
            "review_state": "resolved", 
            "rg": "", 
            "title": "Estabelecimento sem alvar\u00e1", 
            "uri": "https://www.castro.pr.leg.br/ouvidoria/20191010124919"
        }, 
        {
            "area": "ouvidoria", 
            "captcha": "", 
            "cpf": "", 
            "creation_date": "2019-12-16T12:09:10-03:00", 
            "description": "Esse local \u00e9 completamente inapto para funcionamento. Tem infesta\u00e7\u00e3o de ratos, baratas e mosquitos nos alimentos, quais s\u00e3o fornecidos para o consumo de terceiros, n\u00e3o apresenta nenhuma data de produ\u00e7\u00e3o nos alimentos em amostra. \r\n Os produtos revendidos s\u00e3o mandados com datas que n\u00e3o condizem com a data produzida de fato\r\nTem cheiro forte de xixi pelo local, h\u00e1 alimentos vencidos e imbolorados, mosquitos nas vitrines de amostra, quais s\u00e3o abertos, fora de hor\u00e1rio de vendas , causando assim poss\u00edvel entrada dessa bichos.", 
            "kind": "denaoncia", 
            "modification_date": "2021-06-30T15:16:01-03:00", 
            "responses": [
                {
                    "creator": "claudiag", 
                    "date": "2021-06-30T15:14:16.155144", 
                    "id": 1, 
                    "review_state": "Pending", 
                    "text": "\r\nBoa tarde Luana, \r\n\r\nCom o advento da Lei Geral de Prote\u00e7\u00e3o de Dados estamos revendo alguns protocolos e pend\u00eancias.\r\n\r\nObservamos que fez essa solicita\u00e7\u00e3o h\u00e1 algum tempo, mas n\u00e3o encontramos registro de que tenha sido respondida.\r\n\r\nCaso j\u00e1 tenha recebido o retorno, pedimos desculpa pela duplicidade.\r\n\r\nO local indicado para apresentar a den\u00fancia acima \u00e9 a vigil\u00e2ncia sanit\u00e1ria do munic\u00edpio pelo telefone 2122-5203.\r\n\r\nA C\u00e2mara de Castro agradece seu contato."
                }
            ], 
            "review_state": "resolved", 
            "rg": "", 
            "title": "Panificadora Fl\u00f3rida", 
            "uri": "https://www.castro.pr.leg.br/ouvidoria/20191216120910"
        }, 
        {
            "area": "administracao", 
            "captcha": "", 
            "cpf": "", 
            "creation_date": "2020-01-28T13:03:38-03:00", 
            "description": "Ligamos nao fomos atendidos pedimos pra limparem um pequeno trecho em frente a medi\u00e7oes becenute muito cacos d vidros baratas aranhas ta dificil caminhar e a outto pedido uma banca de lanches na mesma rua uma preta mesas cadeiras motos dos entregadores causando transtorno pra maes com carrinho cadeirantes tem que passa rua pra passar pois estaonomeio da cal\u00e7ada e a crux machado a noite bem movimentada se puder atende agente agradecemos muito obrigado", 
            "kind": "solicitaassapso", 
            "modification_date": "2021-06-30T15:07:51-03:00", 
            "responses": [
                {
                    "creator": "claudiag", 
                    "date": "2021-06-30T15:07:19.589992", 
                    "id": 1, 
                    "review_state": "Pending", 
                    "text": "\r\nBoa tarde Selma, \r\n\r\nCom o advento da Lei Geral de Prote\u00e7\u00e3o de Dados estamos revendo alguns protocolos e pend\u00eancias.\r\n\r\nObservamos que fez essa solicita\u00e7\u00e3o h\u00e1 algum tempo, mas n\u00e3o encontramos registro de que tenha sido respondida.\r\n\r\nCaso j\u00e1 tenha recebido o retorno, pedimos desculpa pela duplicidade.\r\n\r\nSe o problema quanto a limpeza ainda persistir, indicamos que entre em contato com a vigilancia sanit\u00e1ria atrav\u00e9s do telefone 2122- 5203.\r\n\r\nJ\u00e1 com rela\u00e7\u00e3o ao fato dos transtornos com mesas e cadeiras na rua, indicamos que fale com o setor de fiscaliza\u00e7\u00e3o/ouvidoria na Prefeitura de Castro pelo fone 2122- 5537.\r\n\r\nA C\u00e2mara de Castro agradece o contato."
                }
            ], 
            "review_state": "resolved", 
            "rg": "", 
            "title": "Limpeza e na mesma rua mesas e cadeiras na calcadas atrapalgando a passagen", 
            "uri": "https://www.castro.pr.leg.br/ouvidoria/20200128130338"
        }, 
        {
            "area": "administracao", 
            "captcha": "", 
            "cpf": "", 
            "creation_date": "2020-02-10T12:39:39-03:00", 
            "description": "Solicito esclarecimentos, desta C\u00e2mara Legislativa, as provid\u00eancias adotadas para apurar as obras sem as devidas conclus\u00f5es, de adequa\u00e7\u00e3o de ruas, constru\u00e7\u00e3o do passeio, ilumina\u00e7\u00e3o p\u00fablica, dentre outras, no Parque Lacustre 2, por parte da administra\u00e7\u00e3o municipal, gest\u00e3o 2012/2016, do prefeito Reinaldo Cardoso, onde foram gastos recursos p\u00fablicos, com dragagem do Ribeir\u00e3o S\u00e3o Cristovam, guias para cal\u00e7adas, ajardinamento (plantio de gramas), hoje encontra-se abandonada pela administra\u00e7\u00e3o.\r\nAguardo", 
            "kind": "denaoncia", 
            "modification_date": "2021-07-08T14:04:14-03:00", 
            "responses": [
                {
                    "creator": "claudiag", 
                    "date": "2021-07-08T14:03:55.173476", 
                    "id": 1, 
                    "review_state": "Moving", 
                    "text": "Boa tarde Marcos,\r\n\r\nCom o advento da Lei Geral de Prote\u00e7\u00e3o de Dados estamos revendo alguns protocolos e pend\u00eancias.\r\n\r\nObservamos que fez essa solicita\u00e7\u00e3o h\u00e1 algum tempo, mas n\u00e3o encontramos registro de que tenha sido respondida.\r\n\r\nCaso j\u00e1 tenha recebido o retorno, pedimos desculpa pela duplicidade.\r\n\r\nCom rela\u00e7\u00e3o a sua solicita\u00e7\u00e3o, informamos o que segue:\r\n \r\nAtrav\u00e9s de of\u00edcio, o Secret\u00e1rio Municipal de Planejamento e Desenvolvimento Urbano informou que: \r\n\r\n1- As obras executadas no Parque Lacustre II, no per\u00edodo de 2012-2016, foram conclu\u00eddas de acordo com o projeto, or\u00e7amento e cronograma estabelecidos a \u00e9poca;\r\n\r\n2- Os servi\u00e7os previstos no per\u00edodo e executados em sua totalidade contemplavam rede de drenagem, abertura de vias com revstimento prim\u00e1rio (cascalho), abertura de valas e lago, limpeza de valetas, plantio de grama e execu\u00e7\u00e3o de barragem;\r\n\r\n3- A Administra\u00e7\u00e3o municipal, 2017-2020, dando sequ\u00eancia \u00e0s obras iniciadas no per\u00edodo anterior, tamb\u00e9m destinou recursos importantes ao complexo com a execu\u00e7\u00e3o da pavimenta\u00e7\u00e3o em todas as vias do Parque, contemplando passeios, acessibilidade, sinaliza\u00e7\u00e3o horizontal e vertical, tornando o lago mais atrativo e seguro ao cidad\u00e3o, al\u00e9m de oferecer como alternativa de liga\u00e7\u00e3o do centro a Vila Rio Branco. \r\n\r\n4- A atual administra\u00e7ao esclarece ainda, que tem feito a manuten\u00e7\u00e3o do complexo de lagos do Parque Lacustre II com frequ\u00eancia, atualmente com obras de desassoreamento dos lagos e limpeza.\r\n\r\n5- A implanta\u00e7\u00e3o de ilumina\u00e7\u00e3o p\u00fablica est\u00e1 em planejamento.\r\n\r\n6- Devido a sua extens\u00e3o e import\u00e2ncia no sistema vi\u00e1rio, mobilidade, drenagem da sede do munic\u00edpio e lazer, esclarecemos que os investimentos no Complexo do Parque Lacustre II, assim como no Parque Lacustre I, dever\u00e1 ser constante, promovendo cada vez mais sua integra\u00e7\u00e3o na rotina dos cidad\u00e3os. \r\n\r\nA C\u00e2mara de Castro agradece seu contato. \r\n"
                }
            ], 
            "review_state": "resolved", 
            "rg": "", 
            "title": "Obras P\u00fablicas", 
            "uri": "https://www.castro.pr.leg.br/ouvidoria/20200210123939"
        }, 
        {
            "area": "administracao", 
            "captcha": "", 
            "cpf": "", 
            "creation_date": "2020-02-17T15:03:29-03:00", 
            "description": "Boa tarde,\r\n\r\nSolicito o plano de carreira vigente para o cargo de contador.\r\nObrigada.", 
            "kind": "solicitaassapso", 
            "modification_date": "2021-06-30T14:44:20-03:00", 
            "responses": [
                {
                    "creator": "claudiag", 
                    "date": "2021-06-30T14:44:07.864674", 
                    "id": 1, 
                    "review_state": "Moving", 
                    "text": "Boa tarde Dalila, \r\n\r\nCom o advento da Lei Geral de Prote\u00e7\u00e3o de Dados estamos revendo alguns protocolos e pend\u00eancias.\r\n\r\nObservamos que fez essa solicita\u00e7\u00e3o h\u00e1 algum tempo, mas n\u00e3o encontramos registro de que tenha sido respondida.\r\n\r\nCaso j\u00e1 tenha recebido o retorno, pedimos desculpa pela duplicidade.\r\n\r\nA distribui\u00e7\u00e3o funcional da C\u00e2mara voc\u00ea encontra na Resolu\u00e7\u00e3o n\u00ba 02/2013 e suas atualiza\u00e7\u00f5es, sendo a mais recente Resolu\u00e7\u00e3o n\u00ba 02/2021. Voc\u00ea encontra essa norma no seguinte link https://sapl.castro.pr.leg.br/media/sapl/public/normajuridica/2021/3376/resolucao_02-2021.pdf.\r\n\r\nJ\u00e1 o plano de sal\u00e1rios atualizado conforme recomposi\u00e7\u00e3o concedida em 2021 est\u00e1 dispon\u00edvel aqui: https://sapl.castro.pr.leg.br/media/sapl/public/normajuridica/2021/3414/lei_n_3785-2021.pdf.\r\n\r\nA C\u00e2mara Municipal agradece seu contato. "
                }
            ], 
            "review_state": "resolved", 
            "rg": "", 
            "title": "Solicita\u00e7\u00e3o de Plano de carreira", 
            "uri": "https://www.castro.pr.leg.br/ouvidoria/20200217150329"
        }, 
        {
            "area": "ouvidoria", 
            "captcha": "", 
            "cpf": "", 
            "creation_date": "2020-02-27T17:37:11-03:00", 
            "description": "Moro na rua Doutor Bernardo Pusch Junior 339 Jardim das Na\u00e7\u00f5es, ao lado do meu terreno tenho um lote que est\u00e1 tomado pelo mato entrando ja pro lado da minha casa e at\u00e9 lagarto est\u00e1 indo para as casas, meu medo \u00e9 de ladr\u00f5es e cobra devido a altura.\r\nPreciso que mande algu\u00e9m para tomar provid\u00eancias por favor pois chegamos tarde e tenho medo .\r\n  Agradeco", 
            "kind": "reclamaassapso", 
            "modification_date": "2021-06-30T14:15:00-03:00", 
            "responses": [
                {
                    "creator": "claudiag", 
                    "date": "2021-06-30T14:13:59.970733", 
                    "id": 1, 
                    "review_state": "Pending", 
                    "text": "Boa tarde Ana Paula, \r\n\r\nCom o advento da Lei Geral de Prote\u00e7\u00e3o de Dados estamos revendo alguns protocolos e pend\u00eancias.\r\n\r\nObservamos que fez essa solicita\u00e7\u00e3o h\u00e1 algum tempo, mas n\u00e3o encontramos registro de que tenha sido respondida.\r\n\r\nCaso j\u00e1 tenha recebido o retorno, pedimos desculpa pela duplicidade.\r\n\r\nSe o seu problema relatado na solicita\u00e7\u00e3o ainda persistir, indicamos que entre em contato com a vigilancia sanit\u00e1ria atrav\u00e9s do telefone 2122- 5203.\r\n\r\nA C\u00e2mara de Castro agradece o seu contato. "
                }
            ], 
            "review_state": "resolved", 
            "rg": "", 
            "title": "Lote sujo", 
            "uri": "https://www.castro.pr.leg.br/ouvidoria/20200227173711"
        }, 
        {
            "area": "administracao", 
            "captcha": "", 
            "cpf": "", 
            "creation_date": "2020-03-03T10:56:10-03:00", 
            "description": "Estou tentando ligar par prefeitura, por\u00e9m o n\u00famero consta como inexistente , o que ocorre com o o n\u00famero, funciona somente dentro do munic\u00edpio de Castro? Ou esta faltando algum d\u00edgito? 2122-5000, preciso de informa\u00e7\u00e3o sobre a libera\u00e7\u00e3o de alvar\u00e1 para constru\u00e7\u00e3o.", 
            "kind": "solicitaassapso", 
            "modification_date": "2021-06-30T14:01:48-03:00", 
            "responses": [
                {
                    "creator": "claudiag", 
                    "date": "2021-06-30T13:58:51.623007", 
                    "id": 1, 
                    "review_state": "Pending", 
                    "text": "Boa tarde, \r\n\r\nCom o advento da Lei Geral de Prote\u00e7\u00e3o de Dados estamos revendo alguns protocolos e pend\u00eancias.\r\n\r\nObservamos que fez essa solicita\u00e7\u00e3o h\u00e1 algum tempo, mas n\u00e3o encontramos registro de que tenha sido respondida.\r\n\r\nCaso j\u00e1 tenha recebido o retorno, pedimos desculpa pela duplicidade.\r\n\r\nN\u00e3o sabemos informar sobre a impossibilidade de contato com a prefeitura de Castro atrav\u00e9s do telefone dispon\u00edvel no site. \r\n\r\nA C\u00e2mara de Castro agradece seu contato.\r\n\r\n\r\n"
                }
            ], 
            "review_state": "resolved", 
            "rg": "", 
            "title": "O numero de telefone  (21225000) da prefeitura n\u00e3o funciona quando ligo de outro munic\u00edpio, o que acontece", 
            "uri": "https://www.castro.pr.leg.br/ouvidoria/20200303105610"
        }, 
        {
            "area": "ouvidoria", 
            "captcha": "", 
            "cpf": "", 
            "creation_date": "2020-03-17T11:22:31-03:00", 
            "description": "Dada a situa\u00e7\u00e3o do pa\u00eds, conforme orienta\u00e7\u00f5es do Minist\u00e9rio da Sa\u00fade, seria neglig\u00eancia continuar com o concurso p\u00fablico. A realiza\u00e7\u00e3o das provas pode gerar a\u00e7\u00f5es judiciais, colocar em risco os candidatos e invalidar todo o processo. Tenham bom senso.", 
            "kind": "daovida", 
            "modification_date": "2021-06-30T13:51:54-03:00", 
            "responses": [
                {
                    "creator": "claudiag", 
                    "date": "2021-06-30T13:51:39.212358", 
                    "id": 1, 
                    "review_state": "Moving", 
                    "text": "Boa tarde Guilherme,\r\n\r\nCom o advento da Lei Geral de Prote\u00e7\u00e3o de Dados estamos revendo alguns protocolos e pend\u00eancias.\r\n\r\nObservamos que fez essa solicita\u00e7\u00e3o h\u00e1 algum tempo, mas n\u00e3o encontramos registro de que tenha sido respondida.\r\n\r\nCaso j\u00e1 tenha recebido o retorno, pedimos desculpa pela duplicidade.\r\n\r\nO Concurso P\u00fablico n\u00ba 01/2020 da C\u00e2mara Municipal de Castro foi suspenso no dia 17/03/2020, justamente no dia da sua solicita\u00e7\u00e3o.\r\n\r\nAgora, em julho de 2021, ser\u00e1 dado prosseguimento ao certame, como noticiado no site da C\u00e2mara. O prosseguimento observar\u00e1 todas as normas em vigor para seguran\u00e7a de colaboradores e inscritos. \r\n\r\nA C\u00e2mara de Castro agradece seu contato.\r\n"
                }
            ], 
            "review_state": "resolved", 
            "rg": "", 
            "title": "Concurso P\u00fablico", 
            "uri": "https://www.castro.pr.leg.br/ouvidoria/20200317112231"
        }, 
        {
            "area": "ouvidoria", 
            "captcha": "", 
            "cpf": "03077280990", 
            "creation_date": "2023-05-15T11:49:28-03:00", 
            "description": "P\u00e9ssima gest\u00e3o em qual est\u00e1 tendo o hospital de Castro onde falta equipamentos falta medicacaoes para pacientes em estado cr\u00edtico de emerg\u00eancia, estrutura p\u00e9ssima onde antiga Cruz vermelha tirou todo equipamento deixa do apenas sucateados pacientes morrendo e criando feridas pois est\u00e3o acomodados em camas p\u00e9ssima colch\u00f5es rasgados sem colch\u00f5es pneum\u00e1ticos para UTI ocasiando feridas e infec\u00e7\u00f5es graves nos pacientes e sem contar tamb\u00e9m quest\u00e3o financeira onde atraza pagamento e o pior somos registrado a baixo do sal\u00e1rio m\u00ednimo onde \u00e9 proibido por lei caso n\u00e3o tenhamos respaldo entraremos com uma reclama\u00e7\u00e3o trabalhista e tamb\u00e9m denuncia ao minist\u00e9rio p\u00fablico quanto a situa\u00e7\u00e3o dos pacientes .", 
            "kind": "denaoncia", 
            "modification_date": "2023-05-15T15:13:42-03:00", 
            "responses": [
                {
                    "creator": "imprensa@castro.pr.leg.br", 
                    "date": "2023-05-15T15:13:32.931150", 
                    "id": 1, 
                    "review_state": "Accepted", 
                    "text": "Ol\u00e1 tudo bem?\r\n\r\nIndicamos que registre sua reclama\u00e7\u00e3o diretamente na ouvidoria da Secretaria Municipal de Sa\u00fade, atrav\u00e9s dos telefones: 2122-5219 ou 0800-645-4041.\r\nN\u00e3o deixe de registrar, a sua reclama\u00e7\u00e3o \u00e9 muito importante. \r\n\r\nAgradecemos o seu contato com a C\u00e2mara Municipal de Castro."
                }
            ], 
            "review_state": "resolved", 
            "rg": "8348044-0", 
            "title": "Gest\u00e3o Hospital administrada pelo Instituto Moriah", 
            "uri": "https://www.castro.pr.leg.br/ouvidoria/20230515114928"
        }, 
        {
            "area": "ouvidoria", 
            "captcha": "", 
            "cpf": "04390242938", 
            "creation_date": "2023-05-19T10:27:57-03:00", 
            "description": "Bom dia, solicito uma declara\u00e7\u00e3o de viabilidade para descarte de rejeitos e org\u00e2nicos no aterro municipal de Castro, j\u00e1 conversei com o Sr. Otelo e o com o Sr. Vin\u00edcius. Gostaria de enviar um anexo com o of\u00edcio solicitado.", 
            "kind": "solicitaassapso", 
            "modification_date": "2023-05-22T14:49:29-03:00", 
            "responses": [
                {
                    "creator": "imprensa@castro.pr.leg.br", 
                    "date": "2023-05-22T14:49:23.796912", 
                    "id": 1, 
                    "review_state": "Accepted", 
                    "text": "Ol\u00e1, tudo bem? \r\n\r\nEnviamos a sua solicita\u00e7\u00e3o para o setor respons\u00e1vel da Prefeitura Municipal, eles ir\u00e3o dar seguimento no seu pedido. A resposta ser\u00e1 enviada diretamente no seu email.\r\n\r\nObrigado por entrar em contato com a C\u00e2mara Municipal de Castro."
                }
            ], 
            "review_state": "resolved", 
            "rg": "124023661", 
            "title": "Declara\u00e7\u00e3o de viabilidade", 
            "uri": "https://www.castro.pr.leg.br/ouvidoria/20230519102757"
        }, 
        {
            "area": "ouvidoria", 
            "captcha": "", 
            "cpf": "02992202908", 
            "creation_date": "2023-05-19T16:56:15-03:00", 
            "description": "Boa tarde!\r\nGostaria de saber se o artigo mencionado continua vigente at\u00e9 o momento, e se revogado, qual artigo, par\u00e1grafo ou inciso o substituiu.\r\nMuito obrigado!", 
            "kind": "daovida", 
            "modification_date": "2023-05-22T13:42:41-03:00", 
            "responses": [
                {
                    "creator": "imprensa@castro.pr.leg.br", 
                    "date": "2023-05-22T13:42:35.577119", 
                    "id": 1, 
                    "review_state": "Accepted", 
                    "text": "Ol\u00e1, tudo bem?\r\n\r\nAinda est\u00e1 em vigor o artigo 18\u00b0. N\u00e3o foi revogado.\r\n\r\nObrigada por entrar em contato com a C\u00e2mara Municipal de Castro."
                }
            ], 
            "review_state": "resolved", 
            "rg": "65717328", 
            "title": "Vig\u00eancia do artigo 18\u00ba \u00a74\u00ba da lei LEI N\u00ba 1583/2007 DE 18/05/2007", 
            "uri": "https://www.castro.pr.leg.br/ouvidoria/20230519165615"
        }, 
        {
            "area": "ouvidoria", 
            "captcha": "", 
            "cpf": "06614298909", 
            "creation_date": "2023-02-09T11:16:45-02:00", 
            "description": "Ol\u00e1 bom dia tudo bem?\r\nGostaria de saber mais a respeito da entrega dos materiais escolares da prefeitura.\r\n\r\nComo est\u00e1 funcionando essa distribui\u00e7\u00e3o?\r\nS\u00e3o para todos os alunos de todas as escolas municipais? Se n\u00e3o, quais s\u00e3o os alunos que ser\u00e3o beneficiados com os materiais escolares? Gostaria de saber tamb\u00e9m o porqu\u00ea que algumas escolas n\u00e3o est\u00e3o distribuindo esses materiais e outras n\u00e3o, pois recebi uma lista de materiais escolares que o custo \u00e9 mais de 350, 00 \r\n\r\nQuero saber sobre materiais escolares e uniformes. \r\n\r\nGrata", 
            "kind": "pedido-de-acesso-a-informaassapso", 
            "modification_date": "2023-02-24T17:36:16-02:00", 
            "responses": [
                {
                    "creator": "claudiag", 
                    "date": "2023-02-13T18:31:51.853441", 
                    "id": 1, 
                    "review_state": "Moving", 
                    "text": "Boa tarde Emanuele, \r\n\r\nEnviamos of\u00edcio para a Secretaria Municipal de Educa\u00e7\u00e3o para sanar as d\u00favidas que apontou.\r\n\r\nT\u00e3o logo tenhamos a resposta, enviaremos a voc\u00ea.\r\n\r\nObrigada por entrar em contato com a C\u00e2mara de Castro."
                }, 
                {
                    "creator": "claudiag", 
                    "date": "2023-02-24T17:36:02.783068", 
                    "id": 2, 
                    "review_state": "Moving", 
                    "text": "Ol\u00e1 Emanuele,\r\n\r\nRecebemos a respostas da Secretaria Municipal de Educa\u00e7\u00e3o a respeito dos seus questionamentos.\r\n\r\nA resposta da Secretaria segue na \u00edntegra abaixo:\r\n\r\n\"Em resposta ao of\u00edcio n\u00b0 20/2023, informamos que temos em nosso almoxarifado materiais para atender a todos os nossos alunos da rede municipal e que no final de 2022 adquirimos kits escolares para os alunos de pr\u00e9 escola, 1\u00b0, 2\u00b0, 3\u00b0, 4\u00b0 e 5\u00b0 anos, os quais foram entregues nas escolas a partir do dia 30/01, quando nossos estabelecimentos retornaram das f\u00e9rias. \r\nDevido ao aumento nas matr\u00edculas desse ano, estamos adquirindo mais alguns, os quais chegar\u00e3o nos pr\u00f3ximos dias. \r\n\r\nReferente aos uniformes escolares, informamos que foi licitado: cal\u00e7a, camiseta manga longa, camiseta manga curta, japona, jaqueta, shorts, shorts saia, meia e t\u00e9nis. O processo teve muitos recursos, ocasionando o atraso do mesmo, mas as empresas estar\u00e3o nos entregando na pr\u00f3xima semana, os alunos tamb\u00e9m estar\u00e3o recebendo mochilas e penal.\"\r\n\r\n\r\nAgradecemos o seu contato com a C\u00e2mara Municipal de Castro!"
                }
            ], 
            "review_state": "resolved", 
            "rg": "107009159", 
            "title": "Material Escolar distribu\u00eddo nas escolas municipais", 
            "uri": "https://www.castro.pr.leg.br/ouvidoria/20230209111645"
        }, 
        {
            "area": "ouvidoria", 
            "captcha": "", 
            "cpf": "0999999999", 
            "creation_date": "2023-02-10T20:59:25-02:00", 
            "description": "Essa Rotat\u00f3ria da Tratornew, que tem o trecho sob responsabilidade do Munic\u00edpio e do DER PR, j\u00e1 foi objeto de minha reclama\u00e7\u00e3o para o DER, tamb\u00e9m do vereador Guto Beck em nome da C\u00e2mara Municipal, por\u00e9m as respostas vazias e indeterminadas daquele departamento n\u00e3o s\u00e3o suficientes.\r\nFalta o item b\u00e1sico, a faixa de pedestres pintada no solo para maximizar a seguran\u00e7a. Urgentemente o DER precisa cumprir os requisitos de sinaliza\u00e7\u00e3o, caso contr\u00e1rio talvez seja objeto de denuncia desse\r\n departamento ao minist\u00e9rio p\u00fablico por n\u00e3o cumprir um requisito de seguran\u00e7a b\u00e1sico para a popula\u00e7\u00e3o castrense que \u00e9 a faixa de pedestres. Um descaso conosco, a falta da seguran\u00e7a no tr\u00e2nsito, diante de tantos acidentes nesse local. Esse trecho \u00e9 usado por in\u00fameras pessoas cotidianamente. Acredito que deveria ser requisito basico para abertura de uma via, sua sinaliza\u00e7\u00e3o adequada de tr\u00e2nsito para proteger o mais vulner\u00e1vel que \u00e9 o pedestre.", 
            "kind": "denaoncia", 
            "modification_date": "2023-02-28T17:03:43-03:00", 
            "responses": [
                {
                    "creator": "claudiag", 
                    "date": "2023-02-28T17:03:30.318845", 
                    "id": 1, 
                    "review_state": "Accepted", 
                    "text": "Conforme descrito no Of\u00edcio n\u00ba 593/2023, enviado pelo Departamento de Estradas e Rodagens, a melhoria da sinaliza\u00e7\u00e3o do referido trecho consta no Programa de Seguran\u00e7a Vi\u00e1ria das Rodovias Estaduais em execu\u00e7\u00e3o por todo Paran\u00e1.\r\n"
                }
            ], 
            "review_state": "resolved", 
            "rg": "89999999", 
            "title": "Falta de faixa de pedestres", 
            "uri": "https://www.castro.pr.leg.br/ouvidoria/20230210205925"
        }, 
        {
            "area": "ouvidoria", 
            "captcha": "", 
            "cpf": "27400838822", 
            "creation_date": "2023-02-14T12:57:39-02:00", 
            "description": "Boa tarde Karina, tudo bem?\r\nFizemos uma busca em nossos arquivos e n\u00e3o encontramos informa\u00e7\u00f5es a respeito do senhor Coronel Vidal Martins de Oliveira.\r\nO nome de seu bisav\u00f4 \u00e9, inclusive, nome de uma rua aqui do munic\u00edpio, localizada na Vila Rio Branco. Acreditamos que essa nomea\u00e7\u00e3o aconteceu antes do ano de 1970, pois a partir desse ano temos todas as leis catalogadas.\r\nVoc\u00ea teria alguma informa\u00e7\u00e3o extra para nos auxiliar na procura? Como data de nascimento e falecimento?\r\nTemos ci\u00eancia que ele foi agraciado com nome de rua por a\u00ed, por\u00e9m, n\u00e3o temos maiores informa\u00e7\u00f5es, por isso o contato.\r\nAtt\r\nKarina", 
            "kind": "solicitaassapso", 
            "modification_date": "2023-10-03T14:18:01-03:00", 
            "responses": [
                {
                    "creator": "imprensa@castro.pr.leg.br", 
                    "date": "2023-10-03T14:18:01.040577", 
                    "id": 1, 
                    "review_state": "Resolved", 
                    "text": "Boa tarde Karina tudo bem?\r\n\r\nEntrei em contato com a Prefeitura e n\u00e3o acharam nenhum documento, ata ou algo do tipo que pudesse te ajudar nas pesquisas sobre o Coronel Vidal Martins de Oliveira.\r\n\r\nPor\u00e9m, teve uma abertura de solicita\u00e7\u00e3o aqui na Ouvidoria onde um rapaz, diz que pode te ajudar com isso, ele diz ser neto de um jornalista e que ele deu um breve relato sobre o Coronel. \r\nVoc\u00ea pode entrar em contato com ele pelas redes s\u00f3cias: Igor Grimbor.\r\n\r\nSegue o link da mensagem que ele deixou para voc\u00ea: https://www.castro.pr.leg.br/ouvidoria/20230913175340\r\n\r\nAgradecemos o seu contato com a C\u00e2mara Municipal de Castro.\r\n"
                }
            ], 
            "review_state": "resolved", 
            "rg": "26708700", 
            "title": "respondendo", 
            "uri": "https://www.castro.pr.leg.br/ouvidoria/20230214125739"
        }, 
        {
            "area": "ouvidoria", 
            "captcha": "", 
            "cpf": "0999999999", 
            "creation_date": "2023-02-17T12:14:53-02:00", 
            "description": "Gostaria de solicitar a divulga\u00e7\u00e3o dos premiados da LEI N\u00ba 3.419, DE 08 DE MAR\u00c7O DE 2018 que INSTITUI O PROGRAMA DE INCENTIVO \u00c0 EMISS\u00c3O DE NOTA OU CUPOM FISCAL DE SERVI\u00c7OS SUJEITO \u00c0 INCID\u00caNCIA DO IMPOSTO SOBRE SERVI\u00c7OS DE QUALQUER NATUREZA - ISSQN.\r\n\r\nA C\u00c2MARA MUNICIPAL DE CASTRO decretou e eu, PREFEITO MUNICIPAL sanciono esta Lei:\r\n\r\nArt. 1\u00ba Fica o Poder Executivo Municipal autorizado a instituir a campanha de est\u00edmulo \u00e0 emiss\u00e3o de notas ou cupons fiscais de servi\u00e7os, sujeitos \u00e0 incid\u00eancia do Imposto Sobre Servi\u00e7os - ISSQN, denominada \"NOTA FISCAL DE SERVI\u00c7OS D\u00c1 PR\u00caMIOS\", visando coibir a sonega\u00e7\u00e3o fiscal e aumentar a arrecada\u00e7\u00e3o municipal, bem como valorizar os tomadores e prestadores de servi\u00e7os que exijam e forne\u00e7am, respectivamente, notas e cupons fiscais.", 
            "kind": "solicitaassapso", 
            "modification_date": "2023-04-17T13:36:11-03:00", 
            "responses": [
                {
                    "creator": "claudiag", 
                    "date": "2023-02-24T17:55:55.255279", 
                    "id": 1, 
                    "review_state": "Pending", 
                    "text": "\r\nEnviamos of\u00edcio para a Secretaria Municipal de Governo para sanar as d\u00favidas apontadas.\r\n\r\nT\u00e3o logo tenhamos a resposta, divulgaremos nesta mesma p\u00e1gina.\r\n\r\n"
                }, 
                {
                    "creator": "imprensa@castro.pr.leg.br", 
                    "date": "2023-04-17T13:36:01.236467", 
                    "id": 2, 
                    "review_state": "Moving", 
                    "text": "Segue em anexo a resporta do Executivo Municipal. Espero que tenha sanado a sua d\u00favida. \r\n\r\nObrigada por entrar em contato com a C\u00e2mara Municipal de Castro."
                }
            ], 
            "review_state": "resolved", 
            "rg": "89999999", 
            "title": "falta de divulga\u00e7\u00e3o/presta\u00e7\u00e3o de contas", 
            "uri": "https://www.castro.pr.leg.br/ouvidoria/20230217121453"
        }, 
        {
            "area": "ouvidoria", 
            "captcha": "", 
            "cpf": "050.546.099-89", 
            "creation_date": "2023-02-23T22:09:14-02:00", 
            "description": "Hoje dia 23/02/2022 houve um acidente grave com 2 ve\u00edculos batendo de frente na Avenida Vicente Fiorillo, esquina do Alex autom\u00f3veis. Existe falta de sinaliza\u00e7\u00e3o/fiscaliza\u00e7\u00e3o e de elementos para redu\u00e7\u00e3o de velocidade nessa via, diante de tantas aberturas de novas ruas pavimentadas. Sugiro projeto de 4 faixas elevadas, uma a cada 500 m, principalmente em frente a igreja, local de dif\u00edcil visualiza\u00e7\u00e3o noturna. Sugiro projeto de fiscaliza\u00e7\u00e3o e orienta\u00e7\u00e3o educativa da guarda municipal nessa via. O Respeito as regras e sinaliza\u00e7\u00e3o de tr\u00e2nsito precisa ser relembrado cotidianamente nas ruas, principalmente a dire\u00e7\u00e3o defensiva.", 
            "kind": "solicitaassapso", 
            "modification_date": "2023-02-28T16:55:48-03:00", 
            "responses": [
                {
                    "creator": "claudiag", 
                    "date": "2023-02-28T16:55:38.884988", 
                    "id": 1, 
                    "review_state": "Accepted", 
                    "text": "Boa tarde Ali,\r\n\r\nA sua solicita\u00e7\u00e3o foi tema de indica\u00e7\u00e3o assinada pelo vereador Paulinho Farias e apresentada na sess\u00e3o ordin\u00e1ria de 23 de fevereiro de 2023. O documento foi encaminhado para a Secretaria Municipal de Infraestrutura e Meio Ambiente.\r\n\r\nConfira a proposi\u00e7\u00e3o aqui: https://sapl.castro.pr.leg.br/media/sapl/public/materialegislativa/2023/6994/indicacao_29-2023.pdf\r\n\r\nObrigada por entrar em contato com a C\u00e2mara Municipal de Castro."
                }
            ], 
            "review_state": "resolved", 
            "rg": "Xxxxxxxxx", 
            "title": "Redutor de velocidade", 
            "uri": "https://www.castro.pr.leg.br/ouvidoria/20230223220914"
        }, 
        {
            "area": "ouvidoria", 
            "captcha": "", 
            "cpf": "527.733.158-12", 
            "creation_date": "2023-03-07T11:48:26-03:00", 
            "description": "Eu gostaria de solicitar um exemplar da Constitui\u00e7\u00e3o Federal para fins de Estudo,  curso Direito na UEPG. Agrade\u00e7o desde j\u00e1.", 
            "kind": "solicitaassapso", 
            "modification_date": "2023-03-07T14:00:21-03:00", 
            "responses": [
                {
                    "creator": "imprensa@castro.pr.leg.br", 
                    "date": "2023-03-07T12:32:53.979611", 
                    "id": 1, 
                    "review_state": "Accepted", 
                    "text": "Ol\u00e1 Jo\u00e3o.\r\n\r\nA C\u00e2mara Municipal n\u00e3o faz doa\u00e7\u00e3o do material impresso solicitado.\r\n\r\nVoc\u00ea consegue ter acesso no link abaixo. A Constitui\u00e7\u00e3o Federal \u00e9 atualizada sempre que necess\u00e1rio no link disponibilizado. \r\nhttps://www.planalto.gov.br/ccivil_03/constituicao/constituicao.htm\r\n\r\n\r\nAgradecemos o seu contato com a C\u00e2mara Municipal de Castro."
                }
            ], 
            "review_state": "resolved", 
            "rg": "59.397.362-8", 
            "title": "Material Jur\u00eddico para estudos.", 
            "uri": "https://www.castro.pr.leg.br/ouvidoria/20230307114826"
        }, 
        {
            "area": "ouvidoria", 
            "captcha": "", 
            "cpf": "76106004000110", 
            "creation_date": "2023-07-11T19:48:32-03:00", 
            "description": "POR GENTILEZA TROCAR A LAMPADA EM FRENTE AO NUMERO 18 NA RUA CIPRIANO MARQUES DE SOUZA", 
            "kind": "solicitaassapso", 
            "modification_date": "2023-07-14T15:26:39-03:00", 
            "responses": [
                {
                    "creator": "imprensa@castro.pr.leg.br", 
                    "date": "2023-07-14T15:26:30.633489", 
                    "id": 1, 
                    "review_state": "Accepted", 
                    "text": "Ol\u00e1 tudo bem?\r\n\r\nVoc\u00ea pode fazer o pedido no site da Prefeitura Municipal de Castro ou atrav\u00e9s do contato (42) 2122-5537, segue o link do site: https://castro.atende.net/autoatendimento/servicos/ouvidoria-municipal.\r\n\r\nObrigada pelo seu contato com a C\u00e2mara Municipal de Castro.\r\n"
                }
            ], 
            "review_state": "resolved", 
            "rg": "76106004000110", 
            "title": "ILUMINA\u00c7AO PUBLICA QUEIMADA", 
            "uri": "https://www.castro.pr.leg.br/ouvidoria/20230711194832"
        }, 
        {
            "area": "ouvidoria", 
            "captcha": "", 
            "cpf": "000000", 
            "creation_date": "2023-07-14T16:27:46-03:00", 
            "description": "teste", 
            "kind": "pedido-de-acesso-a-informaassapso", 
            "modification_date": "2023-08-04T12:34:20-03:00", 
            "responses": [], 
            "review_state": "resolved", 
            "rg": "0000000", 
            "title": "teste", 
            "uri": "https://www.castro.pr.leg.br/ouvidoria/20230714162746"
        }, 
        {
            "area": "ouvidoria", 
            "captcha": "", 
            "cpf": "087.723.529-57", 
            "creation_date": "2022-12-02T18:04:41-02:00", 
            "description": "Em conjunto com os moradores do Jardim Novo Horizonte, solicitamos a instala\u00e7\u00e3o de placas de sinaliza\u00e7\u00e3o no bairro. Por se tratar de um bairro novo, existe muita imprud\u00eancia e tamb\u00e9m o que possibilita acidentes de pequena propor\u00e7\u00e3o. \u00c9 um bairro em crescimento, constitu\u00eddo por v\u00e1rios moradores inclusive, e por este motivo, algumas ruas s\u00e3o dif\u00edceis de identificar qual \u00e9 preferencial por exemplo. O bairro necessita dessas placas para facilitar a entrada e sa\u00edda dos moradores e tamb\u00e9m n\u00e3o moradores, al\u00e9m das placas identificando o nome das ruas.", 
            "kind": "solicitaassapso", 
            "modification_date": "2022-12-14T14:30:46-02:00", 
            "responses": [
                {
                    "creator": "claudiag", 
                    "date": "2022-12-14T14:24:19.894442", 
                    "id": 1, 
                    "review_state": "Accepted", 
                    "text": "Boa tarde Cleverson,\r\n\r\nInformamos que a sua solicita\u00e7\u00e3o j\u00e1 foi tema de duas proposi\u00e7\u00f5es apresentadas pelos vereadores em 2022. \r\n\r\nA necessidade de sinaliza\u00e7\u00e3o nas ruas do Bairro Jardim Novo Horizonte foram tema do Requerimento n\u00ba 141/2022, apresentado pelo vereador Jos\u00e9 Nocera, e tamb\u00e9m da Indica\u00e7\u00e3o n\u00ba 114/2022, do vereador Jhonnathan Flugel, que reiterava indica\u00e7\u00e3o anterior n\u00ba 49/2021. O Legislativo ainda n\u00e3o recebeu resposta oficial da secretaria respons\u00e1vel sobre essas propostas. \r\n\r\nDevido o Regimento Interno da Casa, um mesmo assunto s\u00f3 pode ser reapresentado ap\u00f3s um prazo de seis meses. Verificando as mat\u00e9rias acima mencionadas, esse prazo ainda n\u00e3o transcorreu. No in\u00edcio do pr\u00f3ximo ano a C\u00e2mara voltar\u00e1 a interceder por esse pedido. \r\n\r\nAproveitamos para indicar que apresente sua solicita\u00e7\u00e3o diretamente para a ouvidoria da Secretaria Municipal de Infraestrutura e Meio Ambiente, atrav\u00e9s do telefone 2122-5537.\r\n\r\nSegue abaixo os links para confer\u00eancia das indica\u00e7\u00f5es e requerimentos.\r\nhttps://sapl.castro.pr.leg.br/media/sapl/public/materialegislativa/2022/6575/indicacao_114-2022.pdf\r\nhttps://sapl.castro.pr.leg.br/media/sapl/public/materialegislativa/2022/6546/requerimento_141-2022.pdf\r\n\r\nObrigado por entrar em contato com a C\u00e2mara de Castro!\r\n\r\n\r\n\r\n\r\n\r\n"
                }
            ], 
            "review_state": "resolved", 
            "rg": "99911611", 
            "title": "Implanta\u00e7\u00e3o de placas de sinaliza\u00e7\u00e3o e advert\u00eancia- JD. Novo Horizonte", 
            "uri": "https://www.castro.pr.leg.br/ouvidoria/20221202180441"
        }, 
        {
            "area": "ouvidoria", 
            "captcha": "", 
            "cpf": "087.723.529-57", 
            "creation_date": "2022-12-02T18:21:43-02:00", 
            "description": "Solicito a implanta\u00e7\u00e3o de lombada na rua J\u00falio Carneiro Gomes, localizada no bairro Jardim Novo Horizonte, pois por se tratar de uma rua que liga o bairro a rodovia e a outros bairros, o fluxo de transporte de trabalhadores \u00e9 intenso, sem falar em indiv\u00edduos que trafegam em alta velocidade, o que torna a rua ainda mais perigosa devido a curvas que a mesma possui.", 
            "kind": "solicitaassapso", 
            "modification_date": "2022-12-14T14:02:48-02:00", 
            "responses": [
                {
                    "creator": "claudiag", 
                    "date": "2022-12-14T14:02:17.130477", 
                    "id": 1, 
                    "review_state": "Pending", 
                    "text": "Boa tarde Cleverson,\r\n\r\nInformamos que a sua solicita\u00e7\u00e3o ser\u00e1 apresentada no expediente da sess\u00e3o ordin\u00e1ria de hoje (15/12), atrav\u00e9s da indica\u00e7\u00e3o n\u00ba 245/2022, assinada pelo presidente da Casa, vereador Neto Fadel, e ser\u00e1 encaminhada \u00e0 secretaria competente.\r\n\r\nConfira a indica\u00e7\u00e3o atrav\u00e9s do link: https://sapl.castro.pr.leg.br/media/sapl/public/materialegislativa/2022/6910/indicacao_245-2022.pdf\r\n\r\nAproveitamos para indicar que tamb\u00e9m registre seu pedido diretamente com a ouvidoria da Secretaria de Infraestrutura e Meio Ambiente, atrav\u00e9s do telefone n\u00ba 2122-5537.\r\n\r\nObrigada por entrar em contato com a C\u00e2mara de Castro!"
                }
            ], 
            "review_state": "resolved", 
            "rg": "99911611", 
            "title": "Implanta\u00e7\u00e3o de lombada no Jardim Novo Horizonte", 
            "uri": "https://www.castro.pr.leg.br/ouvidoria/20221202182143"
        }, 
        {
            "area": "ouvidoria", 
            "captcha": "", 
            "cpf": "01003891985", 
            "creation_date": "2022-12-21T19:35:42-02:00", 
            "description": "Pizzaria em Castro na rua Paulo Madureira Novaes n 40 vendendo alimentos suspeitos pr\u00f3ximo ao Paran\u00e1 pe\u00e7as sem alvar\u00e1 de funcionamento.", 
            "kind": "denaoncia", 
            "modification_date": "2023-01-10T18:29:59-02:00", 
            "responses": [
                {
                    "creator": "claudiag", 
                    "date": "2023-01-10T18:29:47.186511", 
                    "id": 1, 
                    "review_state": "Pending", 
                    "text": "Boa tarde Jos\u00e9 J\u00fanior,\r\n\r\nRecebemos sua ouvidoria e indicamos que entre em contato direto com a Vigil\u00e2ncia Sanit\u00e1ria do Munic\u00edpio, atrav\u00e9s dos telefones 2122-5203 / 2122-5210, para registrar sua den\u00fancia. \r\n\r\nObrigado por entrar em contato com a C\u00e2mara Municipal de Castro."
                }
            ], 
            "review_state": "resolved", 
            "rg": "97989990", 
            "title": "Pizzaria sem alvara", 
            "uri": "https://www.castro.pr.leg.br/ouvidoria/20221221193542"
        }, 
        {
            "area": "ouvidoria", 
            "captcha": "", 
            "cpf": "09960388921", 
            "creation_date": "2024-06-12T18:19:32-03:00", 
            "description": "Ferro velho irregular,carros jogados no meio da rua acumulando \u00e1gua parada e prolifera\u00e7\u00e3o do mosquito da dengue.....isto ocorre a mais de 5anos e at\u00e9 agora n\u00e3o foi feito nada...estamos entrando em contato com a rpc para fazer uma reportagem... localizado no bairro Santa Terezinha...rua Dr domingos faustino de carvalho..", 
            "kind": "denaoncia", 
            "modification_date": "2024-06-20T14:26:04-03:00", 
            "responses": [
                {
                    "creator": "imprensa@castro.pr.leg.br", 
                    "date": "2024-06-20T14:25:50.778181", 
                    "id": 1, 
                    "review_state": "Accepted", 
                    "text": "Ol\u00e1 tudo bem?\r\n\r\nReferente aos carros abandonados a den\u00fancia deve ser feita diretamente na Secretaria de Seguran\u00e7a P\u00fablica, atrav\u00e9s da OUVIDORIA do setor, pelos n\u00fameros (42) 2122-5199 ou (42) 99919-2085.\r\n\r\nVoc\u00ea pode tamb\u00e9m realizar a sua reclama\u00e7\u00e3o na OUVIDORIA Geral da Prefeitura atrav\u00e9s do site https://castro.atende.net/cidadao/pagina/ouvidoria-geral\r\nNeste canal voc\u00ea pode anexar fotos, o que auxilia os respons\u00e1veis do setor a entender melhor o problema.\r\n\r\n\r\nA sua den\u00fancia tamb\u00e9m ser\u00e1 encaminhada ao setor de fiscaliza\u00e7\u00e3o que ira avaliar a sua solicita\u00e7\u00e3o e o local onde voc\u00ea colocou. Em seguida o setor respons\u00e1vel vai notificar o propriet\u00e1rio do terreno cadastrado na prefeitura e depois que o propriet\u00e1rio receber essa notifica\u00e7\u00e3o ele ter\u00e1 30 dias para realizar a limpeza do terreno.\r\n\r\n\r\nObrigado por entrar em contato com a C\u00e2mara Municipal de Castro."
                }
            ], 
            "review_state": "resolved", 
            "rg": "09960388921", 
            "title": "Ferro velho", 
            "uri": "https://www.castro.pr.leg.br/ouvidoria/20240612181932"
        }, 
        {
            "area": "ouvidoria", 
            "captcha": "", 
            "cpf": "02634243910", 
            "creation_date": "2024-06-20T19:30:48-03:00", 
            "description": "\u00d4nibus circula no novo horizonte", 
            "kind": "solicitaassapso", 
            "modification_date": "2024-07-04T13:11:00-03:00", 
            "responses": [
                {
                    "creator": "imprensa@castro.pr.leg.br", 
                    "date": "2024-07-04T13:10:55.663020", 
                    "id": 1, 
                    "review_state": "Accepted", 
                    "text": "Boa tarde,\r\n\r\nSobre a sua solicita\u00e7\u00e3o j\u00e1 foi apresentado requerimentos pedindo a extens\u00e3o da linha de \u00f4nibus no bairro. Segue o link para que possa acompanhar os pedidos e respostas do setor respons\u00e1vel do Executivo Municipal.\r\n\r\nhttps://sapl.castro.pr.leg.br/[\u2026]/requerimento_33-2024.pdf\r\nhttps://sapl.castro.pr.leg.[\u2026]-_camara_-administracao.pdf\r\nhttps://sapl.castro.pr.leg.[\u2026]_-_linha_novo_horizonte.pdf\r\nhttps://sapl.castro.pr.leg.br/[\u2026]/requerimento_137-2023.pdf\r\nhttps://sapl.castro.pr.leg.br/[\u2026]/of_304_resp_req_137_ver_flugel.pdf\r\n\r\nObrigado por entrar em contato com a C\u00e2mara Municipal de Castro.\r\n"
                }
            ], 
            "review_state": "resolved", 
            "rg": "67803280", 
            "title": "Disponibilizar o \u00f4nibus no novo horizonte, msmo n\u00e3o vem at\u00e9 aqui  no bairro", 
            "uri": "https://www.castro.pr.leg.br/ouvidoria/20240620193048"
        }, 
        {
            "area": "ouvidoria", 
            "captcha": "", 
            "cpf": "085.209.519-88", 
            "creation_date": "2024-02-23T10:31:21-03:00", 
            "description": "Transporte p\u00fablico no bairro Jardim Novo Horizonte, pois o mesmo vai somente at\u00e9 o bairro Ros\u00e1rio.", 
            "kind": "solicitaassapso", 
            "modification_date": "2024-03-11T12:59:29-03:00", 
            "responses": [
                {
                    "creator": "imprensa@castro.pr.leg.br", 
                    "date": "2024-02-27T15:30:56.031699", 
                    "id": 1, 
                    "review_state": "Accepted", 
                    "text": "Ol\u00e1, tudo bem?\r\n\r\nIrei enviar a sua solicita\u00e7\u00e3o a um parlamentar para que ele possa fazer um novo pedido ao Executivo e aos respons\u00e1veis pelo assunto. \r\n\r\nVoc\u00ea pode acompanhar no nosso site um requerimento que foi enviado a Prefeitura em 2023.\r\n\r\n- Extens\u00e3o da linha de \u00f4nibus:\r\nRequerimento 137/2023 - https://sapl.castro.pr.leg.br/[\u2026]/requerimento_137-2023.pdf\r\n"
                }, 
                {
                    "creator": "imprensa@castro.pr.leg.br", 
                    "date": "2024-03-11T12:59:29.242031", 
                    "id": 2, 
                    "review_state": "Resolved", 
                    "text": "Boa tarde, tudo bem?\r\n\r\nNa semana passada um parlamentar apresentou o pedido em pauta na sess\u00e3o ordin\u00e1ria, com a sua demanda, que foi aprovada e enviada a Prefeitura Municipal de Castro.\r\nSegue o link para visualiza\u00e7\u00e3o do pedido.\r\n\r\nhttps://sapl.castro.pr.leg.br/media/sapl/public/materialegislativa/2024/7844/requerimento_33-2024.pdf\r\n\r\nObrigada por entrar em contato com a C\u00e2mara Municipal de Castro.\r\n"
                }
            ], 
            "review_state": "resolved", 
            "rg": "126798288", 
            "title": "Transporte p\u00fablico", 
            "uri": "https://www.castro.pr.leg.br/ouvidoria/20240223103121"
        }, 
        {
            "area": "ouvidoria", 
            "captcha": "", 
            "cpf": "085.209.519-88", 
            "creation_date": "2024-02-23T10:34:02-03:00", 
            "description": "O bairro Jardim Novo Horizonte n\u00e3o possui placas de tr\u00e2nsito, simplesmente os carros transitam como querem, inclusive j\u00e1 ocorreu acidente por esse motivo.", 
            "kind": "solicitaassapso", 
            "modification_date": "2024-03-11T13:14:04-03:00", 
            "responses": [
                {
                    "creator": "imprensa@castro.pr.leg.br", 
                    "date": "2024-02-27T15:30:06.915516", 
                    "id": 1, 
                    "review_state": "Accepted", 
                    "text": "Ol\u00e1, tudo bem?\r\n\r\nForam realizados diversos requerimentos e enviado a Prefeitura e as Secretarias espec\u00edficas tratando deste assunto, vou anexar aqui as solicita\u00e7\u00f5es e os requerimentos.\r\n\r\nMas iremos enviar a sua solicita\u00e7\u00e3o a um parlamentar para que ele possa fazer um novo pedido ao Executivo e aos respons\u00e1veis pelo assunto. \r\n\r\nEnquanto isso voc\u00ea pode entrar no link e saber mais sobre os pedidos que foram realizados em outros per\u00edodos/anos. Muitos deles ainda estamos esperando o retorno da prefeitura, em respostas aos requerimentos enviados.\r\n\r\n- Sinaliza\u00e7\u00e3o:\r\nRequerimento 77/2023 - https://sapl.castro.pr.leg.br/[\u2026]/requerimento_77-2023.pdf\r\nRequerimento 141/2022 - https://sapl.castro.pr.leg.br/[\u2026]/requerimento_141-2023.pdf\r\nIndica\u00e7\u00e3o 114/2022 - https://sapl.castro.pr.leg.br/[\u2026]/indicacao_114-2022.pdf\r\nIndica\u00e7\u00e3o 49/2021 - https://sapl.castro.pr.leg.br/[\u2026]/indicacao_49-2021.pdf\r\nObrigada pelo seu contato com a C\u00e2mara Municipal de Castro\r\n"
                }, 
                {
                    "creator": "imprensa@castro.pr.leg.br", 
                    "date": "2024-03-11T13:14:04.023031", 
                    "id": 2, 
                    "review_state": "Resolved", 
                    "text": "Boa tarde, tudo bem?\r\n\r\nNa semana passada um parlamentar apresentou o pedido em pauta na sess\u00e3o ordin\u00e1ria, com a sua demanda, que foi aprovada e enviada a Prefeitura Municipal de Castro.\r\nSegue o link para visualiza\u00e7\u00e3o do pedido.\r\n\r\nhttps://sapl.castro.pr.leg.br/media/sapl/public/materialegislativa/2024/7845/indicacao_13-2023.pdf\r\n\r\nObrigada por entrar em contato com a C\u00e2mara Municipal de Castro.\r\n"
                }
            ], 
            "review_state": "resolved", 
            "rg": "126798288", 
            "title": "Placas de tr\u00e2nsito", 
            "uri": "https://www.castro.pr.leg.br/ouvidoria/20240223103402"
        }, 
        {
            "area": "ouvidoria", 
            "captcha": "", 
            "cpf": "018.348.369-30", 
            "creation_date": "2025-01-22T23:10:23-02:00", 
            "description": "Boa noite, a l\u00e2mpada do poste da travessa Iap\u00f3, 30, esquina com rua Renato Menarim est\u00e1 queimada, gostaria de solicitar a troca da l\u00e2mpada.\r\nCerto do atendimento de minha solicita\u00e7\u00e3o, agrade\u00e7o antecipadamente.", 
            "kind": "solicitaassapso", 
            "modification_date": "2025-01-23T13:20:19-02:00", 
            "responses": [
                {
                    "creator": "tony.galetto", 
                    "date": "2025-01-23T13:19:59.452381", 
                    "id": 1, 
                    "review_state": "Pending", 
                    "text": "Boa tarde,\r\n\r\nPara tratar dessa quest\u00e3o de forma adequada, recomendamos que registre formalmente sua demanda junto \u00e0 Ouvidoria Municipal da Prefeitura. \r\nEsse \u00e9 o canal oficial para direcionar sua solicita\u00e7\u00e3o ao setor respons\u00e1vel, com a Secretaria de Infra Estrutura. \r\n\r\nSegue o link da ouvidoria:  https://castro.atende.net/cidadao/pagina/ouvidoria-geral\r\n\r\nou\r\n\r\nEmail: obras@castro.pr.gov.br\r\n\r\nObrigado por entrar em contato com a C\u00e2mara Municipal de Castro."
                }
            ], 
            "review_state": "resolved", 
            "rg": "6.178.308-3", 
            "title": "Ilumina\u00e7\u00e3o Publica - l\u00e2mpada queimada", 
            "uri": "https://www.castro.pr.leg.br/ouvidoria/20250122231023"
        }, 
        {
            "area": "ouvidoria", 
            "captcha": "", 
            "cpf": "02574807901", 
            "creation_date": "2025-01-28T15:02:16-02:00", 
            "description": "ESTOU TENTANDO CONTADO PARA SOLICITAR UM ALVARA PARA UM MICROEMPREENDEDOR INDIVIDUAL, NO SISTEMA REDESIM NA JUNTA COMERCIAL CONSTA EM ANALISE\" DESDE MES 09/2024", 
            "kind": "solicitaassapso", 
            "modification_date": "2025-01-28T18:40:02-02:00", 
            "responses": [
                {
                    "creator": "tony.galetto", 
                    "date": "2025-01-28T18:39:53.186545", 
                    "id": 1, 
                    "review_state": "Moving", 
                    "text": "Boa tarde,\r\n\r\nPara tratar dessa quest\u00e3o de forma adequada, recomendamos que registre formalmente sua demanda junto \u00e0 Ouvidoria Municipal da Prefeitura.\r\nEsse \u00e9 o canal oficial para direcionar sua solicita\u00e7\u00e3o ao setor respons\u00e1vel.\r\n\r\nSegue o link da ouvidoria: https://castro.atende.net/cidadao/pagina/ouvidoria-geral\r\n\r\nou\r\n\r\nEmail: casadocastrense@gmail.com\r\n\r\nTelefone: (42) 2122-5130\r\n\r\n\r\nObrigado por entrar em contato com a C\u00e2mara Municipal de Castro."
                }
            ], 
            "review_state": "resolved", 
            "rg": "70544202", 
            "title": "ALVARA MEI", 
            "uri": "https://www.castro.pr.leg.br/ouvidoria/20250128150216"
        }, 
        {
            "area": "ouvidoria", 
            "captcha": "", 
            "cpf": "01053252951", 
            "creation_date": "2025-02-11T23:44:44-02:00", 
            "description": "Prezados, o feed do site da C\u00e2mara est\u00e1 mostrando resultados de denuncias realizadas no portal de ouvidoria dos senhores, inclusive o nome completo de uma m\u00e9dica. Recomendo que verifiquem isso pois pode acarretar em problemas.\r\n\r\nExemplo: \r\n\r\n<title>M\u00e9dica fazendo coment\u00e1rios LGBTfobicos nas redes sociais</title>\r\n    <link>https://www.castro.pr.leg.br/ouvidoria/20241223130831</link>\r\n    <description>A M\u00e9dica Ana Paula Zargiski de Oliveira, que faz parte do quadro de funcion\u00e1rios do Hospital est\u00e1 fazendo coment\u00e1rios LGBTfobicos nas redes sociais. Me indago se essa doutora fez o juramento em sua formatura, t\u00e3o caro a classe dos m\u00e9dicos e \u00e0 popula\u00e7\u00e3o, que espera um atendimento livre de qualquer tipo de preconceito. Se essa doutora se sente no direito de cometer um crime previsto em lei nas redes sociais, o que esperar de seu atendimento m\u00e9dico? Tirei prints dos coment\u00e1rios e a sociedade est\u00e1 farta de coment\u00e1rios preconceituosos e que relativizam o sofrimento de minorias que pagam com suas vidas por uma sociedade que reiteradamente faz piada e invisibiliza essas pessoas</description>\r\n\r\nSe tiver d\u00favida pode me chamar.\r\n\r\nAbra\u00e7o!", 
            "kind": "sugestapso", 
            "modification_date": "2025-04-14T10:47:13-03:00", 
            "responses": [
                {
                    "creator": "tony.galetto", 
                    "date": "2025-02-13T14:50:05.470573", 
                    "id": 1, 
                    "review_state": "Accepted", 
                    "text": "Boa tarde,\r\n\r\nLocalizamos a sua ouvidoria, j\u00e1 estamos tratando do mesmo, sendo um erro do Dominio do Site, foi aberto um chamado para que seja revisado com m\u00e1xima urg\u00eancia.\r\n\r\n\r\nObrigado pela informa\u00e7\u00e3o e por entrar em contato com a C\u00e2mara Municipal de Castro."
                }
            ], 
            "review_state": "resolved", 
            "rg": "98419098", 
            "title": "VERIFICAR O FEED DO SITE DA C\u00c2MARA", 
            "uri": "https://www.castro.pr.leg.br/ouvidoria/20250211234444"
        }, 
        {
            "area": "ouvidoria", 
            "captcha": "", 
            "cpf": "05303045978", 
            "creation_date": "2025-02-12T20:48:09-02:00", 
            "description": "Rede de esgoto urgente!", 
            "kind": "reclamaassapso", 
            "modification_date": "2025-02-13T14:46:05-02:00", 
            "responses": [
                {
                    "creator": "tony.galetto", 
                    "date": "2025-02-13T14:45:45.567495", 
                    "id": 1, 
                    "review_state": "Accepted", 
                    "text": "Boa tarde,\r\n\r\nOntem na Sess\u00e3o, foi discutido e aprovado o Requerimento 44/2025 do Vereador Professor Pandorf, sobre este mesmo assunto, e que ser\u00e1 encaminhado para a Prefeitura.\r\n\r\n\r\nObrigado por entrar em contato com a C\u00e2mara Municipal de Castro."
                }
            ], 
            "review_state": "resolved", 
            "rg": "92713229", 
            "title": "Loteamento bairro Alpha Royal.....fossa das casas enche muito r\u00e1pido, todo mundo tem que pagar uma empresa para esgotar fossa todo m\u00eas e sai muito caro, precisamos da rede de esgoto urgente!", 
            "uri": "https://www.castro.pr.leg.br/ouvidoria/20250212204809"
        }, 
        {
            "area": "ouvidoria", 
            "captcha": "", 
            "cpf": "02354955845", 
            "creation_date": "2025-02-18T15:42:25-03:00", 
            "description": "BOA TARDE\r\nVENHO PEDIR UMA LOMBADA ELEVADA NA RUATIRADENTES , EM FRENTE A SORVETERIA IOGOMIX, PODE SER ATE ANTES A LOMBADA, POIS OS MOTORISTAS VEM NA CURVA E PASSAM CORRENDO\r\nESSES DIAS QUASE Q UM CARRO PEGA DUAS CRIANCAS, Q SAIRAM DA ESCOLA E FORAM NASORVETERIA, QUEM VEM DA CLINICA NAO VE AS PESSOAS ATRAVESSANDO , POIS OS MOTORISTAS NAO RESPEITAM A FAIXA Q TEM ALI PASSAM CORRENDO\r\nJA FIZ PEDIDO PARA UM VEREADOR,  MAIS NADA DE ATENDER\r\nPODEIRAM VER SOBRE ISTO\r\nOBRIGADO", 
            "kind": "solicitaassapso", 
            "modification_date": "2025-02-19T11:45:16-03:00", 
            "responses": [
                {
                    "creator": "tony.galetto", 
                    "date": "2025-02-19T11:44:57.952256", 
                    "id": 1, 
                    "review_state": "Moving", 
                    "text": "Boa tarde,\r\n\r\nPara tratar dessa quest\u00e3o de forma adequada, recomendamos que registre formalmente sua demanda junto \u00e0 Ouvidoria Municipal da Prefeitura.\r\nEsse \u00e9 o canal oficial para direcionar sua solicita\u00e7\u00e3o ao setor respons\u00e1vel, com a Secretaria de Infra Estrutura e Obras.\r\n\r\nSegue o link da ouvidoria: https://castro.atende.net/cidadao/pagina/ouvidoria-geral\r\n\r\nou\r\n\r\nEmail: obras@castro.pr.gov.br\r\n\r\nObrigado por entrar em contato com a C\u00e2mara Municipal de Castro."
                }
            ], 
            "review_state": "resolved", 
            "rg": "73355761", 
            "title": "LOMBADA ELEVADA", 
            "uri": "https://www.castro.pr.leg.br/ouvidoria/20250218154225"
        }, 
        {
            "area": "ouvidoria", 
            "captcha": "", 
            "cpf": "11192304977", 
            "creation_date": "2023-04-16T13:00:59-03:00", 
            "description": "Hoje dia 16 de abril, na recep\u00e7\u00e3o do hospital do instituto Moriah \r\nFui informada que n\u00e3o poderia realizar a troca de acompanhante por causa do hor\u00e1rio.\r\nPor\u00e9m n\u00e3o avisaram nada sobre hor\u00e1rio quando a paciente internou , pois o hospital estava sem sistema.\r\n Informamos isso a recepcionista e ela foi grossa , mal educada dizendo que n\u00e3o poderia fazer nada.\r\nPor\u00e9m existe uma lei a qual prioriza o acompanhamento no p\u00f3s parto, pois a minha filha estava de ces\u00e1ria recente e tamb\u00e9m o primeiro filho. \r\nApos insistir a recepcionista Elen , informou que s\u00f3 poderia deixar se a assistente social liberasse. Por\u00e9m como era domingo n\u00e3o tinha assistente social. \r\nImagino que por se tratar de hospital que fica aberto 24 horas, mesmo que  a  assistente social n\u00e3o esteja no momento deve algu\u00e9m deve ficar no lugar para resolver. Pois nunca se sabe quando vai ter alguma eventualidade a resolver.\r\nE pedi para a recepcionista ligar para a enfermeira do setor , explicando o ocorrido e verificar se havia alguma possibilidade de efetuar a troca , pois estava sendo muito necess\u00e1ria. A recepcionista ligou na maior m\u00e1 vontade e contou apenas oque quis , e novamente eu pedi para ela explicar oque havia acontecido. A a recepcionista me xingou , e se alterou. Lembrando que em nenhum momento eu fui mal educada com ela e apenas estava tentando resolver a situa\u00e7\u00e3o.\r\nOu ponto importante \u00e9 que quando chegamos , ela estava conversando com outras colegas que estava indignada de ter que trabalhar novamente no fim de semana e que o hospital n\u00e3o dava valor .\r\n  No final conseguimos entrar com a autoriza\u00e7\u00e3o da enfermeira do setor que entendeu a situa\u00e7\u00e3o. \r\nImagino que ela na fun\u00e7\u00e3o de recepcionista, deveria ter uma pouco mais de empatia, humaniza\u00e7\u00e3o e respeito. E acima de tudo querer trabalhar independente de ser fim de semana ou n\u00e3o.", 
            "kind": "reclamaassapso", 
            "modification_date": "2023-04-24T13:41:31-03:00", 
            "responses": [
                {
                    "creator": "imprensa@castro.pr.leg.br", 
                    "date": "2023-04-24T13:41:25.178254", 
                    "id": 1, 
                    "review_state": "Accepted", 
                    "text": "Ol\u00e1 tudo bem?\r\n\r\nIndicamos que registre sua reclama\u00e7\u00e3o diretamente na ouvidoria da Secretaria Municipal de Sa\u00fade, atrav\u00e9s dos telefones: 2122-5219 ou 0800-645-4041.\r\nN\u00e3o deixe de registrar a sua reclama\u00e7\u00e3o. \r\n\r\nAgradecemos o seu contato com a C\u00e2mara Municipal de Castro.\r\n"
                }
            ], 
            "review_state": "resolved", 
            "rg": "139966562", 
            "title": "Recep\u00e7\u00e3o do Hospital", 
            "uri": "https://www.castro.pr.leg.br/ouvidoria/20230416130059"
        }, 
        {
            "area": "ouvidoria", 
            "captcha": "", 
            "cpf": "05773462966", 
            "creation_date": "2022-05-26T15:42:38-03:00", 
            "description": "Sa\u00fade p\u00fablica em Castro , uma vergonha posinhos cheios de buracracia pra agendar exames , upa mal funciona , todos os dia h\u00e1 pais com crian\u00e7as com febre e dor , ou adultos com crises de dor e s\u00e3o obrigados a esperar por horas atendimento geralmente um m\u00e9dico  , total falta de respeito com  o paciente , contrribuete , descaso com a vida e bem estar das pessoas", 
            "kind": "denaoncia", 
            "modification_date": "2022-05-30T17:24:39-03:00", 
            "responses": [
                {
                    "creator": "claudiag", 
                    "date": "2022-05-30T17:24:32.188244", 
                    "id": 1, 
                    "review_state": "Accepted", 
                    "text": "Boa tarde Diego!\r\n\r\nInformamos que na data de sua solicita\u00e7\u00e3o, 26 de maio, aconteceu na sede da C\u00e2mara a audi\u00eancia p\u00fablica para presta\u00e7\u00e3o de contas da Secretaria da Sa\u00fade a respeito do 1\u00ba quadrimestre de 2022. Nesta oportunidade, a secret\u00e1ria de Sa\u00fade foi indagada por vereadores e por membro da comunidade presente a respeito da atual situa\u00e7\u00e3o da UPA e das Unidades B\u00e1sicas de Sa\u00fade, e apresentou os tipos de procedimentos realizados em cada unidade e o tempo previsto de espera pela legisla\u00e7\u00e3o. A audi\u00eancia foi gravada e encontra-se dispon\u00edvel no canal da C\u00e2mara de Castro no youtube.\r\n\r\nConforme mencionado na referida audi\u00eancia, o ideal \u00e9 registrar sua reclama\u00e7\u00e3o na ouvidoria da pr\u00f3pria secretaria municipal de Sa\u00fade. O  contato \u00e9 atrav\u00e9s dos telefones: 2122- 5219 ou 0800-645-4041.\r\n\r\nAgradecemos por entrar em contato com a C\u00e2mara Municipal de Castro!"
                }
            ], 
            "review_state": "resolved", 
            "rg": "85431706", 
            "title": "Sa\u00fade p\u00fablica em Castro", 
            "uri": "https://www.castro.pr.leg.br/ouvidoria/20220526154238"
        }, 
        {
            "area": "ouvidoria", 
            "captcha": "", 
            "cpf": "077.253.289-39", 
            "creation_date": "2022-05-26T16:18:00-03:00", 
            "description": "A upa est\u00e1 totalmente congestionada por falta de m\u00e9dicos. Sem falar o atendimento por parte de recepcionistas e enfermeiras.", 
            "kind": "denaoncia", 
            "modification_date": "2022-05-30T17:23:30-03:00", 
            "responses": [
                {
                    "creator": "claudiag", 
                    "date": "2022-05-30T17:23:15.913370", 
                    "id": 1, 
                    "review_state": "Pending", 
                    "text": "Boa tarde Rodrigo!\r\n\r\nInformamos que na data de sua solicita\u00e7\u00e3o, 26 de maio, aconteceu na sede da C\u00e2mara a audi\u00eancia p\u00fablica para presta\u00e7\u00e3o de contas da Secretaria da Sa\u00fade a respeito do 1\u00ba quadrimestre de 2022. Nesta oportunidade, a secret\u00e1ria de Sa\u00fade foi indagada por vereadores e por membro da comunidade presente a respeito da atual situa\u00e7\u00e3o da UPA. A audi\u00eancia foi gravada e encontra-se dispon\u00edvel no canal da C\u00e2mara de Castro no youtube.\r\n\r\nConforme mencionado na referida audi\u00eancia, o ideal \u00e9 registrar sua reclama\u00e7\u00e3o na ouvidoria da pr\u00f3pria secretaria municipal de Sa\u00fade. O  contato \u00e9 atrav\u00e9s dos telefones: 2122- 5219 ou 0800-645-4041.\r\n\r\nAgradecemos por entrar em contato com a C\u00e2mara Municipal de Castro!"
                }
            ], 
            "review_state": "resolved", 
            "rg": "111817840", 
            "title": "Sa\u00fade", 
            "uri": "https://www.castro.pr.leg.br/ouvidoria/20220526161800"
        }, 
        {
            "area": "ouvidoria", 
            "captcha": "", 
            "cpf": "04122571901", 
            "creation_date": "2022-05-30T08:36:54-03:00", 
            "description": "Pe\u00e7o por gentileza que mandem arrumar principalmente um buraco na frente da minha casa,pois tem muito movimento e quando passa carro pesado est\u00e1 tremendo a casa,tenho medo que venha aparecer trincas,rua Sezinando Bourguignon entre os n\u00fameros 173 e 163", 
            "kind": "reclamaassapso", 
            "modification_date": "2022-05-30T17:25:27-03:00", 
            "responses": [
                {
                    "creator": "claudiag", 
                    "date": "2022-05-30T17:25:21.662902", 
                    "id": 1, 
                    "review_state": "Accepted", 
                    "text": "Boa tarde Luiz Eduardo!\r\n\r\nRecebemos seu pedido e indicamos que entre contato direto com a Secretaria Municipal de Infraestrutura e Meio Ambiente, que \u00e9 respons\u00e1vel pelo conserto, atrav\u00e9s dos telefones: 2122- 5536 ou 2122-5538.\r\n\r\nObrigado por entrar em contato com a C\u00e2mara Municipal de Castro!"
                }
            ], 
            "review_state": "resolved", 
            "rg": "73572614", 
            "title": "Buracos na rua", 
            "uri": "https://www.castro.pr.leg.br/ouvidoria/20220530083654"
        }, 
        {
            "area": "ouvidoria", 
            "captcha": "", 
            "cpf": "09749753712", 
            "creation_date": "2022-01-03T15:26:03-02:00", 
            "description": "Hoje estive no upa e levei 4 horas para ser atendida, tinha muitas pessoas inclusive idosos aguardando, demora no atendimento superlota\u00e7\u00e3o no local, n\u00e3o tinha lugar para sentar ou ficar dentro do upa, as pr\u00f3prias atendentes reclamando que s\u00f3 tinham 2 m\u00e9dicos para atender isso \u00e9 uma vergonha.", 
            "kind": "denaoncia", 
            "modification_date": "2022-01-06T17:55:59-02:00", 
            "responses": [
                {
                    "creator": "claudiag", 
                    "date": "2022-01-06T17:55:45.658127", 
                    "id": 1, 
                    "review_state": "Accepted", 
                    "text": "Boa tarde,\r\nRecebemos sua den\u00fancia e vamos encaminh\u00e1-la aos vereadores para indiquem a necessidade de provid\u00eancias por parte dos \u00f3rg\u00e3os competentes.\r\nIndicamos tamb\u00e9m a possibilidade de entrar em contato direto com a ouvidoria da Secretaria Municipal de Sa\u00fade atrav\u00e9s dos telefones: 2122- 5219 ou 0800-645-4041.\r\nObrigado por entrar em contato com a C\u00e2mara Municipal de Castro!"
                }
            ], 
            "review_state": "resolved", 
            "rg": "1829475", 
            "title": "Demora no atendimento no upa", 
            "uri": "https://www.castro.pr.leg.br/ouvidoria/20220103152603"
        }, 
        {
            "area": "ouvidoria", 
            "captcha": "", 
            "cpf": "12345678900", 
            "creation_date": "2023-01-20T20:24:46-02:00", 
            "description": "Excelent\u00edssimos senhores vereadores do Munic\u00edpio de Castro, atrav\u00e9s dessa reclama\u00e7\u00e3o,  manifesto meu total descontentamento com a LEI 3980/2022 de origem do Executivo e aprovado por vossas excel\u00eancias que n\u00e3o atuam como aut\u00f4nomo obviamente. Lei afrontosa, sem princ\u00edpios de boa-f\u00e9, muito menos de simplifica\u00e7\u00e3o de procedimentos tribut\u00e1rios. Punitiva de uma classe que atua de forma legal a muitos anos. Sem agrega\u00e7\u00e3o de tributos, apenas apropriando-se de multas e mais multas, 58 no total. R$ 4.159,20 (Quatro mil, cento e cinquenta e nove reais e vinte centavos) a estimativa de multa para cada um dos in\u00fameros aut\u00f4nomos estabelecidos, ao meu ver de forma inconstitucional, pois a \u201cCONSTITUI\u00c7\u00c3O DA REP\u00daBLICA FEDERATIVA DO BRASIL DE 1988 SE\u00c7\u00c3O II DAS LIMITA\u00c7\u00d5ES DO PODER DE TRIBUTAR. Art. 150. Sem preju\u00edzo de outras garantias asseguradas ao contribuinte, \u00e9 vedado \u00e0 Uni\u00e3o, aos Estados, ao Distrito Federal e aos Munic\u00edpios: IV - UTILIZAR TRIBUTO COM EFEITO DE CONFISCO;\u201d Exemplo cl\u00e1ssico de confisco \u00e9 o exagero da Administra\u00e7\u00e3o P\u00fablica na aplica\u00e7\u00e3o de multas pelo descumprimento de obriga\u00e7\u00f5es tribut\u00e1rias ou acess\u00f3rias. Al\u00e9m do mais, com um embasamento legal descabido, desapropriado, uma afronta que desestimula o contribuinte castrense. A base ilegal pelo n\u00e3o cumprimento de obriga\u00e7\u00f5es acess\u00f3rias, prevista no artigo 143, Item II, al\u00ednea C, do CTM (Lei 53/2016) c) N\u00e3o emitir notas fiscais ou cupons fiscais, na forma legal: Multa de cinco Unidades Fiscais do Munic\u00edpio, por documento; (Reda\u00e7\u00e3o dada pela Lei Complementar n\u00ba 59/2017). Sugiro mudar o nome do PROGRAMA de Autorregulariza\u00e7\u00e3o tribut\u00e1ria para Programa de \u201cm\u00e3os ao alto contribuinte\u201d. Sarc\u00e1stico e arrogante, pra chamar a aten\u00e7\u00e3o de voc\u00ea que l\u00ea essa reclama\u00e7\u00e3o e vai fazer algo com ela e n\u00e3o vai engavetar e fingir que nada acontece, que o legislador sempre tem raz\u00e3o, porque n\u00e3o existe a irregularidade tribut\u00e1ria. Observe um detalhe equivocado do legislador: a obriga\u00e7\u00e3o de emiss\u00e3o de nota fiscal por parte dos aut\u00f4nomos sequer existe. N\u00e3o tem previs\u00e3o legal para cobrar essa obriga\u00e7\u00e3o acess\u00f3ria. Primeiramente porque o sistema n\u00e3o fez habilita\u00e7\u00e3o, aptid\u00e3o e homologa\u00e7\u00e3o para gerar a obriga\u00e7\u00e3o acess\u00f3ria e segundamente porque no sabido Art. 136 \u201cOs contribuintes sujeitos ao pagamento do Imposto Sobre Servi\u00e7os de Qualquer Natureza - ISSQN, pelo pre\u00e7o dos servi\u00e7os, ficam obrigados a emitir Nota Fiscal Eletr\u00f4nica - NFS-e, inclusive avulsa; ou Cupom Fiscal, para as atividades a serem definidas por decreto do Poder Executivo. (Reda\u00e7\u00e3o dada pela Lei Complementar n\u00ba 59/2017)\u201d. Destaque-se: Os contribuintes sujeitos ao pagamento do ISSQN pelo \u201cpre\u00e7o dos servi\u00e7os\u201d ficam obrigados a emitir Nota Fiscal. Destaque-se o \u201cPre\u00e7o dos Servi\u00e7os\u201d. Repetindo: Os contribuintes sujeitos ao pagamento do ISSQN pelo \u201cpre\u00e7o dos servi\u00e7os\u201d ficam obrigados a emitir Nota Fiscal. Mais uma vez: Os contribuintes sujeitos ao pagamento do ISSQN pelo \u201cpre\u00e7o dos servi\u00e7os\u201d ficam obrigados a emitir Nota Fiscal. Deu pra perceber? O Profissional aut\u00f4nomo n\u00e3o paga o ISSQN pelo pre\u00e7o dos servi\u00e7os, paga por AL\u00cdQUOTAS FIXAS conforme a tabela 1 do Anexo II do CTM, por Categoria de Forma\u00e7\u00e3o e em Al\u00edquota Anual em UFM, N\u00edvel Superior: 07 UFM, N\u00edvel T\u00e9cnico: 04 UFM, Outros N\u00edveis: 02 UFM. O pre\u00e7o do servi\u00e7o s\u00f3 gera ISS para empresas, ou seja, a obriga\u00e7\u00e3o legal \u00e9 s\u00f3 para pessoa jur\u00eddica que est\u00e1 sujeita ao pagamento do ISS pelo pre\u00e7o do servi\u00e7o realizado. Diante disso, ficou bem claro o equ\u00edvoco do legislador n\u00e9? Tendo em vista que o profissional aut\u00f4nomo n\u00e3o est\u00e1 irregular e sequer tem a obriga\u00e7\u00e3o legal de emitir nota fiscal, pois \u00e9 irrelevante para apura\u00e7\u00e3o de tributos municipais, vou elucidar esse final: Toda essa bagun\u00e7a pra nada, sequer um centavo de tributo apurado a mais ou a menos, porque \u00e9 tudo irrelevante, descabido, inconstitucional e imprevisto no c\u00f3digo tribut\u00e1rio. A repercuss\u00e3o do caso do dentista e a quebra do seu sigilo banc\u00e1rio serviram para arrecada\u00e7\u00e3o de 0 tributos aos cofres p\u00fablicos, apenas para criar uma f\u00e1brica de multas aos coitados dos aut\u00f4nomos, inconstitucional e imprevisto no c\u00f3digo tribut\u00e1rio.", 
            "kind": "reclamaassapso", 
            "modification_date": "2023-01-23T15:00:37-02:00", 
            "responses": [
                {
                    "creator": "claudiag", 
                    "date": "2023-01-23T15:00:28.811424", 
                    "id": 1, 
                    "review_state": "Accepted", 
                    "text": "O e-mail que consta para resposta \u00e9 endere\u00e7o da pr\u00f3pria Casa Legislativa."
                }
            ], 
            "review_state": "resolved", 
            "rg": "12345678-9", 
            "title": "Programa de Autorregulariza\u00e7\u00e3o para Aut\u00f4nomos", 
            "uri": "https://www.castro.pr.leg.br/ouvidoria/20230120202446"
        }, 
        {
            "area": "ouvidoria", 
            "captcha": "", 
            "cpf": "12345678900", 
            "creation_date": "2023-01-24T20:51:29-02:00", 
            "description": "Hoje me deparei com mais um acidente na Rotat\u00f3ria da Tratornew, trecho sob responsabilidade do Munic\u00edpio e do DER PR, j\u00e1 fiz reclama\u00e7\u00e3o para o DER, mas eles n\u00e3o est\u00e3o nem a\u00ed, usam dados do sistema bateu como refer\u00eancia, mas os contribuintes raramente relatam boletim de ocorr\u00eancia nesse sistema e pelas in\u00fameras ruas que se encontram fica dif\u00edcil definir em qual rua foi parar o relato do acidente. O problema \u00e9 que n\u00e3o param os acidentes, pois a velocidade que os ve\u00edculos tr\u00e1fego do sentido Castrolanda para a sa\u00edda para Ponta Grossa \u00e9 superior a 50 Km/h. Deveria no m\u00ednimo ter uma faixa elevada onde antigamente tinha a linha f\u00e9rrea. A quest\u00e3o \u00e9 que j\u00e1 foram mais de 40 acidentes nesse local e ningu\u00e9m faz nada. Inclusive uma pessoa morreu atropelada nesse trecho, v\u00e1rios carros capotaram e ningu\u00e9m toma uma atitude decente. Ser\u00e1 que a popula\u00e7\u00e3o precisa por fogo na pista pra se tocarem da inseguran\u00e7a que esse local representa para os pedestres, ciclistas e ve\u00edculos que atravessam essa via Rotat\u00f3ria rid\u00edcula?", 
            "kind": "reclamaassapso", 
            "modification_date": "2023-01-26T17:52:44-02:00", 
            "responses": [
                {
                    "creator": "claudiag", 
                    "date": "2023-01-26T17:51:48.065721", 
                    "id": 1, 
                    "review_state": "Pending", 
                    "text": "O e-mail cadastrado para resposta n\u00e3o correposnde a e-mail de mun\u00edcipe e remete a um endere\u00e7o de \u00f3rg\u00e3o oficial.\r\n\r\nQuanto a reclama\u00e7\u00e3o, a C\u00e2mara de Castro menciona que o assunto foi tema do Requerimento n\u00ba 251/2022, apresentado pelo vereador Guto Beck, em outubro de 2022. \r\n\r\nO requerimento pode ser acessado aqui: https://sapl.castro.pr.leg.br/media/sapl/public/materialegislativa/2022/6785/requerimento_251-2022.pdf\r\n\r\nA resposta enviada pelo DER ao referido requerimento pode ser conferida aqui: https://sapl.castro.pr.leg.br/media/sapl/public/documentoacessorio/2022/7962/of_593_resp_req_189_ver_rafael_rabbers.pdf\r\n\r\nA C\u00e2mara de Castro agradece o contato!"
                }
            ], 
            "review_state": "resolved", 
            "rg": "3219088", 
            "title": "Rotat\u00f3ria Tratornew", 
            "uri": "https://www.castro.pr.leg.br/ouvidoria/20230124205129"
        }, 
        {
            "area": "ouvidoria", 
            "captcha": "", 
            "cpf": "096.411.919-69", 
            "creation_date": "2023-01-25T12:15:35-02:00", 
            "description": "Av. Ricardo Nardi Cardoso, tem um terreno grande com Mato muito alto e tem aparecido muitos bichos como cobra e aranhas.", 
            "kind": "denaoncia", 
            "modification_date": "2023-01-26T16:53:19-02:00", 
            "responses": [
                {
                    "creator": "claudiag", 
                    "date": "2023-01-26T16:53:03.983978", 
                    "id": 1, 
                    "review_state": "Pending", 
                    "text": "Boa tarde Celine,\r\n\r\nRecebemos seu pedido e indicamos que entre contato direto com a ouvidoria da Secretaria Municipal de Infraestrutura e Meio Ambiente atrav\u00e9s dos telefones: 2122- 5537 ou 2122-5305.\r\n\r\nObrigado por entrar em contato com a C\u00e2mara Municipal de Castro!"
                }
            ], 
            "review_state": "resolved", 
            "rg": "13.2260508", 
            "title": "Terreno sujo", 
            "uri": "https://www.castro.pr.leg.br/ouvidoria/20230125121535"
        }, 
        {
            "area": "ouvidoria", 
            "captcha": "", 
            "cpf": "01736358901", 
            "creation_date": "2023-01-25T12:27:26-02:00", 
            "description": "No jardim alvorada estamos tendo muito problema com um terreno baldio com mato muito alto, tem aparecido muitos bichos como cobras e aranhas\r\nTerreno localizado na Av. Ricardo Nardi Cardoso", 
            "kind": "denaoncia", 
            "modification_date": "2023-01-26T16:52:10-02:00", 
            "responses": [
                {
                    "creator": "claudiag", 
                    "date": "2023-01-26T16:51:56.181631", 
                    "id": 1, 
                    "review_state": "Pending", 
                    "text": "Boa tarde Maria da Luz,\r\n\r\nRecebemos seu pedido e indicamos que entre contato direto com a ouvidoria da Secretaria Municipal de Infraestrutura e Meio Ambiente atrav\u00e9s dos telefones: 2122- 5537 ou 2122-5305.\r\n\r\nObrigado por entrar em contato com a C\u00e2mara Municipal de Castro!"
                }
            ], 
            "review_state": "resolved", 
            "rg": "64276026", 
            "title": "Terreno sujo", 
            "uri": "https://www.castro.pr.leg.br/ouvidoria/20230125122726"
        }, 
        {
            "area": "ouvidoria", 
            "captcha": "", 
            "cpf": "023.107.299-65", 
            "creation_date": "2023-01-26T15:56:02-02:00", 
            "description": "Terreno muito mato tem cobra indo para casa dos vizinhos Jardim alvorada rua Ricardo nardi Cardoso 455 residencial Amsterd\u00e3", 
            "kind": "reclamaassapso", 
            "modification_date": "2023-01-26T16:51:02-02:00", 
            "responses": [
                {
                    "creator": "claudiag", 
                    "date": "2023-01-26T16:50:34.739964", 
                    "id": 1, 
                    "review_state": "Pending", 
                    "text": "Boa tarde Sandro,\r\n\r\nRecebemos seu pedido e indicamos que entre contato direto com a ouvidoria da Secretaria Municipal de Infraestrutura e Meio Ambiente atrav\u00e9s dos telefones: 2122- 5537 ou 2122-5305.\r\n\r\nObrigado por entrar em contato com a C\u00e2mara Municipal de Castro!"
                }
            ], 
            "review_state": "resolved", 
            "rg": "51035747", 
            "title": "Terreno sujo", 
            "uri": "https://www.castro.pr.leg.br/ouvidoria/20230126155602"
        }, 
        {
            "area": "ouvidoria", 
            "captcha": "", 
            "cpf": "05145303912", 
            "creation_date": "2023-03-25T02:37:02-03:00", 
            "description": "Pe\u00e7o que tomem provid\u00eancias sobre um lote ao lado da minha casa na vila Santa cruz na rua s\u00e3o Tom\u00e9 ao lado 176 n\u00e3o aguento mais esse terreno sujo o mato est\u00e1 muito alto e est\u00e1 at\u00e9 vindo pra dentro da minha casa indo pra rua bicho vindo pra minha casa lixo jogado j\u00e1 fui atr\u00e1s do dono v\u00e1rias vezes pra vim limpar e ele n\u00e3o vem e diz que n\u00e3o vai vim limpar. Pe\u00e7o que por favor tomem provid\u00eancias por que n\u00e3o aguento mais faz 20 anos que moro aqui e nunca foi limpado esse terreno.\r\nS\u00e3o Tom\u00e9 176 santa cruz o lote \u00e9 ao lado desse endere\u00e7o o dono e Albino shimid", 
            "kind": "denaoncia", 
            "modification_date": "2023-03-27T13:12:13-03:00", 
            "responses": [
                {
                    "creator": "imprensa@castro.pr.leg.br", 
                    "date": "2023-03-27T13:12:06.951786", 
                    "id": 1, 
                    "review_state": "Accepted", 
                    "text": "Ol\u00e1 Vanessa,\r\n\r\nVoc\u00ea pode fazer uma reclama\u00e7\u00e3o diretamente na Prefeitura, Ouvidoria pelo 0800-645-4041 ou pelo link https://castro.atende.net/cidadao/pagina/ouvidoria-geral.\r\nO setor de fiscaliza\u00e7\u00e3o ira avaliar a sua solicita\u00e7\u00e3o e o local onde voc\u00ea colocou depois disso ele ir\u00e3o notificar o propriet\u00e1rio do terreno cadastrado na prefeitura e depois que o propriet\u00e1rio receber essa notifica\u00e7\u00e3o ele ter\u00e1 30 dias para realizar a limpeza do terreno. \r\n\r\nCaso isso n\u00e3o aconte\u00e7a ou a prefeitura n\u00e3o consiga localizar o propriet\u00e1rio, ela ira fazer a limpeza do local e o propriet\u00e1rio vai recebe a multa, mais o valor do servi\u00e7o.\r\n\r\nAgradecemos o seu contato com a C\u00e2mara Municipal de Castro."
                }
            ], 
            "review_state": "resolved", 
            "rg": "86383322", 
            "title": "Terreno sujo", 
            "uri": "https://www.castro.pr.leg.br/ouvidoria/20230325023702"
        }, 
        {
            "area": "ouvidoria", 
            "captcha": "", 
            "cpf": "05145303912", 
            "creation_date": "2023-03-25T02:46:04-03:00", 
            "description": "Pe\u00e7o que por gentileza notifiquem o dono do terreno ao lado da minha casa na rua s\u00e3o Tom\u00e9 176 na santa cruz porque o mato est\u00e1 muito alto vindo pra dentro da minha casa indo pra rua e o dono n\u00e3o vem limpar j\u00e1 fui atr\u00e1s dele pra pedir e ele fala que n\u00e3o vem limpar j\u00e1 fiz reclama\u00e7\u00e3o pra vcs mas assim mesmo continua igual pe\u00e7o que por favor me ajudem faz 20 anos que moro aqui e nunca foi limpado esse terreno fica bem de esquina\r\nO dono dele \u00e9 albino shimit", 
            "kind": "denaoncia", 
            "modification_date": "2023-03-27T13:12:31-03:00", 
            "responses": [
                {
                    "creator": "imprensa@castro.pr.leg.br", 
                    "date": "2023-03-27T13:12:23.736563", 
                    "id": 1, 
                    "review_state": "Accepted", 
                    "text": "Ol\u00e1 Vanessa,\r\n\r\nVoc\u00ea pode fazer uma reclama\u00e7\u00e3o diretamente na Prefeitura, Ouvidoria pelo 0800-645-4041 ou pelo link https://castro.atende.net/cidadao/pagina/ouvidoria-geral.\r\nO setor de fiscaliza\u00e7\u00e3o ira avaliar a sua solicita\u00e7\u00e3o e o local onde voc\u00ea colocou depois disso ele ir\u00e3o notificar o propriet\u00e1rio do terreno cadastrado na prefeitura e depois que o propriet\u00e1rio receber essa notifica\u00e7\u00e3o ele ter\u00e1 30 dias para realizar a limpeza do terreno. \r\n\r\nCaso isso n\u00e3o aconte\u00e7a ou a prefeitura n\u00e3o consiga localizar o propriet\u00e1rio, ela ira fazer a limpeza do local e o propriet\u00e1rio vai recebe a multa, mais o valor do servi\u00e7o.\r\n\r\nAgradecemos o seu contato com a C\u00e2mara Municipal de Castro."
                }
            ], 
            "review_state": "resolved", 
            "rg": "86383322", 
            "title": "Terreno sujo", 
            "uri": "https://www.castro.pr.leg.br/ouvidoria/20230325024604"
        }, 
        {
            "area": "ouvidoria", 
            "captcha": "", 
            "cpf": "04228353908", 
            "creation_date": "2023-03-26T12:41:20-03:00", 
            "description": "Venderam um terreno que foi doa\u00e7\u00e3o da prefeitura. N\u00e3o tem documenta\u00e7\u00e3o nenhuma e expulsaram uma senhora que morava na casa. A mesma morava mais de 15 anos e pagava o IPTU.\r\nGostaria de uma fiscaliza\u00e7\u00e3o, pois n\u00e3o \u00e9 justo o que est\u00e3o fazendo.\r\nEndere\u00e7o: rua Francisco de Assis Andrade, 935\r\nVila Rio Branco, castro Paran\u00e1 \r\nO iptu est\u00e1 no nome de Jo\u00e3o Maria Dias, ele tem casa pr\u00f3pria e terreno doado pela prefeitura.", 
            "kind": "denaoncia", 
            "modification_date": "2023-03-27T13:25:43-03:00", 
            "responses": [
                {
                    "creator": "imprensa@castro.pr.leg.br", 
                    "date": "2023-03-27T13:25:35.858637", 
                    "id": 1, 
                    "review_state": "Accepted", 
                    "text": "Ol\u00e1 Manoela\r\n\r\nVoc\u00ea pode fazer a sua den\u00fancia diretamente com a Viviane do setor de Habita\u00e7\u00e3o no Social, voc\u00ea poder ligar no contato 2122-5527 ou ir at\u00e9 l\u00e1 e apresentar a sua reclama\u00e7\u00e3o formalmente. Ela vai realizar um protocolo com as suas informa\u00e7\u00f5es e em seguida vai fazer um trabalho de campo e avaliar a documento\u00e7\u00e3o do terreno, para que as devidas provid\u00eancias sejam tomadas. \r\n\r\nAgradecemos o seu contato com a C\u00e2mara Municipal de Castro."
                }
            ], 
            "review_state": "resolved", 
            "rg": "81276617", 
            "title": "Venda irregular de terreno doado pela prefeitura", 
            "uri": "https://www.castro.pr.leg.br/ouvidoria/20230326124120"
        }, 
        {
            "area": "ouvidoria", 
            "captcha": "", 
            "cpf": "02354994982", 
            "creation_date": "2024-09-06T10:28:24-03:00", 
            "description": "BOM DIA\r\nVENHO PEDIR A PREFEITURA QUE INSTALE UMA LOMBADA ELEVADA ANTES DA SORVETERIA  IOGOMIX PARA OS PEDESTRES PASSAR COM SEGURAN\u00c7A, OS CARROS PASSAM CORRENDO ALI NA CURVA E NAO RESPEITA QUEM ESTA NA FAIXA,  TEM CRIANCAS Q SAEM DA ESCOLA E VAO NA SORVETERIA.", 
            "kind": "sugestapso", 
            "modification_date": "2024-09-12T13:23:30-03:00", 
            "responses": [
                {
                    "creator": "imprensa@castro.pr.leg.br", 
                    "date": "2024-09-12T13:23:21.365830", 
                    "id": 1, 
                    "review_state": "Accepted", 
                    "text": "Ol\u00e1 tudo bem?\r\n\r\nSeu pedido j\u00e1 foi apresentado em sess\u00e3o, confira as indica\u00e7\u00f5es 182/2023 e 31/2024, voc\u00ea pode ler o pedido na integra nos links abaixo.\r\n\r\n182/2023 - https://sapl.castro.pr.leg.br/[\u2026]/indicacao_182-2023.pdf\r\n31/2024 - https://sapl.castro.pr.leg.br/media/sapl/public/materialegislativa/2024/7925/indicacao_31-2024.pdf\r\n\r\nObrigada pelo seu contato com a C\u00e2mara Municipal de Castro.\r\n"
                }
            ], 
            "review_state": "resolved", 
            "rg": "63357996", 
            "title": "LOMBADA ELEVADA", 
            "uri": "https://www.castro.pr.leg.br/ouvidoria/20240906102824"
        }, 
        {
            "area": "ouvidoria", 
            "captcha": "", 
            "cpf": "041.530.589-63", 
            "creation_date": "2024-09-20T14:41:24-03:00", 
            "description": "Ol\u00e1, \r\n\r\nGostaria de saber como solicitar que o Lavacar pr\u00f3ximo a minha resid\u00eancia utilize aspirador com baixa emiss\u00e3o sonora, pois o som do as portar dor \u00e9 constante durante a semana em todo o hor\u00e1rio comercial e aos s\u00e1bados. Penso que os pr\u00f3prios colaboradores podem ter a sa\u00fade auditiva prejudicada a longo prazo devido o som alto. \r\n\r\nAlgum \u00f3rg\u00e3o que fa\u00e7a a visita para averiguar o que pode ser feito sem preju\u00edzo \u00e0 empresa e sem necessitar de exposi\u00e7\u00e3o, mas que possamos solucionar a quest\u00e3o da polui\u00e7\u00e3o sonora? \r\n\r\nO Lavacar fica na rua Tiradentes em frente a Adapar \r\n\r\nDesde j\u00e1 agrade\u00e7o e aguardo retorno.", 
            "kind": "pedido-de-acesso-a-informaassapso", 
            "modification_date": "2024-10-01T14:19:52-03:00", 
            "responses": [
                {
                    "creator": "imprensa@castro.pr.leg.br", 
                    "date": "2024-10-01T14:19:45.724702", 
                    "id": 1, 
                    "review_state": "Accepted", 
                    "text": "Boa tarde,\r\n\r\nPara que a situa\u00e7\u00e3o seja avaliada de forma adequada, sem prejudicar a empresa e respeitando sua privacidade, recomendamos que formalize sua solicita\u00e7\u00e3o atrav\u00e9s da Ouvidoria Municipal da Prefeitura. O setor respons\u00e1vel pela fiscaliza\u00e7\u00e3o poder\u00e1 realizar uma vistoria t\u00e9cnica e verificar poss\u00edveis solu\u00e7\u00f5es para reduzir a polui\u00e7\u00e3o sonora em conjunto com a empresa.\r\n\r\nSegue o link: https://castro.atende.net/autoatendimento/servicos/ouvidoria-municipal/detalhar/1\r\n\r\nAgrade\u00e7emos o seu contato com a C\u00e2mara Municipal de Castro."
                }
            ], 
            "review_state": "resolved", 
            "rg": "7.158.390-2", 
            "title": "Polui\u00e7\u00e3o Sonora Lavacar", 
            "uri": "https://www.castro.pr.leg.br/ouvidoria/20240920144124"
        }, 
        {
            "area": "ouvidoria", 
            "captcha": "", 
            "cpf": "015.434.139-86", 
            "creation_date": "2024-10-16T07:23:57-03:00", 
            "description": "Tampa da bueiro na rua Santos Dumont n\u00b0 1020  com esquina da rua Francisco Botogoski  bairro Morada do Sol 5est\u00e1 quebrada e com isso lixo acaba entrando. \r\nFora o risco de pessoas ca\u00edrem no local.\r\nPor gentileza poderia mandar equipe pra efetuar o reparo. \r\nSegue foto em anexo.\r\nGrato \r\nEdson Costenaro", 
            "kind": "solicitaassapso", 
            "modification_date": "2024-11-01T12:09:17-02:00", 
            "responses": [
                {
                    "creator": "imprensa@castro.pr.leg.br", 
                    "date": "2024-11-01T12:09:10.613281", 
                    "id": 1, 
                    "review_state": "Accepted", 
                    "text": "Ol\u00e1, tudo bem?\r\n\r\nSua solicita\u00e7\u00e3o foi encaminhada a um parlamentar para que ele pudesse fazer um pedido ao setor respons\u00e1vel. Ap\u00f3s uma visita \u00e0 rua indicada, foi constatado que o bueiro j\u00e1 havia sido consertado.\r\n\r\nObrigada pelo seu contato com a C\u00e2mara Municipal de Castro.\r\n\r\n"
                }
            ], 
            "review_state": "resolved", 
            "rg": "58128791", 
            "title": "Tampa bueiro", 
            "uri": "https://www.castro.pr.leg.br/ouvidoria/20241016072357"
        }, 
        {
            "area": "ouvidoria", 
            "captcha": "", 
            "cpf": "05993596929", 
            "creation_date": "2024-10-22T21:07:53-02:00", 
            "description": "Retirada da placa de proibido estacionar na rua Travessa Diogo de Oliveira Franco, n\u00e3o foi consultado ningu\u00e9m , sobre a coloca\u00e7\u00e3o das placas,e ningu\u00e9m concorda, pois do outro lado da rua n\u00e3o tem como estacionar,tem garagem em uso, n\u00e3o tem espa\u00e7o pra estacionar,estamos sendo prejudicados", 
            "kind": "solicitaassapso", 
            "modification_date": "2024-11-06T18:08:01-02:00", 
            "responses": [
                {
                    "creator": "imprensa@castro.pr.leg.br", 
                    "date": "2024-11-01T12:13:54.340801", 
                    "id": 1, 
                    "review_state": "Moving", 
                    "text": "Ol\u00e1 tudo bem?\r\n\r\nSeu pedido foi encaminhado a um parlamentar para que ele fa\u00e7a um requerimento ou indica\u00e7\u00e3o. Esta semana, o assessor esteve na rua para verificar a situa\u00e7\u00e3o e tirar algumas fotos para anexar ao pedido. Em breve, entrarei em contato para atualizar voc\u00ea.\r\n\r\nObrigada por entrar em contato com a C\u00e2mara Municipal de Castro."
                }, 
                {
                    "creator": "imprensa@castro.pr.leg.br", 
                    "date": "2024-11-06T18:08:01.770264", 
                    "id": 2, 
                    "review_state": "Resolved", 
                    "text": "Boa tarde,\r\n\r\nSeu pedido foi apresentado na sess\u00e3o que aconteceu hoje (06), em forma de indica\u00e7\u00e3o por um vereador. Confira a indica\u00e7\u00e3o n.\u00ba 173/2024, voc\u00ea pode ler o pedido na integra atrav\u00e9s do link abaixo.\r\n\r\nhttps://sapl.castro.pr.leg.br/media/sapl/public/materialegislativa/2024/8409/indicacao_173-2024.pdf\r\n\r\nObrigada por entrar em contato com a C\u00e2mara Municipal de Castro."
                }
            ], 
            "review_state": "resolved", 
            "rg": "8.275.340 0", 
            "title": "transporte e tr\u00e2nsito", 
            "uri": "https://www.castro.pr.leg.br/ouvidoria/20241022210753"
        }, 
        {
            "area": "ouvidoria", 
            "captcha": "", 
            "cpf": "16247487916", 
            "creation_date": "2025-01-20T15:05:42-02:00", 
            "description": "No dia 15/01/2025 Quarta feira um inquilino come\u00e7ou a perturbar com o uso de motorizada por volta das 6h at\u00e9 aproximadamente as 9h. Ele vai e volta at\u00e9 o fim da rua durante todos os dias at\u00e9 o dia de hoje, por\u00e9m, agora ele come\u00e7ou a encomoda desde a hora do almo\u00e7o. O indiv\u00edduo aparenta n\u00e3o ter as documenta\u00e7\u00f5es e condi\u00e7\u00f5es ideais pois n\u00e3o respeita as placas de tr\u00e2nsito passando direto na preferencial, al\u00e9m de aparentar ser de menor.", 
            "kind": "reclamaassapso", 
            "modification_date": "2025-01-22T15:35:45-02:00", 
            "responses": [
                {
                    "creator": "tony.galetto", 
                    "date": "2025-01-22T15:35:30.291849", 
                    "id": 1, 
                    "review_state": "Accepted", 
                    "text": "Boa tarde,\r\n\r\nPara tratar dessa quest\u00e3o de forma adequada e garantir maior seguran\u00e7a e respeito \u00e0s leis de tr\u00e2nsito, recomendamos que registre formalmente sua demanda junto \u00e0 Ouvidoria Municipal da Prefeitura. Esse \u00e9 o canal oficial para direcionar sua solicita\u00e7\u00e3o ao setor respons\u00e1vel, como a Secretaria de Seguran\u00e7a P\u00fablica ou a COMUTRAN. Segue o link.\r\n\r\nhttps://castro.atende.net/[\u2026]/1\r\n\r\nObrigado por entrar em contato com a C\u00e2mara Municipal de Castro."
                }
            ], 
            "review_state": "resolved", 
            "rg": "16.280.721-8", 
            "title": "Motorizada", 
            "uri": "https://www.castro.pr.leg.br/ouvidoria/20250120150543"
        }, 
        {
            "area": "ouvidoria", 
            "captcha": "", 
            "cpf": "05145303912", 
            "creation_date": "2023-01-09T19:56:46-02:00", 
            "description": "Gostaria de denunciar um terreno sujo na vila Santa cruz na rua s\u00e3o Tom\u00e9 ao lado da casa 176 esse terreno est\u00e1 cheio de mato alto lixo e est\u00e1 vindo pra dentro da minha casa j\u00e1 fui atr\u00e1s do dono e ele n\u00e3o vem limpar e isso j\u00e1 vem de tempos assim sujo.\r\nNome do dono do terreno \u00e9 Albino shimitke.", 
            "kind": "denaoncia", 
            "modification_date": "2023-01-10T18:27:26-02:00", 
            "responses": [
                {
                    "creator": "claudiag", 
                    "date": "2023-01-10T18:27:03.985641", 
                    "id": 1, 
                    "review_state": "Pending", 
                    "text": "Boa tarde Vanessa,\r\n\r\nRecebemos seu pedido e indicamos que entre contato direto com a ouvidoria da Secretaria Municipal de Infraestrutura e Meio Ambiente atrav\u00e9s dos telefones: 2122- 5537 ou 2122-5305.\r\n\r\nLembramos que as atividades da prefeitura retornam no dia 23/01, devido per\u00edodo de f\u00e9rias coletivas dos servidores. \r\n\r\nObrigado por entrar em contato com a C\u00e2mara Municipal de Castro!"
                }
            ], 
            "review_state": "resolved", 
            "rg": "86383322", 
            "title": "Terreno sujo", 
            "uri": "https://www.castro.pr.leg.br/ouvidoria/20230109195646"
        }, 
        {
            "area": "ouvidoria", 
            "captcha": "", 
            "cpf": "039870416-33", 
            "creation_date": "2023-01-13T12:01:30-02:00", 
            "description": "No m\u00eas de setembro de 2021 foi cobrado uma taxa sobre servi\u00e7o de constru\u00e7\u00e3o de obra. Por\u00e9m num primeiro que estive na prefeitura foi me entregue um boleto no valor de 579,69  o qual paguei imediatamente e ap\u00f3s isso um funcion\u00e1rio da prefeitura entrou em contato dizendo que havia um d\u00e9bito da mesma natureza no valor aproximado de 2400,00, o qual foi quitado. Por\u00e9m entrei com o pedido de ressarcimento do valor pago de 579,69 que era referente a outro processo, erro interno de voc\u00eas, e nu c\u00e1 me foi pago este valor.", 
            "kind": "reclamaassapso", 
            "modification_date": "2023-01-23T15:12:38-02:00", 
            "responses": [
                {
                    "creator": "claudiag", 
                    "date": "2023-01-23T15:11:41.230108", 
                    "id": 1, 
                    "review_state": "Pending", 
                    "text": "Boa tarde Glaydson, \r\n\r\nA prefeitura retornou ao atendimento ap\u00f3s recesso de fim de ano nesta segunda-feira.\r\n\r\nIndicamos que entre em contato diretamente com eles para verificar o andamento do processo administrativo em que solicita o ressarcimento do valor.\r\n\r\nO telefone para contato \u00e9 2122- 5026.\r\n\r\nObrigada por entrar em contato com a C\u00e2mara de Castro!"
                }
            ], 
            "review_state": "resolved", 
            "rg": "M8710557", 
            "title": "Ressarcimento de valores pagos indevidamente", 
            "uri": "https://www.castro.pr.leg.br/ouvidoria/20230113120130"
        }, 
        {
            "area": "ouvidoria", 
            "captcha": "", 
            "cpf": "05247959914", 
            "creation_date": "2023-01-19T00:44:34-02:00", 
            "description": "Condi\u00e7\u00f5es indignas para acompanhantes de idosos passarem a madrugada no upa. Fornecido apenas 1 cadeira onde vc n\u00e3o consegue nenhuma posi\u00e7\u00e3o adequada pra descansar e dormir. Mesmo com camas vazias enfermeiras pro\u00edbem acompanhantes de deitar mas n\u00e3o d\u00e3o uma solu\u00e7\u00e3o digna e ainda falam que se n\u00e3o consegue descansar vc tem que arranjar algu\u00e9m pra ficar no lugar. 18/01/23", 
            "kind": "denaoncia", 
            "modification_date": "2023-01-23T15:04:50-02:00", 
            "responses": [
                {
                    "creator": "claudiag", 
                    "date": "2023-01-23T15:04:31.366947", 
                    "id": 1, 
                    "review_state": "Pending", 
                    "text": "Boa tarde Paulo,\r\n\r\nIndicamos que registre sua reclama\u00e7\u00e3o diretamente na ouvidoria da Secretaria Municipal de Sa\u00fade, atrav\u00e9s dos telefones: 2122-5219 ou 0800-645-4041.\r\n\r\nObrigada por entrar em contato com a C\u00e2mara Municipal de Castro.\r\n"
                }
            ], 
            "review_state": "resolved", 
            "rg": "89691109", 
            "title": "Upa", 
            "uri": "https://www.castro.pr.leg.br/ouvidoria/20230119004434"
        }, 
        {
            "area": "ouvidoria", 
            "captcha": "", 
            "cpf": "09362450933", 
            "creation_date": "2023-09-13T17:53:40-03:00", 
            "description": "Gostaria de entrar em contato com a Karina ( protocolo - 20220220212021); que precisava de informa\u00e7oes do Coronel Vidal Martins de Oliveira. Minha av\u00f3 Esther Teixeira de Lima ( in memoriam) era bisneta dele. \r\nMeu avo, Dirceu Teixeira de Lima (in memoriam), que foi jornalista em Castro- PR. Da um breve relato sobre o Coronel:\r\n \r\n\"Grande ser humano. Homem de fibra, de pouco estudo, mas de super-intelig\u00eancia, excelente  conselheiro e autoditada. Foi um crist\u00e3o equilibrado, tendo em suas leituras di\u00e1rias da B\u00edblia, descoberto que o \u00fanico e verdadeiro dia de guarda \u00e9 o S\u00c1BADO ,o 7\u2070 Dia.\r\nFoi propriet\u00e1rio da metade da Vila Rio Branco, casado com dona Maria Alexandrina Gon\u00e7alves de Oliveira. Seu nome: Coronel Vidal Martins de Oliveira. O  casal teve 16 filhos e uma filha legitimada. Ele exerceu grande influ\u00eancia no com\u00e9rcio, na pol\u00edtica e na sociedade castrense.\"\r\n\r\nEstou tentando buscar mais relatos nos arquivos que meu avo tinha, neles deve conter a arvore genealogica do Coronel Vidal... Caso queira essas informa\u00e7oes pode entrar em contato comigo pelas redes socias: Igor Grimbor. \r\nGrato desde j\u00e1!", 
            "kind": "pedido-de-acesso-a-informaassapso", 
            "modification_date": "2023-10-03T14:03:38-03:00", 
            "responses": [
                {
                    "creator": "imprensa@castro.pr.leg.br", 
                    "date": "2023-10-03T14:03:29.937717", 
                    "id": 1, 
                    "review_state": "Accepted", 
                    "text": "Boa tarde Igor,\r\n\r\nObrigado pelo seu contato, n\u00f3s enviamos a sua mensagem para a Karina, esperamos que ela entre em contato logo com voc\u00ea.\r\n\r\nAgradecemos o seu contato com a C\u00e2mara Municipal de Castro.\r\n"
                }
            ], 
            "review_state": "resolved", 
            "rg": "107749195", 
            "title": "CORONEL VIDAL MARTINS DE OLIVEIRA", 
            "uri": "https://www.castro.pr.leg.br/ouvidoria/20230913175340"
        }, 
        {
            "area": "ouvidoria", 
            "captcha": "", 
            "cpf": "00680615954", 
            "creation_date": "2024-04-29T19:19:10-03:00", 
            "description": "\u00c0 Ouvidoria da C\u00e2mara Municipal de Castro\r\n\r\nTem causado muito inc\u00f4modo aos moradores da regi\u00e3o central e entornos do Parque Lacustre o excessivo n\u00famero de carros e motos que, quer em raz\u00e3o de m\u00fasicas excessivamente altas, quer em raz\u00e3o de ve\u00edculos barulhentos, tem gerando imensa polui\u00e7\u00e3o sonora.\r\n\r\nDe dia, de noite, de madrugada, em qualquer dia da semana, motocicletas e alguns carros em situa\u00e7\u00e3o modificados para produzir barulhos e carros com sistemas de som que mais parecem o de um trio-el\u00e9trico tem desrespeitado as normas de tr\u00e2nsito e a lei de perturba\u00e7\u00e3o do sossego.\r\n\r\nA lei estabelece que conduzir ve\u00edculo \"com descarga livre ou silenciador de motor de explos\u00e3o defeituoso, deficiente ou inoperante\" \u00e9 infra\u00e7\u00e3o de tr\u00e2nsito grave. Mas, em especial \u00e0 noite, h\u00e1 motocicletas que produzem barulho por cem! Impunemente.\r\n\r\nAl\u00e9m disso, os carros que passam com o som explodindo em raz\u00e3o dos potentes equipamentos que costumam usar, continuam incomodando mesmo quando j\u00e1 est\u00e3o longe, h\u00e1 um ou dois quil\u00f4metros, sobretudo aqueles que utilizam potentes subwoofers, alto-falantes que geram sons graves, repetitivos e irritantes (as vezes chamado de \"bate-estaca\"), que s\u00e3o ondas sonoras de baixa frequ\u00eancia que propagam muito longe, atravessando paredes e janelas mesmo a grandes dist\u00e2ncias. O barulho que eles causam, segundo o coment\u00e1rio de um amigo, parece entrar na cabe\u00e7a e fazer o c\u00e9rebro ficar trepidando l\u00e1 dentro.\r\n\r\nEstamos sendo OBRIGADOS a passar muitas madrugadas acordados por conta de jovens que n\u00e3o tem o menor respeito pelo restante da popula\u00e7\u00e3o e passam madrugadas com m\u00fasica alta. Al\u00e9m disso, muitos fins de semana s\u00e3o estragados por carros que passam horas e horas no Parque Lacustre obrigando todos a ouvir suas m\u00fasicas repetitivas e cheias de vulgaridade. \r\n\r\nE n\u00e3o se pode argumentar que durante o dia isso \u00e9 permitido, porque n\u00e3o \u00e9. \r\n\r\nSobre isso, assim expressou a tenente Caroline F\u00e9lix, coordenadora operacional das equipes da  A\u00e7\u00e3o Integrada de Fiscaliza\u00e7\u00e3o Urbana, citada pela Ag\u00eancia Estadual de Not\u00edcias, do Governo do Paran\u00e1: \r\n\r\n\"N\u00e3o existe situa\u00e7\u00e3o de que perturba\u00e7\u00e3o do sossego se configura s\u00f3 a partir das 22 horas. Muito pelo contr\u00e1rio, n\u00e3o tem hora e nem lugar.\" \r\n\r\n\"Qualquer pessoa que se sinta incomodada com o som alto ou com gritarias pode acionar a Pol\u00edcia Militar para que a ocorr\u00eancia seja atendida. E o som tem sido inc\u00f4modo para muitos.\"\r\n\r\nDesta forma, venho solicitar a\u00e7\u00f5es efetivas das autoridades municipais para resolver esse problema. O barulho tem atrapalhado quem est\u00e1 em sua casa tentando trabalhar, estudar ou simplesmente aproveitar de suas horas de descanso. Afeta crian\u00e7as, adolescentes, adultos e idosos, por igual. N\u00e3o pode continuar como est\u00e1. Pedimos o cumprimento das leis.\r\n\r\nAtenciosamente", 
            "kind": "solicitaassapso", 
            "modification_date": "2024-04-30T15:26:40-03:00", 
            "responses": [
                {
                    "creator": "imprensa@castro.pr.leg.br", 
                    "date": "2024-04-30T12:58:27.634239", 
                    "id": 1, 
                    "review_state": "Moving", 
                    "text": "Ol\u00e1 tudo bem?\r\n\r\nIremos encaminhar a sua solicita\u00e7\u00e3o a Prefeitura Municipal atrav\u00e9s da Secretaria Municipal de Seguran\u00e7a P\u00fablica por meio de um requerimento e/ou indica\u00e7\u00e3o.\r\n\r\nVoc\u00ea pode tamb\u00e9m fazer o pedido no site da Prefeitura Municipal de Castro ou atrav\u00e9s do contato (42) 2122-5199, segue o link do site: https://castro.atende.net/[\u2026]/1. \r\n\r\nObrigada pelo seu contato com a C\u00e2mara Municipal de Castro.\r\n"
                }, 
                {
                    "creator": "imprensa@castro.pr.leg.br", 
                    "date": "2024-04-30T15:26:40.153640", 
                    "id": 2, 
                    "review_state": "Resolved", 
                    "text": "Sua den\u00fancia foi encaminhada ao Secret\u00e1rio de Seguran\u00e7a P\u00fablica atrav\u00e9s de um of\u00edcio realizado pelo vereador Jhonnthan Flugel.\r\n\r\nObrigada pelo seu contato com a C\u00e2mara Municipal de Castro."
                }
            ], 
            "review_state": "resolved", 
            "rg": "65504421", 
            "title": "Informa\u00e7\u00f5es sobre a constru\u00e7\u00e3o do Parque Lacustre", 
            "uri": "https://www.castro.pr.leg.br/ouvidoria/20240429191910"
        }, 
        {
            "area": "ouvidoria", 
            "captcha": "", 
            "cpf": "00680615954", 
            "creation_date": "2024-04-29T22:19:32-03:00", 
            "description": "ERRATA: Pe\u00e7o desculpas pelo t\u00edtulo incorreto em minha solicita\u00e7\u00e3o anterior, relativa ao problema de perturba\u00e7\u00e3o causada pelo barulho. Como n\u00e3o encontrei op\u00e7\u00e3o para editar, pe\u00e7o que esse erro seja relevado.\r\n\r\n---\r\n\r\n\u00c0 Ouvidoria da C\u00e2mara Municipal de Castro,\r\n\r\nSou estudante da Universidade Estadual de Ponta Grossa, cursando Licenciatura em Hist\u00f3ria. Para a conclus\u00e3o do meu curso, estou desenvolvendo uma pesquisa cujo tema \u00e9 a transforma\u00e7\u00e3o da antiga \u00e1rea alagadi\u00e7a que deu lugar ao atual Parque Lacustre de nossa cidade.\r\n\r\nGostaria de solicitar orienta\u00e7\u00f5es sobre como posso obter informa\u00e7\u00f5es a respeito desse processo de transforma\u00e7\u00e3o, especialmente no que se refere a:\r\n\r\n- Projeto de implementa\u00e7\u00e3o do Parque Lacustre;\r\n- Requerimentos relacionados \u00e0 obra, como o requerimento 203/85, apresentado por Izidro Guedes em 10/10/1985, conforme mencionado em um v\u00eddeo dispon\u00edvel na internet (Projeto Terceiro Mil\u00eanio: Dispon\u00edvel em: https://youtu.be/tUb0HjrcMvo);\r\n- Poss\u00edveis levantamentos ambientais ou outros estudos t\u00e9cnicos realizados na \u00e1rea;\r\n- Dados sobre a empresa respons\u00e1vel pela execu\u00e7\u00e3o da obra;\r\n- Custos envolvidos na \u00e9poca da constru\u00e7\u00e3o;\r\n- Informa\u00e7\u00f5es sobre desapropria\u00e7\u00f5es, caso tenham ocorrido;\r\n- Quisquer outros dados relevantes que possam contribuir para a constru\u00e7\u00e3o da hist\u00f3ria dessa importante transforma\u00e7\u00e3o da paisagem urbana de Castro.\r\n\r\nAcredito que essas informa\u00e7\u00f5es ser\u00e3o de grande valia para a minha pesquisa e para o registro hist\u00f3rico dessa significativa mudan\u00e7a na nossa cidade.\r\n\r\nDesde j\u00e1, agrade\u00e7o pela aten\u00e7\u00e3o e aguardo retorno.\r\n\r\nAtenciosamente,", 
            "kind": "daovida", 
            "modification_date": "2024-04-30T16:01:54-03:00", 
            "responses": [
                {
                    "creator": "imprensa@castro.pr.leg.br", 
                    "date": "2024-04-30T12:58:59.484364", 
                    "id": 1, 
                    "review_state": "Moving", 
                    "text": "Ol\u00e1 tudo bem?\r\n\r\nIremos encaminhar a sua solicita\u00e7\u00e3o a Prefeitura Municipal atrav\u00e9s da Secretaria Municipal de Seguran\u00e7a P\u00fablica por meio de um requerimento e/ou indica\u00e7\u00e3o.\r\n\r\nVoc\u00ea pode tamb\u00e9m fazer o pedido no site da Prefeitura Municipal de Castro ou atrav\u00e9s do contato (42) 2122-5199, segue o link do site: https://castro.atende.net/[\u2026]/1. \r\n\r\nObrigada pelo seu contato com a C\u00e2mara Municipal de Castro.\r\n"
                }, 
                {
                    "creator": "imprensa@castro.pr.leg.br", 
                    "date": "2024-04-30T16:01:54.598168", 
                    "id": 2, 
                    "review_state": "Resolved", 
                    "text": "Boa tarde,\r\n\r\nPe\u00e7o desculpa, acabei enviando a resposta acima errada.\r\n\r\nReferente ao requerimento 203/85 estarei encaminhando no seu email cadastrado na solicita\u00e7\u00e3o, j\u00e1 o Projeto de implementa\u00e7\u00e3o do Parque Lacustre, Poss\u00edveis levantamentos ambientais ou outros estudos t\u00e9cnicos realizados na \u00e1rea; - Dados sobre a empresa respons\u00e1vel pela execu\u00e7\u00e3o da obra; - Custos envolvidos na \u00e9poca da constru\u00e7\u00e3o; - Informa\u00e7\u00f5es sobre desapropria\u00e7\u00f5es, voc\u00ea pode solicitar atrav\u00e9s da ouvidoria geral da prefeitura municipal ou atrav\u00e9s do Servi\u00e7o de Acesso a Informa\u00e7\u00e3o e tamb\u00e9m no departamento de Desenvolvimento Urbano. \r\n\r\n\r\nSegue o link da Ouvidoria Geral da Prefeitura: https://castro.atende.net/?pg=autoatendimento#!/tipo/servico/valor/23/padrao/1/load/1\r\n\r\n\r\nSegue o link para o Servi\u00e7o de Acesso a Informa\u00e7\u00e3o da Prefeitura: https://castro.atende.net/autoatendimento/servicos/acesso-a-informacao/detalhar/1\r\n\r\n\r\nObrigada pelo seu contato com a C\u00e2mara Municipal de Castro.\r\n"
                }
            ], 
            "review_state": "resolved", 
            "rg": "65504421", 
            "title": "Informa\u00e7\u00f5es sobre a constru\u00e7\u00e3o do Parque Lacustre", 
            "uri": "https://www.castro.pr.leg.br/ouvidoria/20240429221932"
        }, 
        {
            "area": "ouvidoria", 
            "captcha": "", 
            "cpf": "11625692986", 
            "creation_date": "2024-03-14T11:54:46-03:00", 
            "description": "Na Rua Coronel Jorge Marcondes, se encontra dois terrenos sujos, no qual est\u00e1 vindo muitos insetos e aranhas, inclusive pernilongos, podendo ter foco de mosquitos da dengue, nas casas vizinhas. Os donos n\u00e3o limpam e o mato est\u00e1 alt\u00edssimo. Pessoas em situa\u00e7\u00e3o de rua est\u00e3o utilizando o terreno para jogar lixo. \r\nO terreno se localiza em frete a loja Martinho consertos, e o outro na rua um pouco abaixo, na rua 7 de setembro.", 
            "kind": "denaoncia", 
            "modification_date": "2024-03-20T13:32:58-03:00", 
            "responses": [
                {
                    "creator": "imprensa@castro.pr.leg.br", 
                    "date": "2024-03-20T13:32:51.594639", 
                    "id": 1, 
                    "review_state": "Accepted", 
                    "text": "Boa tarde,\r\n\r\nVoc\u00ea pode fazer uma reclama\u00e7\u00e3o diretamente na Prefeitura, atrav\u00e9s da Ouvidoria pelo 0800-645-4041 ou pelo link https://castro.atende.net/cidadao/pagina/ouvidoria-geral.\r\n\r\nO setor de fiscaliza\u00e7\u00e3o ira avaliar a sua solicita\u00e7\u00e3o e o local onde voc\u00ea colocou depois disso eles ir\u00e3o notificar o propriet\u00e1rio do terreno cadastrado na prefeitura e depois que o propriet\u00e1rio receber essa notifica\u00e7\u00e3o ele ter\u00e1 30 dias para realizar a limpeza do terreno.\r\n\r\nCaso n\u00e3o seja realizado a limpeza pelo propriet\u00e1rio ou a prefeitura n\u00e3o consiga localiza-lo, ela ira fazer a limpeza do local e o propriet\u00e1rio vai receber a multa, mais o valor do servi\u00e7o.\r\n\r\nAgradecemos o seu contato com a C\u00e2mara Municipal de Castro.\r\n"
                }
            ], 
            "review_state": "resolved", 
            "rg": "142520974", 
            "title": "Terreno abandonado", 
            "uri": "https://www.castro.pr.leg.br/ouvidoria/20240314115446"
        }, 
        {
            "area": "ouvidoria", 
            "captcha": "", 
            "cpf": "Cidad\u00e3o An\u00f4nimo", 
            "creation_date": "2024-03-06T10:47:34-03:00", 
            "description": "Prezados Senhores,\r\n\r\nVenho por meio desta, denunciar de forma an\u00f4nima a candidata Fernanda Zampieri de Oliveira por descumprimento do requisito de resid\u00eancia no munic\u00edpio de Castro, no concurso Rainha do Rodeio.\r\n\r\nMotivo da Den\u00fancia:\r\n\r\nSegundo informa\u00e7\u00f5es obtidas no dia 5 de mar\u00e7o de 2023, atrav\u00e9s de amigo do namorado da candidata, Fernanda reside na cidade de Ponta Grossa, e n\u00e3o em Castro.\r\n\r\nDiante do exposto, solicito que a Comiss\u00e3o Organizadora do Concurso Rainha do Rodeio de Castro investigue a situa\u00e7\u00e3o e tome as medidas cab\u00edveis, caso a informa\u00e7\u00e3o seja confirmada.\r\n\r\nRessalto que a presente den\u00fancia \u00e9 feita de boa f\u00e9 e com o objetivo de garantir a lisura do concurso.\r\n\r\nAtenciosamente,\r\n\r\nCidad\u00e3o An\u00f4nimo", 
            "kind": "denaoncia", 
            "modification_date": "2024-03-08T12:15:26-03:00", 
            "responses": [
                {
                    "creator": "imprensa@castro.pr.leg.br", 
                    "date": "2024-03-08T12:15:15.404186", 
                    "id": 1, 
                    "review_state": "Accepted", 
                    "text": "Ol\u00e1, tudo bem?\r\n\r\nEm resposta a sua den\u00fancia, realizada dia 06/03/2024. J\u00e1 encaminhamos para a secretaria respons\u00e1vel pela organiza\u00e7\u00e3o e realiza\u00e7\u00e3o do concurso. E eles se reuniram com a comiss\u00e3o para avalia\u00e7\u00e3o da sua den\u00fancia e para averiguar a procedencia da mesma.\r\n\r\n\r\nA RESPOSTA FOI A SEGUINTE.\r\nBoa tarde!\r\nA comiss\u00e3o se reuniu e verificou a comprova\u00e7\u00e3o de moradia, arquivada a den\u00fancia.\r\n\r\n\r\nObrigada pelo seu contato com a C\u00e2mara Municipal de Castro."
                }
            ], 
            "review_state": "resolved", 
            "rg": "Cidad\u00e3o An\u00f4nimo", 
            "title": "Den\u00fancia An\u00f4nima contra Fernanda Zampieri de Oliveira no Concurso Rainha do Rodeio de Castro", 
            "uri": "https://www.castro.pr.leg.br/ouvidoria/20240306104734"
        }, 
        {
            "area": "ouvidoria", 
            "captcha": "", 
            "cpf": "Cidad\u00e3o An\u00f4nimo", 
            "creation_date": "2024-03-06T10:49:09-03:00", 
            "description": "Prezados Senhores,\r\n\r\nVenho por meio desta, denunciar de forma an\u00f4nima a candidata Fernanda Zampieri de Oliveira por descumprimento do requisito de resid\u00eancia no munic\u00edpio de Castro, no concurso Rainha do Rodeio.\r\n\r\nMotivo da Den\u00fancia:\r\n\r\nSegundo informa\u00e7\u00f5es obtidas no dia 5 de mar\u00e7o de 2023, atrav\u00e9s de amigo do namorado da candidata, Fernanda reside na cidade de Ponta Grossa, e n\u00e3o em Castro.\r\n\r\nDiante do exposto, solicito que a Comiss\u00e3o Organizadora do Concurso Rainha do Rodeio de Castro investigue a situa\u00e7\u00e3o e tome as medidas cab\u00edveis, caso a informa\u00e7\u00e3o seja confirmada.\r\n\r\nRessalto que a presente den\u00fancia \u00e9 feita de boa f\u00e9 e com o objetivo de garantir a lisura do concurso.\r\n\r\nAtenciosamente,\r\n\r\nCidad\u00e3o An\u00f4nimo", 
            "kind": "denaoncia", 
            "modification_date": "2024-03-08T12:14:35-03:00", 
            "responses": [
                {
                    "creator": "imprensa@castro.pr.leg.br", 
                    "date": "2024-03-08T12:14:18.418884", 
                    "id": 1, 
                    "review_state": "Accepted", 
                    "text": "Ol\u00e1, tudo bem?\r\n\r\nEm resposta a sua den\u00fancia, realizada dia 06/03/2024. J\u00e1 encaminhamos para a secretaria respons\u00e1vel pela organiza\u00e7\u00e3o e realiza\u00e7\u00e3o do concurso. E eles se reuniram com a comiss\u00e3o para avalia\u00e7\u00e3o da sua den\u00fancia e para averiguar a procedencia da mesma.\r\n\r\n\r\nA RESPOSTA FOI A SEGUINTE.\r\nBoa tarde!\r\nA comiss\u00e3o se reuniu e verificou a comprova\u00e7\u00e3o de moradia, arquivada a den\u00fancia.\r\n\r\n\r\nObrigada pelo seu contato com a C\u00e2mara Municipal de Castro."
                }
            ], 
            "review_state": "resolved", 
            "rg": "Cidad\u00e3o An\u00f4nimo", 
            "title": "Den\u00fancia An\u00f4nima contra Fernanda Zampieri de Oliveira no Concurso Rainha do Rodeio de Castro", 
            "uri": "https://www.castro.pr.leg.br/ouvidoria/20240306104909"
        }, 
        {
            "area": "ouvidoria", 
            "captcha": "", 
            "cpf": "Cidad\u00e3o An\u00f4nimo", 
            "creation_date": "2024-03-06T14:04:44-03:00", 
            "description": "Den\u00fancia An\u00f4nima contra Fernanda Zampieri de Oliveira no Concurso Rainha do Rodeio de Castro\r\nPrezados Senhores,\r\nVenho por meio desta, denunciar de forma an\u00f4nima a candidata Fernanda Zampieri de Oliveira por descumprimento do requisito de resid\u00eancia no munic\u00edpio de Castro, no concurso Rainha do Rodeio.\r\nMotivo da Den\u00fancia:\r\nSegundo informa\u00e7\u00f5es obtidas em 05/03/2024, a candidata Fernanda reside na cidade de Ponta Grossa, e n\u00e3o em Castro.\r\nProvas:\r\n\r\nAbaixo, o envio a mensagem da candidata Fernanda Zampieri de Oliveira no grupo Rainha do Rodeio 2024, enviada em 05/06/2024. Na mensagem, Fernanda pergunta se outra pessoa pode retirar a camiseta oficial do evento em seu lugar. Isso indica que ela n\u00e3o reside em Castro, pois caso contr\u00e1rio, ela mesma poderia retirar a camiseta.\r\n\r\n \r\nDiante do exposto, solicito que a Comiss\u00e3o Organizadora do Concurso Rainha do Rodeio de Castro investigue a situa\u00e7\u00e3o e tome as medidas cab\u00edveis, caso a informa\u00e7\u00e3o seja confirmada.\r\nRessalto que a presente den\u00fancia \u00e9 feita de boa f\u00e9 e com o objetivo de garantir a lisura do concurso.\r\n\r\nAtenciosamente,", 
            "kind": "denaoncia", 
            "modification_date": "2024-03-08T12:13:02-03:00", 
            "responses": [
                {
                    "creator": "imprensa@castro.pr.leg.br", 
                    "date": "2024-03-08T12:12:38.264993", 
                    "id": 1, 
                    "review_state": "Accepted", 
                    "text": "Ol\u00e1, tudo bem?\r\n\r\nEm resposta a sua den\u00fancia, realizada dia 06/03/2024. J\u00e1 encaminhamos para a secretaria respons\u00e1vel pela organiza\u00e7\u00e3o e realiza\u00e7\u00e3o do concurso. E eles se reuniram com a comiss\u00e3o para avalia\u00e7\u00e3o da sua den\u00fancia e para averiguar a procedencia da mesma.\r\n\r\n\r\nA RESPOSTA FOI A SEGUINTE.\r\nBoa tarde!\r\nA comiss\u00e3o se reuniu e verificou a comprova\u00e7\u00e3o de moradia, arquivada a den\u00fancia.\r\n\r\n\r\nObrigada pelo seu contato com a C\u00e2mara Municipal de Castro."
                }
            ], 
            "review_state": "resolved", 
            "rg": "Cidad\u00e3o An\u00f4nimo", 
            "title": "Den\u00fancia An\u00f4nima contra Fernanda Zampieri de Oliveira no Concurso Rainha do Rodeio de Castro", 
            "uri": "https://www.castro.pr.leg.br/ouvidoria/20240306140444"
        }, 
        {
            "area": "ouvidoria", 
            "captcha": "", 
            "cpf": "07116188959", 
            "creation_date": "2024-03-07T16:01:37-03:00", 
            "description": "Solicito , manuten\u00e7\u00e3o das estradas rurais,at\u00e9 est\u00e3o com trechos intransit\u00e1veis.\r\nA respeito do transporte nas \u00e1reas rurais,pe\u00e7o com extrema urg\u00eancia uma posi\u00e7\u00e3o das autoridades respons\u00e1veis,pois desde 29/12/23 estamos sem transporte!.", 
            "kind": "denaoncia", 
            "modification_date": "2024-03-11T13:15:16-03:00", 
            "responses": [
                {
                    "creator": "imprensa@castro.pr.leg.br", 
                    "date": "2024-03-11T13:15:10.223513", 
                    "id": 1, 
                    "review_state": "Accepted", 
                    "text": "Boa tarde, tudo bem?\r\n\r\nNo dia 28/02/2024 entrou em pauta um requerimento sobre o transporte rural, onde solicita ao Executivo Municipal informa\u00e7\u00f5es quanto \u00e0s linhas de transporte rural. Mas at\u00e9 o momento n\u00e3o tivemos retorno referente a esse assunto.\r\n\r\nVoc\u00ea pode acessar ao pedido atrav\u00e9s do link a seguir.\r\n\r\nhttps://sapl.castro.pr.leg.br/media/sapl/public/materialegislativa/2024/7815/requerimento_16-2024.pdf\r\n\r\nObrigada por entrar em contato com a C\u00e2mara Municipal de Castro.\r\n"
                }
            ], 
            "review_state": "resolved", 
            "rg": "79335940", 
            "title": "Estradas rurais e Transporte p\u00fablico da \u00e1rea rural", 
            "uri": "https://www.castro.pr.leg.br/ouvidoria/20240307160137"
        }, 
        {
            "area": "ouvidoria", 
            "captcha": "", 
            "cpf": "09714109922", 
            "creation_date": "2024-03-13T11:52:19-03:00", 
            "description": "Vizinho coloca fuma\u00e7a todos os dias h\u00e1 horas que \u00e9 complicado at\u00e9 p respirar gostaria que d\u00ea respostas se isso pode durante o dia n\u00e3o estamos mais suportando vizinho em que me refiro \u00e9 da ch\u00e1cara dos padres lado bairro novo horizonte", 
            "kind": "reclamaassapso", 
            "modification_date": "2024-03-20T13:35:10-03:00", 
            "responses": [
                {
                    "creator": "imprensa@castro.pr.leg.br", 
                    "date": "2024-03-20T13:35:04.268633", 
                    "id": 1, 
                    "review_state": "Accepted", 
                    "text": "Boa tarde,\r\n\r\nVoc\u00ea pode fazer uma reclama\u00e7\u00e3o diretamente na Prefeitura, atrav\u00e9s da Ouvidoria pelo 0800-645-4041 ou pelo link https://castro.atende.net/cidadao/pagina/ouvidoria-geral.\r\n\r\nAgradecemos o seu contato com a C\u00e2mara Municipal de Castro.\r\n"
                }
            ], 
            "review_state": "resolved", 
            "rg": "126634587", 
            "title": "Vizinho coloca fuma\u00e7a todos os dias", 
            "uri": "https://www.castro.pr.leg.br/ouvidoria/20240313115219"
        }, 
        {
            "area": "ouvidoria", 
            "captcha": "", 
            "cpf": "44576544934", 
            "creation_date": "2022-01-25T11:09:50-02:00", 
            "description": "aguardo informa\u00e7\u00f5es sobre estagi\u00e1rios da casa, como s\u00e3o selecionados, onde est\u00e3o lotados, quem faz a supervis\u00e3o do est\u00e1gio, etc.", 
            "kind": "reclamaassapso", 
            "modification_date": "2022-02-15T14:43:13-02:00", 
            "responses": [
                {
                    "creator": "claudiag", 
                    "date": "2022-02-15T14:42:58.164898", 
                    "id": 1, 
                    "review_state": "Accepted", 
                    "text": "Boa tarde!\r\n\r\nA C\u00e2mara Municipal de Castro procede a contrata\u00e7\u00e3o de estagi\u00e1rios por meio do Preg\u00e3o n\u00ba 004/2019 em que celebra termo de compromisso com a institui\u00e7\u00e3o de ensino Centro Integrado Empresa Escola Paran\u00e1. O CIEE realiza o credenciamento dos interessados, assim como determina o artigo 5\u00ba da Lei n\u00ba 11.788/2008.\r\n\r\nAtualmente a C\u00e2mara conta com uma estagi\u00e1ria, lotada na Secretaria Legislativa, sob supervis\u00e3o de funcion\u00e1rio efetivo com experi\u00eancia profissional na \u00e1rea de conhecimento correlata a de forma\u00e7\u00e3o do estagi\u00e1rio.\r\n\r\nA partir do seu questionamento, inclu\u00edmos no site, no menu Portal da Transpar\u00eancia, um link com a rela\u00e7\u00e3o de estagi\u00e1rios: https://www.castro.pr.leg.br/transparencia/RelaoEstagirios.pdf\r\n\r\nAgradecemos o seu contato!"
                }
            ], 
            "review_state": "resolved", 
            "rg": "20880244", 
            "title": "onde est\u00e1 a rela\u00e7\u00e3o dos estagi\u00e1rios da c\u00e2mara", 
            "uri": "https://www.castro.pr.leg.br/ouvidoria/20220125110950"
        }, 
        {
            "area": "ouvidoria", 
            "captcha": "", 
            "cpf": "06715329958", 
            "creation_date": "2022-02-21T21:35:50-03:00", 
            "description": "Trabalhei na prefeitura atrav\u00e9s de concurso p\u00fablico quero saber ao certo em qual data meu nome \u00e9 Jaqueline Azevedo Assump\u00e7\u00e3o meu CPF \u00e9 067.153.299.58", 
            "kind": "pedido-de-acesso-a-informaassapso", 
            "modification_date": "2022-02-22T14:17:33-03:00", 
            "responses": [
                {
                    "creator": "claudiag", 
                    "date": "2022-02-22T14:17:21.487839", 
                    "id": 1, 
                    "review_state": "Pending", 
                    "text": "Boa tarde!\r\n\r\nInfelizmente n\u00e3o podemos ajud\u00e1-la, pois a C\u00e2mara Municipal n\u00e3o tem acesso aos dados do Recursos Humanos da Prefeitura Municipal.\r\n\r\nIndicamos que entre em contato direto com o departamento de RH do executivo atrav\u00e9s do telefone 2122-5013.\r\n\r\nAgradecemos seu contato!"
                }
            ], 
            "review_state": "resolved", 
            "rg": "103653908", 
            "title": "Gostaria de saber a data certa que trabalhei na prefeitura meu nome \u00e9 Jaqueline Azevedo Assump\u00e7\u00e3o", 
            "uri": "https://www.castro.pr.leg.br/ouvidoria/20220221213550"
        }, 
        {
            "area": "ouvidoria", 
            "captcha": "", 
            "cpf": "10406845999", 
            "creation_date": "2021-10-15T14:33:54-03:00", 
            "description": "Gostaria de saber o n\u00famero de cargos efetivos vagos da C\u00e2mara Municipal de Castro, especificamente quanto ao cargo de T\u00e9cnico Administrativo.", 
            "kind": "pedido-de-acesso-a-informaassapso", 
            "modification_date": "2021-10-20T18:27:40-02:00", 
            "responses": [
                {
                    "creator": "claudiag", 
                    "date": "2021-10-20T18:27:28.624030", 
                    "id": 1, 
                    "review_state": "Accepted", 
                    "text": "Boa tarde Mateus,\r\n\r\nA C\u00e2mara Municipal de Castro est\u00e1 com dois cargos efetivos de T\u00e9cnico Administrativo vagos em seu quadro funcional. Para preencher as duas vagas o legislativo realizou o Concurso P\u00fablico n\u00ba 01/2020 cuja Homologa\u00e7\u00e3o do Resultado Final foi publicada em 02 de setembro 2021.\r\n\r\nEm virtude da Lei Complementar n\u00ba 173/2020, que impede novas contrata\u00e7\u00f5es at\u00e9 31 de dezembro de 2021, os aprovados no concurso dever\u00e3o ser convocados em 2022.\r\n\r\nA C\u00e2mara Municipal de Castro agradece seu contato e permanece a disposi\u00e7\u00e3o em caso de d\u00favidas. \r\n"
                }
            ], 
            "review_state": "resolved", 
            "rg": "136038613", 
            "title": "Cargos efetivos vagos", 
            "uri": "https://www.castro.pr.leg.br/ouvidoria/20211015143354"
        }, 
        {
            "area": "ouvidoria", 
            "captcha": "", 
            "cpf": "130.086.589-03", 
            "creation_date": "2023-09-27T15:18:09-03:00", 
            "description": "No dia 27/09/23 minha m\u00e3e foi tratada com grosseria e estupidez pelo servidor p\u00fablico, recepcionista (sexo masculino, entrou na unidade menos de 6 meses) da Unidade de Sa\u00fade da Fam\u00edlia Dr Domingos Faustino de Carvalho - Jardim Bela Vista, Castro - Pr. N\u00e3o aceito esse tipo de comportamento, pois assim como devemos respeitar os mesmo, deve ser rec\u00edproco. Ela simplesmente gostaria de informa\u00e7\u00f5es sobre alguns exames e recebeu respostas ignorantes e estupidas, agora se n\u00e3o se podem dar ao menos informa\u00e7\u00f5es para os pacientes, de nada adianta se deslocar de sua casa para nada. Pe\u00e7o respeito e solu\u00e7\u00e3o , para que isso n\u00e3o aconte\u00e7a novamente. Desde j\u00e1 agrade\u00e7o pela disponibilidade.", 
            "kind": "reclamaassapso", 
            "modification_date": "2023-10-03T14:04:28-03:00", 
            "responses": [
                {
                    "creator": "imprensa@castro.pr.leg.br", 
                    "date": "2023-10-03T14:04:21.550821", 
                    "id": 1, 
                    "review_state": "Accepted", 
                    "text": "Ol\u00e1 tudo bem?\r\n\r\nIndicamos que registre sua reclama\u00e7\u00e3o diretamente na ouvidoria da Secretaria Municipal de Sa\u00fade, atrav\u00e9s dos telefones: 2122-5219 ou 0800-645-4041 e atrav\u00e9s do site tamb\u00e9m, https://castro.atende.net/?pg=autoatendimento#!/tipo/servico/valor/23/padrao/1/load/1\r\n\r\nN\u00e3o deixe de registrar, a sua reclama\u00e7\u00e3o \u00e9 muito importante para que os respons\u00e1veis possam entender o que acontece nos postos de sa\u00fade.\r\n\r\nAgradecemos o seu contato com a C\u00e2mara Municipal de Castro.\r\n"
                }
            ], 
            "review_state": "resolved", 
            "rg": "14.272.788- 9", 
            "title": "Reclama\u00e7\u00e3o de grosseria e ignor\u00e2ncia de servidor p\u00fablico", 
            "uri": "https://www.castro.pr.leg.br/ouvidoria/20230927151809"
        }, 
        {
            "area": "ouvidoria", 
            "captcha": "", 
            "cpf": "04492211993", 
            "creation_date": "2023-01-28T15:37:02-02:00", 
            "description": "Terreno no Jardim Bailly, na Rua Matilde Bauer. Mato alto, muito sujo dono n\u00e3o cuida.", 
            "kind": "denaoncia", 
            "modification_date": "2023-01-30T12:54:14-02:00", 
            "responses": [
                {
                    "creator": "claudiag", 
                    "date": "2023-01-30T12:53:44.433659", 
                    "id": 1, 
                    "review_state": "Pending", 
                    "text": "Boa tarde Ricardo,\r\n\r\nRecebemos seu pedido e indicamos que entre em contato direto com a ouvidoria da Secretaria Municipal de Infraestrutura e Meio Ambiente atrav\u00e9s dos telefones: 2122- 5537 ou 2122-5305.\r\n\r\nObrigado por entrar em contato com a C\u00e2mara Municipal de Castro!"
                }
            ], 
            "review_state": "resolved", 
            "rg": "83830620", 
            "title": "Terreno Sujo", 
            "uri": "https://www.castro.pr.leg.br/ouvidoria/20230128153702"
        }
    ], 
    "ombudsoffices": []
}