{"provider_url": "https://www.castro.pr.leg.br", "title": "Vereadores ", "html": "<p class=\" \" style=\"text-align: justify; \">Pela Constitui\u00e7\u00e3o Federal, o n\u00famero m\u00e1ximo de vereadores de uma cidade est\u00e1 relacionado com a quantidade de habitantes. Atualmente, Castro conta com aproximadamente 70 mil moradores e, portanto, pode ter at\u00e9 quinze parlamentares. No entanto, a Lei Org\u00e2nica do Munic\u00edpio prev\u00ea apenas treze. Conhe\u00e7a nossos vereadores:</p>\r\n<p>\u00a0</p>\r\n<table class=\"invisible\">\r\n<tbody>\r\n<tr><th>\r\n<p style=\"text-align: center; \"><a title=\"\" href=\"https://www.castro.pr.leg.br/aldori-corso\" class=\"internal-link\" target=\"_self\"><img src=\"https://www.castro.pr.leg.br/aldori-corso-jpg/@@images/30a0a240-f351-4f34-b389-b319184921a2.jpeg\" alt=\"Aldori Corso jpg\" class=\"image-inline\" title=\"Aldori Corso jpg\" /></a></p>\r\n<p style=\"text-align: center; \"><a title=\"\" href=\"https://www.castro.pr.leg.br/aldori-corso\" class=\"external-link\" target=\"_self\">DR. ALDORI</a></p>\r\n<p style=\"text-align: center; \">PRD</p>\r\n</th><th>\r\n<p>\u00a0<a title=\"\" style=\"text-align: center; \" href=\"https://www.castro.pr.leg.br/institucional/vereadores/gerson-sutil\" class=\"internal-link\" target=\"_self\"><img src=\"https://www.castro.pr.leg.br/foto-gerson-25\" alt=\"foto gerson 25\" class=\"image-inline\" title=\"foto gerson 25\" /></a></p>\r\n<p style=\"text-align: center; \"><a title=\"\" href=\"https://www.castro.pr.leg.br/institucional/vereadores/gerson-sutil\" class=\"internal-link\" target=\"_self\">GERSON SUTIL</a></p>\r\n<p style=\"text-align: center; \"><strong>\u00a0<b>PSD</b></strong></p>\r\n<p>\u00a0</p>\r\n</th><th>\r\n<p style=\"text-align: center; \">\u00a0<span style=\"text-align: center; \">\u00a0</span><a title=\"\" href=\"https://www.castro.pr.leg.br/institucional/vereadores/copy2_of_gerson-sutil\" class=\"external-link\" target=\"_self\"><img src=\"https://www.castro.pr.leg.br/flugel/@@images/6f6736cd-25f0-46ce-9f21-6e1b865ff690.jpeg\" alt=\"Flugel\" class=\"image-inline\" title=\"Flugel\" /></a></p>\r\n<p style=\"text-align: center; \"><strong><a title=\"\" href=\"https://www.castro.pr.leg.br/institucional/vereadores/copy2_of_gerson-sutil\" class=\"internal-link\" target=\"_self\">JHONNATHAN FLUGEL\u00a0</a></strong><span>\u00a0</span></p>\r\n<p style=\"text-align: center; \"><strong>REPUBLICANOS</strong></p>\r\n<p>\u00a0</p>\r\n</th><th>\r\n<p style=\"text-align: center; \"><strong><a title=\"\" href=\"https://www.castro.pr.leg.br/professor-joao-paulo\" class=\"external-link\" target=\"_self\"><img src=\"https://www.castro.pr.leg.br/joao-paulo-machado/@@images/03bc7d14-879c-4f18-821c-a0566bf77ef0.jpeg\" alt=\"Jo\u00e3o Paulo Machado\" class=\"image-inline\" title=\"Jo\u00e3o Paulo Machado\" /></a></strong></p>\r\n<p style=\"text-align: center; \"><a title=\"\" href=\"https://www.castro.pr.leg.br/professor-joao-paulo\" class=\"external-link\" target=\"_self\">PROFESSOR JO\u00c3O PAULO</a></p>\r\n<p style=\"text-align: center; \"><b>REPUBLICANOS</b></p>\r\n<p style=\"text-align: center; \">\u00a0</p>\r\n</th><th style=\"text-align: center; \">\r\n<p>\u00a0<a class=\"external-link\" href=\"https://www.castro.pr.leg.br/levi\" target=\"_self\" title=\"\"><img src=\"https://www.castro.pr.leg.br/levi-nova-foto\" alt=\"Levi nova foto\" class=\"image-inline\" title=\"Levi nova foto\" /></a></p>\r\n<p><b><a title=\"\" href=\"https://www.castro.pr.leg.br/levi\" class=\"external-link\" target=\"_self\">LEVI</a></b></p>\r\n<p><b>PRD</b></p>\r\n<p><a title=\"\" href=\"https://www.castro.pr.leg.br/institucional/vereadores/joel-fadel\" class=\"internal-link\" target=\"_self\"></a>\u00a0</p>\r\n</th></tr>\r\n<tr>\r\n<td>\r\n<p style=\"text-align: center; \">\u00a0<a title=\"\" href=\"https://www.castro.pr.leg.br/professor-kleber-1\" class=\"external-link\" target=\"_self\"><img src=\"https://www.castro.pr.leg.br/professor-kleber/@@images/ed0ab61a-91f1-4e78-b5b2-a66ddc1b39da.jpeg\" alt=\"Professor Kleber\" class=\"image-inline\" title=\"Professor Kleber\" /></a></p>\r\n<p style=\"text-align: center; \"><b><a title=\"\" href=\"https://www.castro.pr.leg.br/professor-kleber-1\" class=\"external-link\" target=\"_self\">PROFESSOR KLEBER</a></b></p>\r\n<p style=\"text-align: center; \"><strong>PL</strong></p>\r\n</td>\r\n<td style=\"text-align: center; \">\r\n<p><a title=\"\" href=\"https://www.castro.pr.leg.br/institucional/vereadores/cezar-do-povo\" class=\"internal-link\" target=\"_self\"><img src=\"https://www.castro.pr.leg.br/imagens/copy_of_CzardoPovo.jpeg/@@images/bc792201-b3df-44b4-be9a-14e2adecbbfb.jpeg\" alt=\"Vereador - C\u00e9zar do Povo\" class=\"image-inline\" title=\"Vereador - C\u00e9zar do Povo\" /></a></p>\r\n<p><strong><a title=\"\" href=\"https://www.castro.pr.leg.br/institucional/vereadores/cezar-do-povo\" class=\"internal-link\" target=\"_self\">CEZAR DO POVO</a></strong></p>\r\n<p><strong>REPUBLICANOS</strong></p>\r\n</td>\r\n<td style=\"text-align: center; \">\r\n<p>\u00a0<a title=\"\" href=\"https://www.castro.pr.leg.br/fatima-castro\" class=\"external-link\" target=\"_self\"><img src=\"https://www.castro.pr.leg.br/fatima-castro-1/@@images/ea5e0a74-9f9f-41d3-bff8-c67bf51bcc28.jpeg\" alt=\"Fatima Castro\" class=\"image-inline\" title=\"Fatima Castro\" /></a></p>\r\n<p><b><a title=\"\" href=\"https://www.castro.pr.leg.br/fatima-castro\" class=\"external-link\" target=\"_self\">F\u00c1TIMA CASTRO</a></b></p>\r\n<p><strong>AVANTE</strong></p>\r\n</td>\r\n<td style=\"text-align: center; \">\r\n<p><strong><a title=\"\" href=\"https://www.castro.pr.leg.br/institucional/vereadores/paulinho-farias\" class=\"internal-link\" target=\"_self\"><img src=\"https://www.castro.pr.leg.br/imagens/PaulinhoFarias.jpg/@@images/e2bfd59e-f81b-4800-b61d-d7e989722cb6.jpeg\" alt=\"\" class=\"image-inline\" title=\"\" /></a></strong></p>\r\n<p><b><a title=\"\" href=\"https://www.castro.pr.leg.br/institucional/vereadores/paulinho-farias\" class=\"internal-link\" target=\"_self\">PAULINHO FARIAS</a></b></p>\r\n<p><b>MDB</b></p>\r\n<p><strong><br /></strong></p>\r\n</td>\r\n<td style=\"text-align: center; \">\r\n<p><a title=\"\" href=\"https://www.castro.pr.leg.br/dr-paulo-nuno-nocera-jr-1\" class=\"external-link\" target=\"_self\"><img src=\"https://www.castro.pr.leg.br/dr-paulo-nuno-nocera-jr/@@images/d7261286-fb08-4048-ad69-7bfcdaacf5c2.jpeg\" alt=\"Dr. Paulo &quot;Nuno&quot; Nocera Jr.\" class=\"image-inline\" title=\"Dr. Paulo &quot;Nuno&quot; Nocera Jr.\" /></a></p>\r\n<p><b><a title=\"\" href=\"https://www.castro.pr.leg.br/dr-paulo-nuno-nocera-jr-1\" class=\"external-link\" target=\"_self\">DR. PAULO \"NUNO\" NOCERA JR.</a></b></p>\r\n<p><b>PL</b></p>\r\n</td>\r\n</tr>\r\n<tr>\r\n<td>\r\n<p style=\"text-align: center; \"><strong><a title=\"\" href=\"https://www.castro.pr.leg.br/investigador-pedro-1\" class=\"external-link\" target=\"_self\"><img src=\"https://www.castro.pr.leg.br/investigador-pedro/@@images/50e50d4d-ca4a-4507-98c2-a2ffdf4f3fbc.jpeg\" alt=\"Investigador Pedro\" class=\"image-inline\" title=\"Investigador Pedro\" /></a></strong></p>\r\n<p style=\"text-align: center; \"><b><a title=\"\" href=\"https://www.castro.pr.leg.br/investigador-pedro-1\" class=\"external-link\" target=\"_self\">INVESTIGADOR PEDRO</a></b></p>\r\n<p style=\"text-align: center; \"><b>PP</b></p>\r\n</td>\r\n<td style=\"text-align: center; \">\r\n<p><a title=\"\" href=\"https://www.castro.pr.leg.br/professor-pandorff-1\" class=\"external-link\" target=\"_self\"><img src=\"https://www.castro.pr.leg.br/professor-pandorff/@@images/4f9d48ab-43cf-4569-8a32-9c261db68b13.jpeg\" alt=\"Professor Pandorff\" class=\"image-inline\" title=\"Professor Pandorff\" /></a></p>\r\n<p><b><a title=\"\" href=\"https://www.castro.pr.leg.br/professor-pandorff-1\" class=\"external-link\" target=\"_self\">PROFESSOR PANDORFF</a></b></p>\r\n<p><b>PP</b></p>\r\n<p>\u00a0</p>\r\n</td>\r\n<td style=\"text-align: center; \">\r\n<p>\u00a0<a title=\"\" href=\"https://www.castro.pr.leg.br/investigador-ricardo-1\" class=\"external-link\" target=\"_self\"><img src=\"https://www.castro.pr.leg.br/investigador-ricardo/@@images/2840edc5-4f66-4c1e-9e67-8ebf6703df5b.jpeg\" alt=\"Investigador Ricardo\" class=\"image-inline\" title=\"Investigador Ricardo\" /></a></p>\r\n<p><b><a title=\"\" href=\"https://www.castro.pr.leg.br/investigador-ricardo-1\" class=\"external-link\" target=\"_self\">INVESTIGADOR RICARDO</a></b></p>\r\n<p>\u00a0<b>PSD</b></p>\r\n<p><a title=\"\" href=\"https://www.castro.pr.leg.br/institucional/vereadores/ze-nocera\" class=\"internal-link\" target=\"_self\"></a>\u00a0</p>\r\n</td>\r\n<td style=\"text-align: center; \">\r\n<p>\u00a0</p>\r\n</td>\r\n<td></td>\r\n</tr>\r\n</tbody>\r\n</table>", "author_name": "Thiago", "version": "1.0", "author_url": "https://www.castro.pr.leg.br/author/Thiago", "provider_name": "C\u00e2mara Municipal", "type": "rich"}