{"provider_url": "https://www.castro.pr.leg.br", "title": "Prefeito Moacyr protocola pedido de ren\u00fancia ", "html": "<p>O prefeito municipal de Castro, Moacyr Elias Fadel J\u00fanior, protocolou na C\u00e2mara Municipal na tarde desta segunda-feira (28/03) o pedido de ren\u00fancia do cargo a partir de 31 de mar\u00e7o. Nesta data, \u00e0s 18h30, a Casa de Leis realizar\u00e1 sess\u00e3o solene para empossar o vice-prefeito, \u00c1lvaro Telles, no cargo de prefeito do munic\u00edpio.</p>\r\n<p>O presidente do legislativo, Neto Fadel (Patriota), comenta que o prefeito \u00e9 pr\u00e9-candidato ao cargo de deputado estadual nas elei\u00e7\u00f5es gerais de outubro deste ano e por este motivo renuncia a prefeitura. Pela Lei Complementar n\u00ba 64 de 1990, os representantes do poder executivo devem renunciar aos respectivos mandatos at\u00e9 seis meses antes do pleito para concorrer a outros cargos.</p>\r\n<p>Neto Fadel destaca que as gest\u00f5es de Moacyr modificaram a hist\u00f3ria de Castro. \u201cMoacyr \u00e9 um prefeito diferenciado e uma refer\u00eancia na nossa regi\u00e3o. Reergueu as finan\u00e7as do munic\u00edpio, investiu na cidade e no interior com recursos pr\u00f3prios em diversas obras, buscou investimentos nas esferas estadual e municipal. Com certeza Castro est\u00e1 muito melhor hoje, e isso \u00e9 fruto do trabalho e comprometimento dele\u201d, menciona.</p>\r\n<p>A popula\u00e7\u00e3o pode acompanhar sess\u00e3o em tempo real pelo <i>youtube</i> atrav\u00e9s do canal C\u00e2mara Municipal de Castro.</p>\r\n<h3>- Em virtude de evento da prefeitura a ser realizado no plen\u00e1rio da C\u00e2mara, \u00e0s 17h30, o hor\u00e1rio da sess\u00e3o solene foi alterado. O in\u00edcio da solenidade de posse est\u00e1 previsto para 18 horas e 30 minutos.\u00a0</h3>", "author_name": "claudiag", "version": "1.0", "author_url": "https://www.castro.pr.leg.br/author/claudiag", "provider_name": "C\u00e2mara Municipal", "type": "rich"}