{"provider_url": "https://www.castro.pr.leg.br", "title": "Per\u00edodo legislativo inicia amanh\u00e3", "html": "<p>Esta quarta-feira, 03 de fevereiro, marca o in\u00edcio do per\u00edodo legislativo da C\u00e2mara Municipal de Castro em 2021. \u00c0s 16 horas, os vereadores se reunir\u00e3o em plen\u00e1rio para a primeira sess\u00e3o ordin\u00e1ria da atual legislatura.</p>\r\n<p>Sob presid\u00eancia do vereador Neto Fadel (Patriota), \u00e9 nesta sess\u00e3o que os vereadores ir\u00e3o votar na chapa para composi\u00e7\u00e3o das comiss\u00f5es permanentes e da comiss\u00e3o de \u00c9tica e Decoro Parlamentar, formadas por tr\u00eas vereadores cada. As comiss\u00f5es permanentes s\u00e3o seis: Constitui\u00e7\u00e3o e Justi\u00e7a; Finan\u00e7as e Or\u00e7amento; Desenvolvimento Urbano; Sa\u00fade e Assist\u00eancia Social; Educa\u00e7\u00e3o, Esportes e Cultura; e Desenvolvimento Rural e Meio Ambiente.</p>\r\n<p>\u201cAs comiss\u00f5es s\u00e3o de extrema import\u00e2ncia para o funcionamento da C\u00e2mara. Elas t\u00eam a responsabilidade de analisar as mat\u00e9rias em tramita\u00e7\u00e3o, conforme \u00e1reas de atua\u00e7\u00e3o, e emitir pareceres. Esses pareceres s\u00e3o a base do nosso trabalho em plen\u00e1rio\u201d, comenta Fadel.\u00a0</p>\r\n<p>Os parlamentares tamb\u00e9m ir\u00e3o analisar em discuss\u00e3o e vota\u00e7\u00e3o \u00fanica 16 requerimentos, atrav\u00e9s dos quais solicitam informa\u00e7\u00f5es aos \u00f3rg\u00e3os competentes sobre diversas quest\u00f5es relativas a administra\u00e7\u00e3o p\u00fablica.</p>\r\n<p>Devido a pandemia o p\u00fablico n\u00e3o pode acompanhar o encontro de forma presencial, mas o presidente lembra a todos da possibilidade de acompanhar virtualmente a sess\u00e3o em tempo real atrav\u00e9s do site.</p>\r\n<p><b>Per\u00edodo legislativo-</b> Conforme determina o artigo 85 do regimento interno da C\u00e2mara, o per\u00edodo legislativo anual inicia em 02 de fevereiro, prolongando-se at\u00e9 17 de julho, e de 01 de agosto a 22 de dezembro. O legislativo deve totalizar, no m\u00ednimo, 40 sess\u00f5es ordin\u00e1rias anuais no final do per\u00edodo.</p>", "author_name": "claudiag", "version": "1.0", "author_url": "https://www.castro.pr.leg.br/author/claudiag", "provider_name": "C\u00e2mara Municipal", "type": "rich"}