{"provider_url": "https://www.castro.pr.leg.br", "title": "C\u00e2mara entra em recesso na pr\u00f3xima segunda", "html": "<p>Na pr\u00f3xima segunda-feira, dia 20 de dezembro, a C\u00e2mara Municipal de Castro entra em recesso. As atividades ser\u00e3o retomadas na segunda-feira, dia 03 de janeiro de 2022.</p>\r\n<p>Os vereadores e servidores do legislativo desejam aos castrenses um Natal com muita harmonia, paz e gratid\u00e3o. Que a magia e simbolismo dessa data contagiem as fam\u00edlias e que o nascimento de Jesus seja celebrado com esperan\u00e7a.</p>\r\n<p>Para 2022, nossos votos s\u00e3o de prosperidade e sa\u00fade para todos. Que a virada no calend\u00e1rio renove nossos sonhos e a vontade de fazer desses novos dias os melhores dias que j\u00e1 vivemos.</p>\r\n<p>BOAS FESTAS!</p>\r\n<p>\u00a0</p>", "author_name": "claudiag", "version": "1.0", "author_url": "https://www.castro.pr.leg.br/author/claudiag", "provider_name": "C\u00e2mara Municipal", "type": "rich"}