{"provider_url": "https://www.castro.pr.leg.br", "title": "Poder Executivo presta contas na C\u00e2mara", "html": "<p dir=\"ltr\"><span>A tarde de quarta-feira, 27, foi marcada por audi\u00eancias p\u00fablicas na C\u00e2mara Municipal de Castro. A primeira, foi a de apresenta\u00e7\u00e3o de metas fiscais. Na oportunidade, o Secret\u00e1rio Municipal de Planejamento e Desenvolvimento Urbano, Emerson Gobbo, apresentou aos vereadores e \u00e0 popula\u00e7\u00e3o presente os dados sobre a arrecada\u00e7\u00e3o do Munic\u00edpio e como essas verbas foram gastas e investidas.</span></p>\r\n<p dir=\"ltr\"><span>Para Gobbo, a audi\u00eancia \u00e9 de extrema import\u00e2ncia, pois \u00e9 uma oportunidade de apresentar para a popula\u00e7\u00e3o a realiza\u00e7\u00e3o dos trabalhos do Executivo. \u201cEsse momento \u00e9 de extrema import\u00e2ncia para prestarmos contas para os vereadores, que s\u00e3o fiscais das nossas a\u00e7\u00f5es, para a popula\u00e7\u00e3o em geral, para que eles tenham no\u00e7\u00e3o do andamento das fun\u00e7\u00f5es de governo e dos investimentos no Munic\u00edpio\u201d, diz.</span></p>\r\n<p dir=\"ltr\"><span>A outra audi\u00eancia p\u00fablica foi para apresenta\u00e7\u00e3o das metas da \u00e1rea de sa\u00fade, conduzida pela Secret\u00e1ria Municipal de Sa\u00fade, Maria Lidia Kravutschke. Para ela, a audi\u00eancia \u00e9 para tornar a administra\u00e7\u00e3o mais transparente. \u201c\u00c9 importante para deixarmos a gest\u00e3o mais transparente, pois apresentamos como e onde foi gasto o dinheiro dos impostos, al\u00e9m de mostrar todas as a\u00e7\u00f5es desenvolvidas\u201d, explica.</span></p>\r\n<p dir=\"ltr\"><span>Presidente da Comiss\u00e3o de Sa\u00fade e Assist\u00eancia Social, o vereador Rafael Rabbers (DEM) considerou a audi\u00eancia p\u00fablica bastante produtiva. \u201cPelos n\u00fameros apresentados e pela fala da secret\u00e1ria, podemos ver que h\u00e1 bastante otimismo. \u00c9 not\u00e1vel a evolu\u00e7\u00e3o da pasta, hoje s\u00e3o v\u00e1rias as unidades de sa\u00fade em reformas\u201d.</span></p>\r\n<p dir=\"ltr\"><span>O vereador C\u00e9zar do Povo (PSC) tamb\u00e9m participou das audi\u00eancias e destacou a import\u00e2ncia do di\u00e1logo com os secret\u00e1rios municipais para que sejam esclarecidas d\u00favidas da popula\u00e7\u00e3o. \u201cComo n\u00f3s ocupamos o cargo de vereador, muitas pessoas nos procuram para questionar sobre acontecimentos do Executivo. Ent\u00e3o \u00e9 importante para repassarmos as d\u00favidas da popula\u00e7\u00e3o e levar para eles o esclarecimento do Secret\u00e1rio\u201d.</span></p>\r\n<div>\r\n<ul>\r\n<li><span><a title=\"\" href=\"https://www.castro.pr.leg.br/processo-legislativo/galeria-de-fotos/2019/27-02-2019-audiencia-publica-das-metas-fiscais-do-3o-quadrimestre-de-2018\" class=\"internal-link\" target=\"_blanked\">GALERIA DE FOTOS DA AUDI\u00caNCIA DE METAS FISCAIS</a></span></li>\r\n<li><a title=\"\" href=\"https://www.castro.pr.leg.br/processo-legislativo/copy_of_atas/2019/audiencias-publicas/audiencia-publica-das-metas-fiscais-do-3o-quadrimestre-de-2018\" class=\"internal-link\" target=\"_blanked\">ATA DA AUDI\u00caNCIA DE METAS FISCAIS</a></li>\r\n<li><a title=\"\" href=\"https://www.castro.pr.leg.br/processo-legislativo/galeria-de-fotos/2019/27-02-2019-audiencia-publica-das-metas-da-saude-do-3o-quadrimestre-de-2018\" class=\"internal-link\" target=\"_blanked\">GALERIA DE FOTOS DA AUDI\u00caNCIA DE METAS DA SA\u00daDE</a></li>\r\n<li><a title=\"\" href=\"https://www.castro.pr.leg.br/processo-legislativo/copy_of_atas/2019/audiencias-publicas/audiencia-publica-das-metas-da-saude-do-3o-quadrimestre-de-2018\" class=\"internal-link\" target=\"_blanked\">ATA DA AUDI\u00caNCIA DE METAS DA SA\u00daDE</a></li>\r\n</ul>\r\n</div>", "author_name": "Thiago", "version": "1.0", "author_url": "https://www.castro.pr.leg.br/author/Thiago", "provider_name": "C\u00e2mara Municipal", "type": "rich"}