{"provider_url": "https://www.castro.pr.leg.br", "title": "C\u00e2mara recebe visita da Bandeira do Divino", "html": "<p><img src=\"https://www.castro.pr.leg.br/processo-legislativo/galeria-de-fotos/2017/visita-02-05-2017-caravana-do-espirito-santo/02-05-2017-visita-caravana-espirito-santo-foto-04.jpg/@@images/338cdee6-d0a6-40d5-83be-8ddd5ee1a8db.jpeg\" alt=\"02-05-2017 - Visita Caravana Espirito Santo - Foto 04.JPG\" class=\"image-left\" title=\"02-05-2017 - Visita Caravana Espirito Santo - Foto 04.JPG\" />\u00a0 \u00a0 \u00a0 \u00a0 \u00a0 A Caravana do Esp\u00edrito Santo, passou na tarde de hoje (02/05/17), pela C\u00e2mara Municipal de Castro. A bandeira do Divino foi recepcionada primeiramente pelo Vereador Presidente Jos\u00e9 Ot\u00e1vio Nocera (PMDB), no gabinete da presid\u00eancia, onde fizeram a ora\u00e7\u00e3o \u00e0 Bandeira do Divino.\u00a0</p>\r\n<p>\u00a0 \u00a0 \u00a0 \u00a0 \u00a0 Em seguida, visitaram todos os departamentos e gabinetes da Casa de Leis. Orando, \u00a0aben\u00e7oando todos os servidores e os trabalhos desenvolvidos para a nossa cidade.</p>\r\n<p>\u00a0 \u00a0 \u00a0 \u00a0 \u00a0\u00a0<span>O Divino Esp\u00edrito Santo ou simplesmente \"Divino\" \u00e9 a Terceira Pessoa da Sant\u00edssima Trindade. \u00c9 Deus. \u00c9 o amor entre o Pai e o Filho personificado, vivo e atuante. \u00c9 Ele quem passa a habitar em nosso cora\u00e7\u00e3o pelo batismo e quem guia os que creem em Jesus Cristo no caminho da salva\u00e7\u00e3o. A B\u00edblia usa imagens simb\u00f3licas para representa-lo, como, Fogo, Sopro, Vento, \u00c1gua Viva e o s\u00edmbolo da pomba.</span></p>\r\n<p><span>\u00a0 \u00a0 \u00a0 \u00a0 \u00a0\u00a0<span>A representa\u00e7\u00e3o do Divino Esp\u00edrito Santo como uma pomba vem do Novo Testamento. Mais explicitamente da ocasi\u00e3o do batismo de <img src=\"https://www.castro.pr.leg.br/processo-legislativo/galeria-de-fotos/2017/visita-02-05-2017-caravana-do-espirito-santo/02-05-2017-visita-caravana-espirito-santo-foto-02.jpg/@@images/f47356c1-b459-448a-b312-f48874d9ca10.jpeg\" alt=\"02-05-2017 - Visita Caravana Espirito Santo - Foto 02.JPG\" class=\"image-right\" title=\"02-05-2017 - Visita Caravana Espirito Santo - Foto 02.JPG\" />Jesus. Nesta passagem, o Divino Esp\u00edrito Santo \"apareceu em forma corp\u00f3rea como uma pomba e uma voz veio do c\u00e9u dizendo: este \u00e9 meu Filho muito amado, em quem coloco toda a minha afei\u00e7\u00e3o\". Os quatro Evangelhos relatam o fato. Os textos est\u00e3o em: Mateus 3, 16; Marcos 1, 10; Lucas 3, 22; Jo\u00e3o 1, 32. Por isso a pomba \u00e9 usada para representar o Divino Esp\u00edrito Santo.</span></span></p>\r\n<p><span><span><br /></span></span></p>\r\n<p>\u00a0</p>\r\n<p><span class=\"discreet\"><a title=\"\" href=\"https://www.castro.pr.leg.br/processo-legislativo/galeria-de-fotos/2017/visita-02-05-2017-caravana-do-espirito-santo\" class=\"internal-link\" target=\"_self\"><span>Fotos da Visita</span>\u00a0(clique aqui)</a></span></p>", "author_name": "samir", "version": "1.0", "author_url": "https://www.castro.pr.leg.br/author/samir", "provider_name": "C\u00e2mara Municipal", "type": "rich"}