{"provider_url": "https://www.castro.pr.leg.br", "title": " Volta do recesso regular de julho", "html": "<p style=\"text-align: justify; \">\u00a0\u00a0\u00a0\u00a0\u00a0\u00a0\u00a0\u00a0\u00a0\u00a0\u00a0\u00a0\u00a0\u00a0 Na tarde desta quarta-feira, 10 de agosto, \u00e0s 14 horas, os vereadores da C\u00e2mara Municipal de Castro reuniram-se em plen\u00e1rio para a realiza\u00e7\u00e3o da primeira sess\u00e3o ordin\u00e1ria ap\u00f3s recesso regular do m\u00eas de julho. Neste encontro os parlamentares aprovaram tr\u00eas requerimentos e apresentaram cinco indica\u00e7\u00f5es.</p>\r\n<p style=\"text-align: justify; \">\u00a0\u00a0\u00a0\u00a0\u00a0\u00a0\u00a0\u00a0\u00a0\u00a0\u00a0\u00a0\u00a0\u00a0\u00a0 Atrav\u00e9s de dois requerimentos Paulo Cesar de Farias (PPS) solicita informa\u00e7\u00f5es sobre fechamento de uma rua na localidade de Tanque Grande e apresenta Voto de Pesar pelo falecimento da Senhora Arair Bueno de Bonfim Gomes. Aline Sleutjes (PR) \u00e9 autora do \u00faltimo documento desta finalidade e requer licen\u00e7a da verean\u00e7a para tratar de assuntos particulares durante o per\u00edodo de 11 de agosto a 30 de setembro do corrente ano.</p>\r\n<p style=\"text-align: justify; \">\u00a0\u00a0\u00a0\u00a0\u00a0\u00a0\u00a0\u00a0\u00a0\u00a0\u00a0 Nas indica\u00e7\u00f5es os legisladores apontam sugest\u00f5es de melhorias que ir\u00e3o beneficiar a comunidade, s\u00e3o elas: limpeza de bueiro na Rua Cruz Machado, recuo no cal\u00e7amento para estacionamento do transporte escolar na Rua Guilherme Alfredo Kiel, coloca\u00e7\u00e3o de cont\u00eaineres para lixos recicl\u00e1veis no Jardim Mirante da Serra, estudo para regulariza\u00e7\u00e3o de lote na Travessa Campo Grande, e fiscaliza\u00e7\u00e3o em terreno baldio na Rua General C\u00e2mara.</p>\r\n<p style=\"text-align: justify; \">\u00a0\u00a0\u00a0\u00a0\u00a0\u00a0\u00a0\u00a0\u00a0\u00a0\u00a0\u00a0\u00a0\u00a0\u00a0 Tr\u00eas projetos do Executivo constavam na pauta para passar por primeira discuss\u00e3o, por\u00e9m, as proposi\u00e7\u00f5es foram retiradas da ordem do dia antes da vota\u00e7\u00e3o, devido pedido de vistas e de informa\u00e7\u00f5es complementares. Os projetos disp\u00f5em sobre o C\u00f3digo Tribut\u00e1rio Municipal, Programa de Regulariza\u00e7\u00e3o Fundi\u00e1ria e sobre os par\u00e2metros para a elabora\u00e7\u00e3o e implanta\u00e7\u00e3o do Plano Municipal de Seguran\u00e7a Alimentar e Nutricional.</p>\r\n<p style=\"text-align: justify; \">\u00a0\u00a0\u00a0\u00a0\u00a0\u00a0\u00a0\u00a0\u00a0\u00a0\u00a0\u00a0\u00a0 A pr\u00f3xima sess\u00e3o ordin\u00e1ria ser\u00e1 realizada na quarta-feira, dia 17 de agosto, \u00e0s 14 horas, e, ap\u00f3s esta reuni\u00e3o, \u00e0s 16 horas, ter\u00e1 in\u00edcio sess\u00e3o extraordin\u00e1ria para aprecia\u00e7\u00e3o do projeto de decreto legislativo n\u00b0 06/2016, que aprova as contas da Prefeitura do ano de 2013.</p>", "author_name": "claudia", "version": "1.0", "author_url": "https://www.castro.pr.leg.br/author/claudia", "provider_name": "C\u00e2mara Municipal", "type": "rich"}