{"provider_url": "https://www.castro.pr.leg.br", "title": "Vereadores aprovam cinco requerimentos", "html": "<p style=\"text-align: justify; \">\u00a0\u00a0\u00a0\u00a0\u00a0\u00a0\u00a0\u00a0\u00a0\u00a0\u00a0\u00a0\u00a0\u00a0 Nesta quarta-feira, 31 de agosto, os parlamentares da C\u00e2mara Municipal de Castro reuniram-se em plen\u00e1rio para a realiza\u00e7\u00e3o da \u00faltima sess\u00e3o ordin\u00e1ria do m\u00eas. Na reuni\u00e3o eles aprovaram cinco requerimentos ap\u00f3s discuss\u00e3o \u00fanica.</p>\r\n<p style=\"text-align: justify; \">\u00a0\u00a0\u00a0\u00a0\u00a0\u00a0\u00a0\u00a0\u00a0\u00a0\u00a0\u00a0\u00a0\u00a0\u00a0 Itari Cropolato (PDT) apresentou duas destas proposi\u00e7\u00f5es e solicita ao Executivo informa\u00e7\u00f5es referentes aos servi\u00e7os funer\u00e1rios municipais e quanto a prazos para o t\u00e9rmino do asfalto nas Ruas Manoel das Chagas Lima e Manoel Jos\u00e9 Braga.</p>\r\n<p style=\"text-align: justify; \">\u00a0\u00a0\u00a0\u00a0\u00a0\u00a0\u00a0\u00a0\u00a0\u00a0\u00a0\u00a0\u00a0\u00a0\u00a0 Os tr\u00eas documentos restantes s\u00e3o de autoria da vereadora Regiane Batista Severino (PRB). No primeiro, Regiane questiona os \u00f3rg\u00e3os competentes acerca da falta da presta\u00e7\u00e3o de servi\u00e7os de entrega de correspond\u00eancias na Rua Luiz de Biassio localizada na Vila do Ros\u00e1rio. Nos outros dois, a vereadora requer Voto de Louvor a Francisco Michalski e Waldir Bueno Carneiro (in memoriam) devido a homenagem recebida em Bras\u00edlia pelo Ex\u00e9rcito Brasileiro, e Voto de Pesar pelo falecimento do senhor Kimihiro Kagawa.</p>\r\n<p style=\"text-align: justify; \">\u00a0\u00a0\u00a0\u00a0\u00a0\u00a0\u00a0\u00a0\u00a0\u00a0\u00a0\u00a0\u00a0\u00a0\u00a0 Durante o expediente do encontro foram apresentadas quatro indica\u00e7\u00f5es em que os legisladores solicitam provid\u00eancias que beneficiem a comunidade. Itari Cropolato(PRB) pede a recupera\u00e7\u00e3o das Ruas Caetano Ribeiro de Moraes e Theodoro Lopes de Oliveira; Gerson Sutil (PSB) a instala\u00e7\u00e3o de lombada na Rua Coronel Oleg\u00e1rio de Macedo; e, Paulo Cesar de Farias (PPS) a coloca\u00e7\u00e3o de redutor de velocidade em frente \u00e0 Escola Municipal Dr. Lourival Leite de Carvalho e a limpeza de bueiro na Rua Jack Fadel.</p>\r\n<p style=\"text-align: justify; \">\u00a0\u00a0\u00a0\u00a0\u00a0\u00a0\u00a0\u00a0\u00a0\u00a0\u00a0\u00a0\u00a0\u00a0\u00a0 Ao final da sess\u00e3o o vereador Joel Elias Fadel fez a \u201cSauda\u00e7\u00e3o \u00e0 Bandeira\u201d atrav\u00e9s da poesia da aluna Hellen Ramos. A pr\u00f3xima reuni\u00e3o ordin\u00e1ria ser\u00e1 realizada em 08 de setembro, quinta-feira, \u00e0s 14 horas, em virtude do feriado nacional da Independ\u00eancia do Brasil.</p>", "author_name": "claudia", "version": "1.0", "author_url": "https://www.castro.pr.leg.br/author/claudia", "provider_name": "C\u00e2mara Municipal", "type": "rich"}