{"provider_url": "https://www.castro.pr.leg.br", "title": "Seguran\u00e7a P\u00fablica \u00e9 tema de encontro", "html": "<p style=\"text-align: justify; \">\u00a0\u00a0\u00a0\u00a0\u00a0\u00a0\u00a0\u00a0\u00a0\u00a0\u00a0\u00a0\u00a0\u00a0\u00a0 Na pr\u00f3xima segunda-feira, dia 21 de mar\u00e7o, \u00e0s 19 horas, o Plen\u00e1rio da C\u00e2mara Municipal de Castro sediar\u00e1 debate sobre a Seguran\u00e7a P\u00fablica do Munic\u00edpio, tendo em vista os frequentes assaltos a estabelecimentos comerciais que v\u00eam ocorrendo na cidade.</p>\r\n<p style=\"text-align: justify; \">\u00a0\u00a0\u00a0\u00a0\u00a0\u00a0\u00a0\u00a0\u00a0\u00a0\u00a0\u00a0\u00a0\u00a0\u00a0 A ideia da reuni\u00e3o surgiu durante encontro, realizado em 02 de mar\u00e7o, com representantes de entidades civis que temem o aumento da criminalidade em Castro. Foram convidados a participar da discuss\u00e3o do tema representantes dos poderes Executivo Municipal e Estadual, Judici\u00e1rio, Legislativo Federal e Estadual, Pol\u00edcias Militar e Civil, dentre outros.</p>\r\n<p style=\"text-align: justify; \">\u00a0\u00a0\u00a0\u00a0\u00a0\u00a0\u00a0\u00a0\u00a0\u00a0\u00a0\u00a0\u00a0\u00a0\u00a0 O Presidente da C\u00e2mara, vereador Gerson Sutil (PSB), ressalta que todos os mun\u00edcipes podem comparecer e contribuir com o debate, relatando suas experi\u00eancias e percep\u00e7\u00f5es, para que juntos, todos possam pensar em solu\u00e7\u00f5es. \u00a0\u201cCom o conhecimento espec\u00edfico e colabora\u00e7\u00e3o de cada um podemos encontrar solu\u00e7\u00f5es dentro da pr\u00f3pria comunidade. Contamos com a participa\u00e7\u00e3o de todos\u201d, enfatizou Sutil.</p>", "author_name": "claudia", "version": "1.0", "author_url": "https://www.castro.pr.leg.br/author/claudia", "provider_name": "C\u00e2mara Municipal", "type": "rich"}