{"provider_url": "https://www.castro.pr.leg.br", "title": "Seguran\u00e7a em Castro \u00e9 tema de encontro", "html": "<p style=\"text-align: justify; \"><span>Preocupado com a seguran\u00e7a em Castro o Presidente da C\u00e2mara Municipal, vereador Gerson Sutil (PSB), realizou reuni\u00e3o com o Delegado da Pol\u00edcia Civil de Castro, Emmanuel Aschidabim Davi, na tarde desta quinta-feira, 29 de janeiro, na sede da Casa de Leis.<br />\u00a0<br />Durante o encontro Sutil e Davi debateram muitas quest\u00f5es a respeito de seguran\u00e7a p\u00fablica e atua\u00e7\u00e3o das pol\u00edcias. Davi informou que em breve ir\u00e1 oficiar a C\u00e2mara no intuito de solicitar colabora\u00e7\u00e3o acerca da mudan\u00e7a da sede administrativa da Pol\u00edcia Civil, que hoje se encontra junto a carceragem.<br />\u00a0<br />O Presidente do Legislativo convidou o Delegado para que futuramente volte \u00e0 Casa para uma conversa com todos os vereadores para esclarecer d\u00favidas e apresentar algumas estat\u00edsticas da cidade. \u201c\u00c9 importante esta troca de informa\u00e7\u00f5es porque seguran\u00e7a \u00e9 uma preocupa\u00e7\u00e3o de todos. Queremos uma Castro segura\u201d, finalizou Gerson Sutil.</span></p>", "author_name": "claudia", "version": "1.0", "author_url": "https://www.castro.pr.leg.br/author/claudia", "provider_name": "C\u00e2mara Municipal", "type": "rich"}