{"provider_url": "https://www.castro.pr.leg.br", "title": "Per\u00edodo legislativo de 2016", "html": "<p style=\"text-align: justify; \">Nesta quarta-feira, dia 17 de fevereiro, \u00e0s 14 horas, a C\u00e2mara Municipal de Castro realiza a primeira sess\u00e3o ordin\u00e1ria do ano de 2016. A pauta com o expediente e ordem do dia da reuni\u00e3o ser\u00e1 divulgada no site da Casa de Leis no final da tarde desta ter\u00e7a-feira, dia 16, no link sess\u00f5es plen\u00e1rias. Conforme determina o Art. 80 do Regimento Interno da Casa o per\u00edodo legislativo anual tem in\u00edcio no dia 15 do corrente m\u00eas.</p>", "author_name": "claudia", "version": "1.0", "author_url": "https://www.castro.pr.leg.br/author/claudia", "provider_name": "C\u00e2mara Municipal", "type": "rich"}