{"provider_url": "https://www.castro.pr.leg.br", "title": "Presta\u00e7\u00e3o de contas da Sa\u00fade", "html": "<p style=\"text-align: justify; \"><span>\u00c0s 18 horas desta segunda-feira, dia 23, na C\u00e2mara Municipal de Castro, teve inicio a segunda parte da audi\u00eancia p\u00fablica da Secretaria Municipal de Sa\u00fade para apresenta\u00e7\u00e3o do relat\u00f3rio de presta\u00e7\u00e3o de contas da pasta relativa ao 3\u00b0 quadrimestre de 2014, que corresponde aos meses de setembro a dezembro do referido ano.<br />\u00a0\u00a0\u00a0 <br />Na tarde de hoje a Secret\u00e1ria Municipal de Sa\u00fade, Karin Cardoso, iniciou sua fala a partir do item 4.1 que diz respeito a sa\u00fade do trabalhador. Tamb\u00e9m foram abordados dados a respeito da oferta e presta\u00e7\u00e3o de servi\u00e7os referentes a gest\u00e3o do sistema \u00fanico de sa\u00fade, integra\u00e7\u00e3o comunit\u00e1ria e controle social, recursos humanos, educa\u00e7\u00e3o permanente, sistema de informa\u00e7\u00e3o em sa\u00fade, investimentos em infraestrutura e apoio log\u00edstico e materiais e equipamentos. <br />\u00a0\u00a0\u00a0 <br />As vereadoras Aline Sleutjes Roberto (PSDC) e Maria de F\u00e1tima Barth Ant\u00e3o Castro (PMDB) aproveitaram a oportunidade para questionar a secret\u00e1ria com rela\u00e7\u00e3o a manuten\u00e7\u00e3o de carros pr\u00f3prios e locados, a respeito do prazo para que seja realizada nova licita\u00e7\u00e3o para compra de camionetes a serem utilizadas nos distritos rurais, sobre reformas e melhorias nos postos de sa\u00fade e quanto a maior dificuldade enfrentada pela secretaria durante o per\u00edodo analisado.<br />\u00a0\u00a0\u00a0 <br />A reuni\u00e3o foi reaberta e conduzida pela Comiss\u00e3o Permanente de Sa\u00fade e Assist\u00eancia Social, cujo Presidente \u00e9 o vereador Paulo Cesar de Farias (PPS), Secret\u00e1rio Herculano da Silva (PSL) e Membro Luiz Cezar Canha Ferreira (PSC). A primeira parte do relat\u00f3rio foi apresentada na Casa de Leis, na \u00faltima quinta-feira, dia 19.</span></p>", "author_name": "claudia", "version": "1.0", "author_url": "https://www.castro.pr.leg.br/author/claudia", "provider_name": "C\u00e2mara Municipal", "type": "rich"}