{"provider_url": "https://www.castro.pr.leg.br", "title": "Fachadas das lojas", "html": "<p style=\"text-align: justify; \"><span>O Presidente da C\u00e2mara Municipal de Castro, vereador Gerson Sutil (PSB) e os vereadores Joel Elias Fadel (PSDB), Maria de F\u00e1tima Barth Ant\u00e3o Castro (PMDB) e Aline Sleutjes Roberto (PSDC), reuniram-se na tarde desta segunda-feira, dia 23, na sede da Casa de Leis, com o Presidente do Sindicastro, Marioli Sim\u00e3o, e o Presidente da Acecastro, Lino Lopes, para conversar a respeito de trecho da Lei Complementar n\u00b0 36/2011, que determina medidas e regras para a instala\u00e7\u00e3o de fachadas nos estabelecimentos comerciais da cidade.<br />\u00a0\u00a0\u00a0 <br />Os representantes dos comerciantes acreditam que \u00e9 importante existir alguma normatiza\u00e7\u00e3o, mas se faz necess\u00e1rio uma reformula\u00e7\u00e3o destas regras e, al\u00e9m disso, maior divulga\u00e7\u00e3o e prazo para que o empres\u00e1rio regularize sua empresa. Sim\u00e3o e Lopes tamb\u00e9m abordaram o fato da Lei existir desde 2011 e as medidas estarem sendo cobradas s\u00f3 agora, e o elevado custo para confec\u00e7\u00e3o de uma fachada nova. <br />\u00a0\u00a0\u00a0 <br />Durante o encontro os vereadores demonstraram a sua preocupa\u00e7\u00e3o com a quest\u00e3o e garantiram que est\u00e3o estudando medidas legais para colaborar com a classe empresarial castrense. \u201cEstamos estudando a melhor maneira de alterar a legisla\u00e7\u00e3o para que n\u00e3o prejudicar os comerciantes\u201d, reiterou o Presidente Gerson Sutil.<br />\u00a0\u00a0\u00a0 <br />Ao t\u00e9rmino da reuni\u00e3o Marioli Sim\u00e3o e Lino Lopes se encaminharam para o F\u00f3rum no intuito de solicitar ao promotor o estudo de um termo de ajuste de conduta - TAC que estabele\u00e7a um prazo maior para os comerciantes se adequarem.</span></p>", "author_name": "claudia", "version": "1.0", "author_url": "https://www.castro.pr.leg.br/author/claudia", "provider_name": "C\u00e2mara Municipal", "type": "rich"}