{"provider_url": "https://www.castro.pr.leg.br", "title": "Estudantes visitam C\u00e2mara", "html": "<p style=\"text-align: justify; \">\u00a0\u00a0\u00a0\u00a0\u00a0\u00a0\u00a0\u00a0\u00a0\u00a0\u00a0\u00a0\u00a0\u00a0 Nos \u00faltimos dias 15, 24 e 29 de junho, a C\u00e2mara Municipal de Castro recebeu a visita de 134 jovens castrenses, sendo 106 da Escola Municipal Professora Dalila Ayres e 28 do Col\u00e9gio Sepam, atrav\u00e9s do Projeto Sess\u00e3o Jovem.</p>\r\n<p style=\"text-align: justify; \">\u00a0\u00a0\u00a0\u00a0\u00a0\u00a0\u00a0\u00a0\u00a0\u00a0\u00a0\u00a0\u00a0\u00a0\u00a0 Acompanhados de professores e coordenadores, os estudantes assistiram a um pequeno v\u00eddeo sobre os poderes da Uni\u00e3o, e aprenderam mais especificamente sobre o Legislativo Municipal, a fun\u00e7\u00e3o e os instrumentos de trabalho dos vereadores, tipos e desenvolvimento das sess\u00f5es, e sobre leis que regem o trabalho da C\u00e2mara.</p>\r\n<p style=\"text-align: justify; \">\u00a0\u00a0\u00a0\u00a0\u00a0\u00a0\u00a0\u00a0\u00a0\u00a0\u00a0\u00a0\u00a0\u00a0\u00a0 Ap\u00f3s o aprendizado e esclarecimento de d\u00favidas, os alunos foram convidados a vivenciar a experi\u00eancia de forma mais pr\u00e1tica. Os interessados candidataram-se ao cargo de vereador por um dia e, aqueles que foram eleitos, representaram os colegas abordando e defendendo suas ideias.</p>\r\n<p style=\"text-align: justify; \">\u00a0</p>\r\n<p style=\"text-align: center; \"><strong>Sess\u00e3o Jovem - Dalila 15/06/2016</strong></p>\r\n<p style=\"text-align: left; \"><strong><img src=\"https://www.castro.pr.leg.br/imagens/Dalila1506163.JPG\" title=\"\" height=\"310\" width=\"416\" alt=\"\" class=\"image-inline\" /> \u00a0 \u00a0 <img src=\"https://www.castro.pr.leg.br/imagens/Dalila1506164.JPG\" style=\"float: right; \" title=\"\" height=\"304\" width=\"408\" alt=\"\" class=\"image-inline\" /><br /></strong></p>\r\n<p style=\"text-align: left; \"><img src=\"https://www.castro.pr.leg.br/imagens/Dalila1506161.JPG\" title=\"\" height=\"309\" width=\"415\" alt=\"\" class=\"image-inline\" />\u00a0 <img src=\"https://www.castro.pr.leg.br/imagens/Dalila1506162.JPG\" style=\"float: right; \" title=\"\" height=\"304\" width=\"407\" alt=\"\" class=\"image-inline\" /></p>\r\n<p style=\"text-align: center; \"><strong>Sess\u00e3o Jovem - Sepam 24/06/2016</strong></p>\r\n<p style=\"text-align: left; \"><strong><img src=\"https://www.castro.pr.leg.br/imagens/Sepam2406163.JPG\" title=\"\" height=\"306\" width=\"411\" alt=\"\" class=\"image-inline\" /> \u00a0 <img src=\"https://www.castro.pr.leg.br/imagens/Sepam2406164.JPG\" style=\"float: right; \" title=\"\" height=\"303\" width=\"406\" alt=\"\" class=\"image-inline\" /><br /></strong></p>\r\n<p style=\"text-align: left; \"><strong><img src=\"https://www.castro.pr.leg.br/imagens/Sepam2406161.JPG\" title=\"\" height=\"304\" width=\"409\" alt=\"\" class=\"image-inline\" /> \u00a0 \u00a0<img src=\"https://www.castro.pr.leg.br/imagens/Sepam2406162.JPG\" style=\"float: right; \" title=\"\" height=\"304\" width=\"407\" alt=\"\" class=\"image-inline\" /><br /></strong></p>\r\n<p style=\"text-align: center; \"><strong><br /></strong></p>\r\n<p style=\"text-align: center; \"><strong>Sess\u00e3o</strong> <strong>Jovem - Dalila Ayres 29/06/2016</strong></p>\r\n<p style=\"text-align: left; \"><strong>\u00a0\u00a0 <img src=\"https://www.castro.pr.leg.br/imagens/Dalila290620161.JPG\" title=\"\" height=\"302\" width=\"404\" alt=\"\" class=\"image-inline\" /> \u00a0 <img src=\"https://www.castro.pr.leg.br/imagens/Dalila290620162.JPG\" style=\"float: right; \" title=\"\" height=\"302\" width=\"404\" alt=\"\" class=\"image-inline\" /></strong></p>\r\n<p style=\"text-align: left; \"><strong><img src=\"https://www.castro.pr.leg.br/imagens/Dalila290620163.JPG\" title=\"\" height=\"306\" width=\"413\" alt=\"\" class=\"image-inline\" /> \u00a0 \u00a0 \u00a0 \u00a0 <img src=\"https://www.castro.pr.leg.br/imagens/Dalila290620164.JPG\" style=\"float: right; \" title=\"\" height=\"295\" width=\"400\" alt=\"\" class=\"image-inline\" /><br /></strong></p>\r\n<p style=\"text-align: center; \"><strong><br /></strong></p>", "author_name": "claudia", "version": "1.0", "author_url": "https://www.castro.pr.leg.br/author/claudia", "provider_name": "C\u00e2mara Municipal", "type": "rich"}