{"provider_url": "https://www.castro.pr.leg.br", "title": "Diminui\u00e7\u00e3o do n\u00famero de vereadores", "html": "<p style=\"text-align: justify; \">\u00a0\u00a0\u00a0\u00a0\u00a0\u00a0\u00a0\u00a0\u00a0\u00a0\u00a0\u00a0\u00a0\u00a0 Os parlamentares da C\u00e2mara Municipal de Castro aprovaram na tarde de hoje, quarta-feira, 01 de junho, em sess\u00e3o ordin\u00e1ria, ap\u00f3s segunda discuss\u00e3o e vota\u00e7\u00e3o, o projeto de emenda \u00e0 Lei Org\u00e2nica n\u00b0 01/2016. De autoria do vereador Presidente Gerson Sutil (PSB), e dos vereadores Aline Sleutjes Roberto (PR), Antonio Sirlei Alves da Silva (DEM), Herculano da Silva (PSC), Itari Cropolato (PDT), Jos\u00e9 Ot\u00e1vio Nocera (PMDB), Luiz Cezar Canha Ferreira (PSC), Maria de F\u00e1tima Barth Ant\u00e3o Castro (PMDB), Paulo Cesar de Farias (PPS) e Regiane Batista Severino (PRB), a proposta altera o artigo 7\u00b0 da\u00a0lei maior do Munic\u00edpio.</p>\r\n<p style=\"text-align: justify; \">\u00a0\u00a0\u00a0\u00a0\u00a0\u00a0\u00a0\u00a0\u00a0\u00a0\u00a0\u00a0\u00a0\u00a0\u00a0 A altera\u00e7\u00e3o visa a diminui\u00e7\u00e3o do n\u00famero de vereadores a serem eleitos nas elei\u00e7\u00f5es municipais deste ano. De acordo com a emenda n\u00b0 12/2012, a Casa de Leis seria composta por 15 vereadores durante o mandato de 2017 a 2020, por\u00e9m, com a aprova\u00e7\u00e3o desta nova emenda, os mun\u00edcipes de Castro eleger\u00e3o 13 representantes para integrar o Legislativo Municipal nos pr\u00f3ximos quatro anos. Durante vota\u00e7\u00e3o nominal, o \u00fanico voto contr\u00e1rio a aprova\u00e7\u00e3o da proposi\u00e7\u00e3o foi do vereador Joel Elias Fadel (PSDB). Conforme determina a pr\u00f3pria Lei Org\u00e2nica esta emenda ser\u00e1 promulgada pela Mesa Executiva da Casa e passa a vigorar na data de sua publica\u00e7\u00e3o em Di\u00e1rio Oficial.</p>\r\n<p style=\"text-align: justify; \">\u00a0\u00a0\u00a0\u00a0\u00a0\u00a0\u00a0\u00a0\u00a0\u00a0\u00a0\u00a0\u00a0\u00a0\u00a0 Outros sete projetos foram aprovados nesta reuni\u00e3o e seguem para san\u00e7\u00e3o do Prefeito Municipal. A iniciativa n\u00b0 42/2016 extingue o cargo de gari da estrutura funcional da prefeitura, e as de n\u00fameros 51, 52, 53, 54 e 56/2016, autorizam a prefeitura a abrir cr\u00e9ditos adicionais. Estes cr\u00e9ditos ir\u00e3o assegurar a aquisi\u00e7\u00e3o de cartuchos de arma de fogo e de pistolas calibre 380 a serem utilizadas pela Guarda Municipal do Munic\u00edpio, e o pagamento de despesas com a implanta\u00e7\u00e3o de po\u00e7os artesianos nas comunidades rurais de Lageado, Olho D\u2019\u00c1gua das Grutas e Marmeleiro, po\u00e7os semi artesianos em Garibaldi, Santa Rita e Podolan, custeio de despesas referentes ao conv\u00eanio com a APAE e proporcionar o pagamento de gastos aprovados no Conselho Municipal de Meio Ambiente.</p>\r\n<p style=\"text-align: justify; \">\u00a0\u00a0\u00a0\u00a0\u00a0\u00a0\u00a0\u00a0\u00a0\u00a0\u00a0\u00a0\u00a0\u00a0\u00a0 Tamb\u00e9m receberam vota\u00e7\u00e3o favor\u00e1vel o projeto de lei de autoria dos vereadores Jos\u00e9 Ot\u00e1vio Nocera (PMDB) e Maria de F\u00e1tima Barth Ant\u00e3o Castro (PMDB), que nomina de Gentil Stresser via localizada no Distrito de Socav\u00e3o, e proposta de resolu\u00e7\u00e3o, dos membros da Mesa Executiva, que coloca em extin\u00e7\u00e3o o cargo de auxiliar de servi\u00e7os da C\u00e2mara.</p>\r\n<p style=\"text-align: justify; \">\u00a0\u00a0\u00a0\u00a0\u00a0\u00a0\u00a0\u00a0\u00a0\u00a0\u00a0\u00a0\u00a0\u00a0\u00a0 Do mesmo modo, os requerimentos dos vereadores Aline Sleutjes Roberto (PR) e Joel Elias Fadel (PSDB) foram aceitos em plen\u00e1rio. Os legisladores solicitam, respectivamente, a realiza\u00e7\u00e3o de estudos quanto a viabiliza\u00e7\u00e3o de castra\u00e7\u00e3o de animais que possuem tutores, e informa\u00e7\u00f5es relativas a servi\u00e7o de vistoria na rede el\u00e9trica para avalia\u00e7\u00e3o de risco na Rua coronel Vidal Martins de Oliveira.</p>\r\n<p style=\"text-align: justify; \">\u00a0\u00a0\u00a0\u00a0\u00a0\u00a0\u00a0\u00a0\u00a0\u00a0\u00a0\u00a0\u00a0\u00a0\u00a0 Foram apresentadas durante o expediente tr\u00eas indica\u00e7\u00f5es apontando necessidades da comunidade. Aline Sleutjes (PR) solicita a sinaliza\u00e7\u00e3o e pintura de faixas nas ruas do Bairro Cantagalo, Jos\u00e9 Nocera (PMDB) a manuten\u00e7\u00e3o das pedras peti pav\u00ea das \u00e1reas de passeio da Pra\u00e7a Manoel Ribas e, Gerson Sutil (PSB) a implanta\u00e7\u00e3o de nova linha de transporte coletivo que inclua o Jardim S\u00e3o Miguel.</p>\r\n<p style=\"text-align: justify; \">\u00a0\u00a0\u00a0\u00a0\u00a0\u00a0\u00a0\u00a0\u00a0\u00a0\u00a0\u00a0\u00a0\u00a0\u00a0 A pr\u00f3xima sess\u00e3o ser\u00e1 realizada na quarta-feira, dia 08 de junho, \u00e0s 14 horas.</p>", "author_name": "claudia", "version": "1.0", "author_url": "https://www.castro.pr.leg.br/author/claudia", "provider_name": "C\u00e2mara Municipal", "type": "rich"}