{"provider_url": "https://www.castro.pr.leg.br", "title": "Corte de \u00e1rvores na Dr. Jorge", "html": "<p style=\"text-align: justify; \">\u00a0\u00a0\u00a0\u00a0\u00a0\u00a0\u00a0\u00a0\u00a0\u00a0\u00a0\u00a0 Nesta quinta-feira, 03 de novembro, p\u00f3s-feriado de Finados, os vereadores castrenses reuniram-se em plen\u00e1rio para a realiza\u00e7\u00e3o da primeira sess\u00e3o ordin\u00e1ria do referido m\u00eas. Ap\u00f3s leitura da ata o vereador Presidente, Gerson Sutil (PSB), concedeu a palavra ao engenheiro da empresa Instelimic, Edson Cesar Gaida, respons\u00e1vel pelo projeto executivo e execu\u00e7\u00e3o da obra de revitaliza\u00e7\u00e3o da Rua Dr. Jorge Xavier da Silva, para que explicasse aos presentes as raz\u00f5es que levaram ao corte de \u00e1rvores da via.</p>\r\n<p style=\"text-align: justify; \">\u00a0\u00a0\u00a0\u00a0\u00a0\u00a0\u00a0\u00a0\u00a0\u00a0\u00a0\u00a0\u00a0\u00a0\u00a0 Gaida justificou aos parlamentares a retirada de oito \u00e1rvores, das 23 que estavam distribu\u00eddas ao longo da rua, ap\u00f3s estudo minucioso realizado desde agosto. \u00a0Segundo o engenheiro, todas as esquinas transversais com a Dr. Jorge ser\u00e3o pavimentadas com paver e este pavimento ter\u00e1 a mesma altura das cal\u00e7adas para respeitar o projeto de acessibilidade e as normas de coloca\u00e7\u00e3o de pisos podot\u00e1teis, faixas em alto-relevo fixadas no ch\u00e3o para fornecer aux\u00edlio na locomo\u00e7\u00e3o pessoal de deficientes visuais. \u00a0</p>\r\n<p style=\"text-align: justify; \">\u00a0\u00a0\u00a0\u00a0\u00a0\u00a0\u00a0\u00a0\u00a0\u00a0\u00a0\u00a0\u00a0\u00a0\u00a0 O respons\u00e1vel pelo projeto pontuou que estas faixas elevadas avan\u00e7am um pouco na Rua Dr. Jorge, justamente para a instala\u00e7\u00e3o deste piso especial, que deve estar posicionado exatamente no centro da faixa, ou o mais pr\u00f3ximo do centro. Gaida apresentou como exemplo o caso da \u00e1rvore que ficava em frente ao Banco do Brasil que, al\u00e9m de estar praticamente em cima de onde passar\u00e1 a faixa podot\u00e1til, necessita de uma abertura de 1,5 a 2 metros para que sua raiz respire, tornando imposs\u00edvel mant\u00ea-la na posi\u00e7\u00e3o em que se encontrava.</p>\r\n<p style=\"text-align: justify; \">\u00a0\u00a0\u00a0\u00a0\u00a0\u00a0\u00a0\u00a0\u00a0\u00a0\u00a0\u00a0\u00a0\u00a0\u00a0 O engenheiro ressaltou que a empresa n\u00e3o fez nada fora da legalidade e que outras 18 \u00e1rvores ser\u00e3o plantadas para substituir estas oito ao longo da via. \u00a0Gaida destacou que o \u00fanico motivo para que as \u00e1rvores fossem retiradas no feriado reside no fato de ser um dia de menor circula\u00e7\u00e3o da popula\u00e7\u00e3o, visando sua seguran\u00e7a. \u201cA Maria Inez, Diretora de Meio Ambiente \u00e9 contra a retirada, o Dr. Reinaldo \u00e9 contra, eu sou contra ao corte das \u00e1rvores, mas acontece que determinadas \u00e1rvores est\u00e3o atrapalhando, interferindo, principalmente no projeto de acessibilidade\u201d, evidenciou.</p>\r\n<p style=\"text-align: justify; \">\u00a0\u00a0\u00a0\u00a0\u00a0\u00a0\u00a0\u00a0\u00a0\u00a0\u00a0\u00a0\u00a0\u00a0\u00a0 A Diretora de Meio Ambiente, Maria Inez Pedrosa Machado, presente em plen\u00e1rio, tamb\u00e9m fez uso da palavra e explicou que a substitui\u00e7\u00e3o das \u00e1rvores foi discutida com bastante crit\u00e9rio e preocupa\u00e7\u00e3o. A diretora frisou que durante a realiza\u00e7\u00e3o do estudo a equipe fotografou \u00e1rvore por \u00e1rvore para identific\u00e1-las e conversou com os lojistas para conhecer sua opini\u00e3o, uma vez que a \u00e1rvore fica \u00e0 frente de seus estabelecimentos. Segundo Maria Inez, o Conselho Municipal do Meio Ambiente tamb\u00e9m foi consultado e todos compreenderam a justificativa da acessibilidade, visto que tamb\u00e9m \u00e9 lei e atende diversas parcelas da sociedade. \u00a0</p>\r\n<p>\u00a0\u00a0\u00a0\u00a0\u00a0\u00a0\u00a0\u00a0\u00a0\u00a0\u00a0\u00a0\u00a0\u00a0\u00a0</p>\r\n<p align=\"center\"><b>Vota\u00e7\u00f5es da sess\u00e3o</b></p>\r\n<p style=\"text-align: justify; \"><b>\u00a0</b>\u00a0\u00a0\u00a0\u00a0\u00a0\u00a0\u00a0\u00a0\u00a0\u00a0\u00a0\u00a0\u00a0\u00a0 Durante a ordem do dia da sess\u00e3o os parlamentares aprovaram tr\u00eas requerimentos ap\u00f3s vota\u00e7\u00e3o \u00fanica, sendo um da vereadora Maria de F\u00e1tima Barth Ant\u00e3o Castro (PMDB), um de Joel Elias Fadel (PSDB) e o \u00faltimo de Aline Sleutjes Roberto (PR).</p>\r\n<p style=\"text-align: justify; \">\u00a0\u00a0\u00a0\u00a0\u00a0\u00a0\u00a0\u00a0\u00a0\u00a0\u00a0\u00a0\u00a0\u00a0\u00a0 Atrav\u00e9s do documento F\u00e1tima solicita que seja enviado Voto de Congratula\u00e7\u00f5es a Professora Natali Ferreira dos Santos por ter obtido o primeiro lugar no Concurso Agrinho 2016 realizado pelo Estado do Paran\u00e1 em parceria com o Servi\u00e7o Nacional de Aprendizagem Rural- SENAR e a Federa\u00e7\u00e3o da Agricultura do Estado do Paran\u00e1- FAEP.</p>\r\n<p style=\"text-align: justify; \">\u00a0\u00a0\u00a0\u00a0\u00a0\u00a0\u00a0\u00a0\u00a0\u00a0\u00a0\u00a0\u00a0\u00a0\u00a0 O vereador Joel Fadel questiona o Executivo quanto a exist\u00eancia de projeto prevendo melhorias na pra\u00e7a localizada no Jardim Dona Helena, tendo em vista que os moradores deste bairro necessitam de espa\u00e7o destinado ao lazer para as crian\u00e7as e para pr\u00e1tica de atividades f\u00edsicas. \u00a0O requerimento da vereadora Aline tamb\u00e9m solicita informa\u00e7\u00f5es da Prefeitura sobre a possibilidade de realizar reformas nos gin\u00e1sios, pra\u00e7as de lazer e campos de futebol, uma vez que as instala\u00e7\u00f5es existentes encontram-se em situa\u00e7\u00e3o prec\u00e1ria e n\u00e3o podem ser utilizadas pela popula\u00e7\u00e3o.</p>\r\n<p style=\"text-align: justify; \">\u00a0\u00a0\u00a0\u00a0\u00a0\u00a0\u00a0\u00a0\u00a0\u00a0\u00a0\u00a0\u00a0\u00a0\u00a0 Em primeira vota\u00e7\u00e3o os legisladores aprovaram projeto que autoriza a desafeta\u00e7\u00e3o de \u00e1rea e sua doa\u00e7\u00e3o para a Associa\u00e7\u00e3o Antonio e Marcos Cavanis. A \u00e1rea a ser desafetada refere-se ao prolongamento da Rua Santo Antonio da Platina, j\u00e1 utilizada pela entidade para acesso ao sal\u00e3o paroquial. A proposta de lei passa por segunda vota\u00e7\u00e3o na pr\u00f3xima sess\u00e3o.</p>\r\n<p style=\"text-align: justify; \">\u00a0\u00a0\u00a0\u00a0\u00a0\u00a0\u00a0\u00a0\u00a0\u00a0\u00a0\u00a0\u00a0\u00a0\u00a0 Uma indica\u00e7\u00e3o da vereadora Aline Sleutjes foi apresentada no expediente do encontro, apontando a necessidade da coloca\u00e7\u00e3o de placa indicativa de estacionamento tempor\u00e1rio na Avenida Presidente Kennedy em frente \u00e0 rodovi\u00e1ria.</p>\r\n<p style=\"text-align: justify; \">\u00a0\u00a0\u00a0\u00a0\u00a0\u00a0\u00a0\u00a0\u00a0\u00a0\u00a0\u00a0\u00a0\u00a0\u00a0 A pr\u00f3xima sess\u00e3o ser\u00e1 realizada em 09 de novembro \u00e0s 14 horas.</p>", "author_name": "claudia", "version": "1.0", "author_url": "https://www.castro.pr.leg.br/author/claudia", "provider_name": "C\u00e2mara Municipal", "type": "rich"}