{"provider_url": "https://www.castro.pr.leg.br", "title": "Comiss\u00f5es Permanentes definem cargos", "html": "<p style=\"text-align: justify; \"><span>Na tarde desta quinta-feira, 19 de fevereiro, \u00e0s 14 horas, a C\u00e2mara Municipal de Castro realizou a primeira sess\u00e3o ordin\u00e1ria do ano, iniciando assim o per\u00edodo legislativo anual. Logo ap\u00f3s o come\u00e7o da reuni\u00e3o o vereador Presidente, Gerson Sutil (PSB), solicitou que a primeira secret\u00e1ria, vereadora Maria de F\u00e1tima Barth Ant\u00e3o Castro (PMDB), realizasse a leitura das atas das sess\u00f5es ordin\u00e1ria e extraordin\u00e1ria realizadas em 15 de dezembro de 2014, e das extraordin\u00e1rias que ocorreram em 19 de dezembro de 2014 e em 28 de janeiro de 2015.<br />\u00a0\u00a0\u00a0 <br />A leitura e aprova\u00e7\u00e3o dos documentos esgotou o tempo de uma hora destinado para o expediente, conforme determina o art. 95 do Regimento Interno da Casa, e por este motivo n\u00e3o foram apresentados os of\u00edcios, projetos, requerimentos e indica\u00e7\u00f5es que constavam na pauta. Estas mat\u00e9rias ir\u00e3o compor o expediente da pr\u00f3xima sess\u00e3o ordin\u00e1ria.<br />\u00a0\u00a0\u00a0 <br />Durante a ordem do dia o Presidente declarou empossada a chapa \u201cRespeito e Participa\u00e7\u00e3o\u201d, eleita no \u00faltimo dia 28, e suspendeu a sess\u00e3o por dez minutos para que os membros das Comiss\u00f5es Permanentes definissem seus presidentes, secret\u00e1rios e membros. Retomados os trabalhos, os eleitos para os cargos foram assim apresentados: <br /><br />- Comiss\u00e3o de Constitui\u00e7\u00e3o e Justi\u00e7a: Presidente Jos\u00e9 Ot\u00e1vio Nocera (PMDB), Secret\u00e1rio Paulo Cesar de Farias (PPS), e Membro Regiane Batista Severino (PRB);<br />- Comiss\u00e3o de Finan\u00e7as e Or\u00e7amento: Presidente Regiane Batista Severino (PRB), Secret\u00e1rio Herculano da Silva (PSL) e Membro Antonio Sirlei Alves da Silva (DEM);<br />- Comiss\u00e3o de Desenvolvimento Urbano: Presidente Paulo Cesar de Farias (PPS), Secret\u00e1rio Luiz Cezar Canha Ferreira (PSC) e Membro Jos\u00e9 Ot\u00e1vio Nocera (PMDB);<br />- Comiss\u00e3o de Sa\u00fade e Assist\u00eancia Social: Presidente Paulo Cesar de Farias (PPS), Secret\u00e1rio Herculano da Silva (PSL) e Membro Luiz Cezar Canha Ferreira (PSC);<br />- Comiss\u00e3o de Educa\u00e7\u00e3o, Esporte e Cultura: Presidente Luiz Cezar Canha Ferreira (PSC), Secret\u00e1rio Herculano da Silva (PSL) e Membro Antonio Sirlei Alves da Silva (DEM);<br />- Comiss\u00e3o de Desenvolvimento Rural e Meio Ambiente: Presidente Antonio Sirlei Alves da Silva (DEM), Secret\u00e1rio Jos\u00e9 Ot\u00e1vio Nocera (PMDB) e Membro Regiane Batista Severino (PRB);<br />- Comiss\u00e3o de \u00c9tica e Decoro Parlamentar (mandato de 02 anos): Presidente Regiane Batista Severino (PRB), Secret\u00e1rio Paulo Cesar de Farias (PPS) e Membro Jos\u00e9 Ot\u00e1vio Nocera (PMDB).<br />\u00a0\u00a0\u00a0 <br />Ao final da sess\u00e3o o Presidente Gerson Sutil (PSB) convocou os vereadores para a pr\u00f3xima sess\u00e3o ordin\u00e1ria que ser\u00e1 realizada na pr\u00f3xima quarta-feira, dia 25, \u00e0s 14 horas. O parlamentares tamb\u00e9m foram convocados para participar das audi\u00eancias p\u00fablicas que ocorrer\u00e3o no mesmo dia, com in\u00edcio \u00e0s 18 e 19 horas, para apresenta\u00e7\u00e3o, respectivamente, do cumprimento das metas fiscais relativas ao terceiro quadrimestre de 2014 e dos roteiros propostos para o transporte coletivo de passageiros do interior do Munic\u00edpio.</span></p>", "author_name": "claudia", "version": "1.0", "author_url": "https://www.castro.pr.leg.br/author/claudia", "provider_name": "C\u00e2mara Municipal", "type": "rich"}