{"provider_url": "https://www.castro.pr.leg.br", "title": "Comerciantes em pauta", "html": "<p style=\"text-align: justify; \"><span>O Presidente da C\u00e2mara Municipal de Castro, vereador Gerson Sutil (PSB), recebeu em seu gabinete na tarde desta segunda-feira, dia 09 de fevereiro, o Presidente da Associa\u00e7\u00e3o Comercial e Empresarial de Castro \u2013Ace Castro, Lino Lopes.<br />\u00a0\u00a0\u00a0 <br />Lopes relatou ao Presidente da Casa de Leis a desmotiva\u00e7\u00e3o e as dificuldades que vem sendo enfrentadas pelos comerciantes castrenses.\u00a0 Lino explicou que muitos est\u00e3o tendo problemas quanto a renova\u00e7\u00e3o dos alvar\u00e1s e a \u201clei das fachadas\u201d, que \u00e9 como os lojistas est\u00e3o denominando parte da Lei Complementar n\u00b0 36/2011, do C\u00f3digo de Posturas do Munic\u00edpio, que determina medidas e regras para a instala\u00e7\u00e3o das fachadas das lojas. Como muitos empres\u00e1rios n\u00e3o podem arcar com estas mudan\u00e7as de imediato, visto que s\u00e3o altos os custos, Lopes solicitou que a C\u00e2mara estude alguma medida legal para estender o prazo para que as lojas possam se readequar.<br />\u00a0\u00a0\u00a0 <br />Ap\u00f3s estar ciente de todas as situa\u00e7\u00f5es Gerson Sutil garantiu que ir\u00e1 se reunir com os demais vereadores para discutir o assunto e estudar como o Legislativo pode colaborar com este setor. \u201cO com\u00e9rcio precisa ser incentivado, \u00e9 a base de sustento de muitas fam\u00edlias castrenses\u201d, lembrou Sutil.<br />\u00a0\u00a0\u00a0 <br />Ao final do dia tamb\u00e9m esteve na sede da C\u00e2mara o Secret\u00e1rio Municipal de Ind\u00fastria, Com\u00e9rcio e Turismo, Rodrigo Morais da Silva, e Gerson aproveitou para abordar a quest\u00e3o acima apontada. \u201cComo diz respeito a pasta do Rodrigo \u00e9 importante que ele esteja sabendo desta insatisfa\u00e7\u00e3o. Iremos analisar a situa\u00e7\u00e3o e em breve voltaremos a conversar\u201d, finalizou o Presidente do Legislativo. </span></p>", "author_name": "claudia", "version": "1.0", "author_url": "https://www.castro.pr.leg.br/author/claudia", "provider_name": "C\u00e2mara Municipal", "type": "rich"}