{"provider_url": "https://www.castro.pr.leg.br", "title": "C\u00e2mara realiza duas sess\u00f5es nesta quarta", "html": "<p style=\"text-align: justify; \">\u00a0\u00a0\u00a0\u00a0\u00a0\u00a0\u00a0\u00a0\u00a0\u00a0\u00a0\u00a0\u00a0\u00a0 Na tarde desta quarta-feira, 17 de agosto, a C\u00e2mara Municipal de Castro realizou duas sess\u00f5es, sendo uma ordin\u00e1ria, \u00e0s 14 horas, e uma extraordin\u00e1ria, \u00e0s 16h. Durante turno \u00fanico de vota\u00e7\u00e3o na sess\u00e3o ordin\u00e1ria, os vereadores aprovaram requerimento da vereadora Maria de F\u00e1tima Barth Ant\u00e3o Castro (PMDB) que solicita informa\u00e7\u00f5es sobre a Escola Municipal do Campo de Cercado, e quatro projetos de lei enviados pelo Executivo.</p>\r\n<p style=\"text-align: justify; \">\u00a0\u00a0\u00a0\u00a0\u00a0\u00a0\u00a0\u00a0\u00a0\u00a0\u00a0\u00a0\u00a0\u00a0\u00a0 Mediante estas quatro proposi\u00e7\u00f5es a Prefeitura visa a altera\u00e7\u00e3o da composi\u00e7\u00e3o do Conselho Municipal de Turismo, retifica\u00e7\u00e3o de erro material constante na Lei n\u00b0 3.040/2015 para regularizar situa\u00e7\u00e3o de cargos em comiss\u00e3o da pasta de Ind\u00fastria, Com\u00e9rcio e Turismo, e autoriza\u00e7\u00e3o para abertura de cr\u00e9ditos adicionais suplementares. Segundo as justificativas dos projetos estes cr\u00e9ditos ir\u00e3o assegurar o pagamento de despesas com loca\u00e7\u00e3o de ca\u00e7ambas para transporte de materiais em vias urbanas e honor\u00e1rios m\u00e9dicos e servi\u00e7os de procedimentos para a UPA e Centro de Especialidade Odontol\u00f3gica.</p>\r\n<p style=\"text-align: justify; \">\u00a0\u00a0\u00a0\u00a0\u00a0\u00a0\u00a0\u00a0\u00a0\u00a0\u00a0\u00a0\u00a0\u00a0\u00a0 Tr\u00eas mat\u00e9rias constavam na pauta para passar por primeira discuss\u00e3o, sendo duas aprovadas e uma retirada da ordem dia. Receberam vota\u00e7\u00e3o favor\u00e1vel os projetos n\u00b0 16 e 24/2016, que instituem os Programas de Regulariza\u00e7\u00e3o Fundi\u00e1ria, Habitacional, e Urbana do Munic\u00edpio de Castro e de Incentivo Fiscal \u00e0 Cultura- Procultura. N\u00e3o passou por aprecia\u00e7\u00e3o o documento n\u00b0 171/2014, que autoriza o Executivo a outorgar de forma onerosa a administra\u00e7\u00e3o do Terminal Rodovi\u00e1rio Intermunicipal, devido pedido de dila\u00e7\u00e3o de prazo de 30 dias apresentado pelas Comiss\u00f5es de Constitui\u00e7\u00e3o e de Finan\u00e7as.</p>\r\n<p style=\"text-align: justify; \">\u00a0\u00a0\u00a0\u00a0\u00a0\u00a0\u00a0\u00a0\u00a0\u00a0\u00a0\u00a0\u00a0\u00a0\u00a0 No expediente desta primeira reuni\u00e3o tamb\u00e9m foi apresentada indica\u00e7\u00e3o do vereador Herculano da Silva (PSC) sugerindo ao Prefeito Municipal a viabiliza\u00e7\u00e3o de uma linha de transporte coletivo urbano no trajeto Serra do Apon \u2013 Castro, em todos os dias da semana.</p>\r\n<p style=\"text-align: justify; \">\u00a0\u00a0\u00a0\u00a0\u00a0\u00a0\u00a0\u00a0\u00a0\u00a0\u00a0\u00a0\u00a0\u00a0\u00a0 No segundo encontro do dia, os parlamentares deliberaram apenas sobre o projeto de decreto legislativo n\u00b0 06/2016, de autoria da Comiss\u00e3o Permanente de Finan\u00e7as e Or\u00e7amento, que aprova as contas da Prefeitura Municipal relativas ao exerc\u00edcio financeiro de 2013. Com vota\u00e7\u00e3o favor\u00e1vel, o referido decreto ser\u00e1 publicado em Di\u00e1rio Oficial do Munic\u00edpio.</p>\r\n<p style=\"text-align: justify; \">\u00a0\u00a0\u00a0\u00a0\u00a0\u00a0\u00a0\u00a0\u00a0\u00a0\u00a0\u00a0\u00a0\u00a0\u00a0 A pr\u00f3xima sess\u00e3o ordin\u00e1ria ser\u00e1 realizada \u00e0s 14 horas do dia 24 de agosto.</p>", "author_name": "claudia", "version": "1.0", "author_url": "https://www.castro.pr.leg.br/author/claudia", "provider_name": "C\u00e2mara Municipal", "type": "rich"}