{"provider_url": "https://www.castro.pr.leg.br", "title": "C\u00e2mara concede t\u00edtulos a cidad\u00e3s", "html": "<p style=\"text-align: justify; \">\u00a0\u00a0\u00a0\u00a0\u00a0\u00a0\u00a0\u00a0\u00a0\u00a0\u00a0 Nesta quarta-feira, 08 de setembro, um dia ap\u00f3s o feriado em que o pa\u00eds comemora sua independ\u00eancia, a C\u00e2mara Municipal de Castro realizou a primeira sess\u00e3o ordin\u00e1ria do referido m\u00eas. Logo no in\u00edcio da reuni\u00e3o o hino nacional foi executado, como ocorre em todos os primeiros encontros mensais, devido determina\u00e7\u00e3o do Regimento Interno da Casa.</p>\r\n<p style=\"text-align: justify; \">\u00a0\u00a0\u00a0\u00a0\u00a0\u00a0\u00a0\u00a0\u00a0\u00a0 Na sequ\u00eancia o vereador Presidente, Gerson Sutil (PSB), solicitou que a primeira e segunda secret\u00e1rias fizessem a leitura do expediente e deu in\u00edcio \u00e0 ordem do dia com a vota\u00e7\u00e3o \u00fanica de dois projetos e um requerimento.</p>\r\n<p style=\"text-align: justify; \">\u00a0\u00a0\u00a0\u00a0\u00a0\u00a0\u00a0\u00a0\u00a0\u00a0 Ap\u00f3s discuss\u00e3o os parlamentares aprovaram as propostas de lei n\u00b0 82 e 83/2016 que visam a concess\u00e3o do t\u00edtulo de Cidad\u00e3s Benem\u00e9ritas de Castro \u00e0s Senhoras Therezinha Anunciata Flores Amato e Julieta Signorelli. De autoria do vereador Joel Elias Fadel (PSDB), os projetos apresentam as devidas justificativas para recebimento da honraria.</p>\r\n<p style=\"text-align: justify; \">\u00a0\u00a0\u00a0\u00a0\u00a0\u00a0\u00a0\u00a0\u00a0\u00a0\u00a0\u00a0 Apoiado por todos os outros vereadores, Antonio Sirlei Alves da Silva (DEM) apresentou requerimento em que presta Voto de Pesar pelo falecimento do Senhor Oscar Schimidt. Na proposi\u00e7\u00e3o o legislador enaltece as qualidades de Oscar e solicita que seja dado conhecimento da decis\u00e3o da Casa \u00e0 fam\u00edlia enlutada.</p>\r\n<p style=\"text-align: justify; \">\u00a0\u00a0\u00a0\u00a0\u00a0\u00a0\u00a0\u00a0\u00a0\u00a0\u00a0\u00a0 A pr\u00f3xima sess\u00e3o ordin\u00e1ria ser\u00e1 realizada \u00e0s 14 horas, da quarta-feira, 14 de setembro.</p>", "author_name": "claudia", "version": "1.0", "author_url": "https://www.castro.pr.leg.br/author/claudia", "provider_name": "C\u00e2mara Municipal", "type": "rich"}