{"provider_url": "https://www.castro.pr.leg.br", "title": "Audi\u00eancia P\u00fablica da LDO", "html": "<p style=\"text-align: justify; \">\u00a0\u00a0\u00a0\u00a0\u00a0\u00a0\u00a0\u00a0\u00a0\u00a0\u00a0\u00a0\u00a0\u00a0 Ap\u00f3s a sess\u00e3o ordin\u00e1ria desta quarta-feira, dia 01 de junho, \u00e0s 16 horas, a C\u00e2mara realizou a audi\u00eancia p\u00fablica para debate sobre o projeto de lei n\u00b0 47/2016, que disp\u00f5e sobre as diretrizes para elabora\u00e7\u00e3o da lei or\u00e7ament\u00e1ria para o exerc\u00edcio financeiro do ano de 2017.</p>\r\n<p style=\"text-align: justify; \">\u00a0\u00a0\u00a0\u00a0\u00a0\u00a0\u00a0\u00a0\u00a0\u00a0\u00a0\u00a0\u00a0\u00a0\u00a0 O encontro foi aberto pelo Presidente da Casa, vereador Gerson Sutil (PSB), e conduzido pela vereadora Regiane Batista Severino (PRB), que \u00e9 Presidente da Comiss\u00e3o Permanente de Finan\u00e7as e Or\u00e7amento.</p>\r\n<p style=\"text-align: justify; \">\u00a0\u00a0\u00a0\u00a0\u00a0\u00a0\u00a0\u00a0\u00a0\u00a0\u00a0\u00a0\u00a0\u00a0\u00a0 Atrav\u00e9s de parecer apresentado em audi\u00eancia, as comiss\u00f5es apresentaram emendas \u00e0 proposta enviada pelo Executivo, indicando a corre\u00e7\u00e3o de erros constantes em anexos e a inclus\u00e3o de termos em artigos. Uma das emendas versa sobre o remanejamento, transposi\u00e7\u00e3o e transfer\u00eancia dos recursos do Legislativo de uma categoria para outra, e determina que estas a\u00e7\u00f5es dever\u00e3o ser viabilizadas mediante Decreto Legislativo.</p>\r\n<p style=\"text-align: justify; \">\u00a0\u00a0\u00a0\u00a0\u00a0\u00a0\u00a0\u00a0\u00a0\u00a0\u00a0\u00a0\u00a0\u00a0\u00a0 Os pareceres foram aprovados por unanimidade, bem como o projeto com as emendas. A proposta segue o tr\u00e2mite dentro da C\u00e2mara e deve passar por duas discuss\u00f5es e vota\u00e7\u00f5es nas pr\u00f3ximas semanas.</p>", "author_name": "claudia", "version": "1.0", "author_url": "https://www.castro.pr.leg.br/author/claudia", "provider_name": "C\u00e2mara Municipal", "type": "rich"}