{"provider_url": "https://www.castro.pr.leg.br", "title": "Planta Gen\u00e9rica de Valores", "html": "<p align=\"justify\" style=\"text-align: justify; \"><span>Na pr\u00f3xima quarta-feira, dia 06 de maio, \u00e0s 16 horas, a C\u00e2mara Municipal de Castro realiza, em seu plen\u00e1rio, audi\u00eancia p\u00fablica sobre o projeto de lei complementar n\u00b0 02/2013.<br />\u00a0<br />A proposta, de autoria do Executivo, trata da planta gen\u00e9rica de valores dos terrenos e edifica\u00e7\u00f5es do munic\u00edpio, e altera os valores e al\u00edquotas de tributos referentes aos im\u00f3veis, o que refletir\u00e1 no custo do IPTU, ITBI e outros impostos.<br />\u00a0<br />Toda a popula\u00e7\u00e3o castrense est\u00e1 convidada a participar!</span></p>\r\n<p align=\"justify\" style=\"text-align: justify; \"><a href=\"http://www.camaracastro.pr.gov.br/anexos/PLC02-2013%20%28SUBSTITUTIVO%29.pdf\"><span>Projeto de Lei Complementar n\u00b0 02/2013-</span></a><span> arquivo em PDF</span></p>", "author_name": "claudia", "version": "1.0", "author_url": "https://www.castro.pr.leg.br/author/claudia", "provider_name": "C\u00e2mara Municipal", "type": "rich"}