{"provider_url": "https://www.castro.pr.leg.br", "title": "Estudantes do EJA conhecem Legislativo", "html": "<p style=\"text-align: justify; \">\u00a0\u00a0\u00a0\u00a0\u00a0\u00a0\u00a0\u00a0\u00a0\u00a0\u00a0\u00a0\u00a0\u00a0\u00a0\u00a0\u00a0\u00a0 Na manh\u00e3 desta sexta-feira, 6 de novembro, 12 alunos do Programa de Educa\u00e7\u00e3o de Jovens e Adultos- EJA da Escola Municipal Dr. Jahyr Lopes estiveram na C\u00e2mara Municipal de Castro, acompanhados pelas professoras Rosim\u00e9ri M\u00fcller Collet Jorge e Glaci Fidelix Carneiro Gomes.</p>\r\n<p style=\"text-align: justify; \">\u00a0\u00a0\u00a0\u00a0\u00a0\u00a0\u00a0\u00a0\u00a0 Na ocasi\u00e3o os estudantes aprenderam sobre o Poder Legislativo de Castro, a fun\u00e7\u00e3o dos vereadores e desenvolvimento das sess\u00f5es. Ao final da explica\u00e7\u00e3o eles foram convidados a ocuparem os lugares dos vereadores no Plen\u00e1rio e a simularem uma sess\u00e3o, vivenciando esta experi\u00eancia.</p>\r\n<p style=\"text-align: justify; \"><img src=\"https://www.castro.pr.leg.br/imagens/DSCN5827Cpia.JPG\" alt=\"\" class=\"image-inline\" title=\"\" /></p>\r\n<p style=\"text-align: justify; \">\u00a0\u00a0\u00a0\u00a0\u00a0\u00a0\u00a0\u00a0\u00a0\u00a0\u00a0\u00a0\u00a0\u00a0\u00a0 Para a professora Rosem\u00e9ri, o encontro foi muito bom e trouxe muitos esclarecimentos sobre o que acontece na C\u00e2mara. Rosem\u00e9ri explicou que a vinda at\u00e9 o Legislativo \u00e9 fruto de projeto que est\u00e1 desenvolvendo junto aos alunos, chamado \u201cPraticando Cidadania\u201d, e que o intuito da visita era fortalecer o aprendizado e oportunizar uma viv\u00eancia mais pr\u00e1tica. A educadora aproveitou a ocasi\u00e3o para abordar com os educandos sobre a import\u00e2ncia de acompanhar as sess\u00f5es e verificar de perto o trabalho dos vereadores.</p>\r\n<p style=\"text-align: justify; \">\u00a0\u00a0\u00a0\u00a0\u00a0\u00a0\u00a0\u00a0\u00a0\u00a0\u00a0\u00a0\u00a0\u00a0\u00a0 A palestra foi acompanhada pela Vereadora Aline Sleutjes Roberto (PSDC) que conversou por alguns minutos com os visitantes. Aline falou sobre a responsabilidade de ser vereador e representar a popula\u00e7\u00e3o de uma cidade inteira, e quanto a escolha consciente dos candidatos nas elei\u00e7\u00f5es. Al\u00e9m disso, a parlamentar frisou que as portas da C\u00e2mara est\u00e3o sempre abertas para a popula\u00e7\u00e3o.</p>", "author_name": "claudia", "version": "1.0", "author_url": "https://www.castro.pr.leg.br/author/claudia", "provider_name": "C\u00e2mara Municipal", "type": "rich"}