{"provider_url": "https://www.castro.pr.leg.br", "title": "Duas Audi\u00eancias P\u00fablicas na semana", "html": "<p>Amanh\u00e3, ter\u00e7a-feira, 22 de setembro, \u00e0s 14 horas, ser\u00e1 realizada, no Plen\u00e1rio da C\u00e2mara Municipal, Audi\u00eancia P\u00fablica de presta\u00e7\u00e3o de contas da Secretaria Municipal de Sa\u00fade referente ao 2\u00b0 quadrimestre de 2015, que compreende os meses de maio, junho, julho e agosto do corrente ano.</p>\r\n<p>J\u00e1 na quarta-feira, dia 23, ao hor\u00e1rio regimental, acontece na Casa de Leis a 4\u00aa sess\u00e3o ordin\u00e1ria do m\u00eas de setembro.\u00a0 Neste mesmo dia, \u00e0s 17 horas, ter\u00e1 in\u00edcio a Audi\u00eancia P\u00fablica de apresenta\u00e7\u00e3o do cumprimento das metas fiscais da Prefeitura Municipal, tamb\u00e9m referente ao 2\u00b0 quadrimestre de 2015.</p>\r\n<p>Toda a popula\u00e7\u00e3o est\u00e1 convidada a participar!</p>", "author_name": "claudia", "version": "1.0", "author_url": "https://www.castro.pr.leg.br/author/claudia", "provider_name": "C\u00e2mara Municipal", "type": "rich"}