{"provider_url": "https://www.castro.pr.leg.br", "title": "C\u00e2mara entrega t\u00edtulos nesta sexta-feira", "html": "<p style=\"text-align: justify; \">Amanh\u00e3, 26 de junho, \u00e0s 19 horas, a C\u00e2mara Municipal de Castro realizar\u00e1 sess\u00e3o solene para outorga do T\u00edtulo de Cidad\u00e3os Honor\u00e1rios a Maria Antonieta Gonzaga e Izidro Constantino Guedes, e de Cidad\u00e3 Benem\u00e9rita a Renata Macedo de Paula.\u00a0 Os projetos de lei que concedem as honrarias foram aprovados em plen\u00e1rio na sess\u00e3o de 01 de abril de 2015 e, ap\u00f3s sancionados, tornaram-se leis. <br />\u00a0\u00a0 \u00a0<br />A professora e artista pl\u00e1stica, Maria Antonieta, nasceu em Jata\u00ed- Goi\u00e1s, e reside em Castro desde 1971. Graduada em Pedagogia e P\u00f3s-Graduada em Psicopedagogia, atuou em v\u00e1rias institui\u00e7\u00f5es de ensino da cidade e foi diretora do Col\u00e9gio Instituto Crist\u00e3o de setembro de 2013 a fevereiro de 2014. Como artista pl\u00e1stica, associada da Yap\u00f3 Arte desde o seu in\u00edcio, participou de sal\u00f5es e v\u00e1rias exposi\u00e7\u00f5es coletivas e individuais em Castro e regi\u00e3o. Integrou a produ\u00e7\u00e3o de alguns livros e \u00e9 autora do t\u00edtulo \u201cDos Pequizeiros \u00e0s Arauc\u00e1rias\u201d. <br />\u00a0\u00a0 \u00a0<br />Nascido na cidade de S\u00e3o Paulo, Izidro Guedes \u00e9 castrense de cora\u00e7\u00e3o. Sempre atuante, foi eleito vereador pelo PDS para a legislatura de 1982 a 1987, disputou elei\u00e7\u00f5es como candidato a prefeito e deputado federal. Assumiu cargos na Prefeitura Municipal de Castro e colaborou com diversas gest\u00f5es. Como Secret\u00e1rio Municipal de Ind\u00fastria, Com\u00e9rcio e Turismo, executou muitos projetos, como a retomada da edi\u00e7\u00e3o do Guia de Castro. Muito ligado a comunica\u00e7\u00e3o, a primeira revista impressa de Castro \u00e9 de sua edi\u00e7\u00e3o, a Revista VUP. Propriet\u00e1rio da Pousada Canyon Guartel\u00e1, \u00e9 sempre lembrado quando se fala em turismo regional.<br />\u00a0\u00a0 \u00a0<br />Formada em Administra\u00e7\u00e3o de Empresas pela Universidade Federal do Paran\u00e1 com especializa\u00e7\u00e3o em Pol\u00edtica de Atendimento \u00e0 Crian\u00e7a e ao Adolescente, a castrense Renata Macedo de Paula, dedicou 20 anos de sua carreira \u00e0 gest\u00e3o da Prefeitura de Castro. Durante sua gest\u00e3o como Secret\u00e1ria Municipal da Crian\u00e7a e do Adolescente implantou o primeiro Centro de Educa\u00e7\u00e3o Infantil. Em 2005 assumiu a Secretaria Municipal de Planejamento e modernizou a administra\u00e7\u00e3o p\u00fablica, apostando tamb\u00e9m na capacita\u00e7\u00e3o dos servidores. Atualmente trabalha na unidade da Cargill em Castro, como Coordenadora de Responsabilidade Social.<br />\u00a0\u00a0 \u00a0<br />O Presidente da Casa, Gerson Sutil (PSB), acredita que ser\u00e1 uma noite muito especial para o Legislativo castrense. \u201cA nossa expectativa \u00e9 grande, s\u00e3o personalidades diferenciadas, que contribu\u00edram e continuam colaborando com o desenvolvimento de Castro\u201d, relatou.<br /><br /></p>", "author_name": "claudia", "version": "1.0", "author_url": "https://www.castro.pr.leg.br/author/claudia", "provider_name": "C\u00e2mara Municipal", "type": "rich"}