{"provider_url": "https://www.castro.pr.leg.br", "title": "Atendimento em ag\u00eancias banc\u00e1rias", "html": "<p style=\"text-align: justify; \"><span><span>Nesta quarta-feira, dia 1\u00ba de abril, a C\u00e2mara Municipal de Castro realizou a primeira sess\u00e3o ordin\u00e1ria do m\u00eas. Passou por segunda vota\u00e7\u00e3o neste encontro o projeto de lei n\u00b0 19/2015 de autoria do vereador Antonio Sirlei Alves da Silva (DEM), alterando a Lei Municipal n\u00b0 1248/2004, e acrescentando disposi\u00e7\u00f5es relativas \u00e0 disponibiliza\u00e7\u00e3o de assentos, senhas de atendimento e painel eletr\u00f4nico vis\u00edvel aos usu\u00e1rios dos servi\u00e7os banc\u00e1rios. A proposi\u00e7\u00e3o foi aprovada por unanimidade.<br />\u00a0 <br />Em primeiro turno foram analisadas e aprovadas tr\u00eas mat\u00e9rias assinadas pelo parlamentar Joel Elias Fadel (PSDB), com apoio de vereadores da Casa Legislativa, concedendo t\u00edtulo de Cidad\u00e3o Honor\u00e1rio ao Senhor Izidro Constantino Guedes, e \u00e0s Senhoras Maria Antonieta Gonzaga Teixeira e Renata Macedo de Paula. Esses projetos passam por segunda vota\u00e7\u00e3o na pr\u00f3xima sess\u00e3o.<br />\u00a0<br />O projeto n\u00b0 19/2015 foi aprovado ap\u00f3s discuss\u00e3o \u00fanica, e revoga o inciso III do artigo 8\u00b0 da Lei n\u00b0 2.630 de 2013, para que o Munic\u00edpio possa recontratar profissionais antes de decorrido um prazo de car\u00eancia de 24 meses, visto a escassez de m\u00e3o de obra qualificada em determinados setores.<br />\u00a0<br /></span><span><span>Seis requerimentos tamb\u00e9m constavam na pauta para vota\u00e7\u00e3o \u00fanica e receberam voto favor\u00e1vel de todos os parlamentares presentes. O vereador Presidente Gerson Sutil (PSB) e a vereadora Maria de F\u00e1tima Barth Ant\u00e3o Castro (PMDB) solicitam informa\u00e7\u00f5es referentes a infraestrutura, atendimento e n\u00famero das Unidades de Sa\u00fade da cidade e da \u00e1rea do rural. F\u00e1tima \u00e9 autora de pedido a respeito da possibilidade de inclus\u00e3o da isen\u00e7\u00e3o, no C\u00f3digo Tribut\u00e1rio, da taxa de alvar\u00e1s para os produtores da agricultura familiar.<br />\u00a0</span><br />Joel Elias Fadel (PSDB), Itari Cropolato (PSL) e Jos\u00e9 Ot\u00e1vio Nocera (PMDB) requerem, respectivamente, melhorias nas ruas Eurico da Silva Gomes, Manoel das Chagas Lima, Manoel Jos\u00e9 Braga, Edmundo Wisoski e Bernardo Musialowiski, dados quanto apoio e incentivo a agricultores do interior e suas fam\u00edlias, e sobre a exist\u00eancia de conv\u00eanio ou estudos de projeto para infraestrutura da Vila Castroville. A \u00faltima proposi\u00e7\u00e3o \u00e9 do vereador Herculano da Silva (PSL) que requisita abono de falta desta sess\u00e3o.<br />\u00a0<br />Em plen\u00e1rio foram apresentadas nove indica\u00e7\u00f5es apontando necessidades de melhorias que beneficiem a comunidade castrense, s\u00e3o elas: port\u00e3o de acesso exclusivo para entrada e sa\u00edda de crian\u00e7as no CMEI Cavalinho de Pau, coloca\u00e7\u00e3o de placas de sinaliza\u00e7\u00e3o no N\u00facleo Habitacional Cantagalo, implanta\u00e7\u00e3o do Projeto \u201cCultivando Sa\u00fade\u201d e do Programa E-SUS, manuten\u00e7\u00e3o dos aparelhos de gin\u00e1stica do Muxir\u00e3o e coloca\u00e7\u00e3o de ventiladores no local, capa asf\u00e1ltica na Rua Carlos Decker, altera\u00e7\u00f5es em faixa de pedestre situada na Rua Tiradentes e limpeza de terreno baldio no Jardim Pandorf.<br />\u00a0<br />A pr\u00f3xima sess\u00e3o ordin\u00e1ria acontece na quarta-feira, dia 8, \u00e0s 14 horas.</span></span></p>", "author_name": "claudia", "version": "1.0", "author_url": "https://www.castro.pr.leg.br/author/claudia", "provider_name": "C\u00e2mara Municipal", "type": "rich"}