{"provider_url": "https://www.castro.pr.leg.br", "title": "\u201cCastrense que Brilha\u201d 2015 ", "html": "<p style=\"text-align: justify; \">\u00a0\u00a0\u00a0\u00a0\u00a0\u00a0\u00a0\u00a0\u00a0\u00a0\u00a0\u00a0\u00a0 \u00c0s 18 horas deste s\u00e1bado, dia 05 de setembro, a C\u00e2mara Municipal de Castro realizar\u00e1 a sess\u00e3o solene de outorga do t\u00edtulo de \u201cCastrense que Brilha\u201d. Esta \u00e9 a 16\u00aa vez que a Casa de Leis realiza a solenidade para homenagear pessoas que nasceram em Castro e se destacam regional, nacional ou internacionalmente, atrav\u00e9s de suas atua\u00e7\u00f5es, sejam profissionais, culturais ou em benef\u00edcio ao pr\u00f3ximo.</p>\r\n<p style=\"text-align: justify; \">\u00a0\u00a0\u00a0\u00a0\u00a0\u00a0\u00a0\u00a0\u00a0\u00a0\u00a0\u00a0\u00a0\u00a0\u00a0 A escolha das personalidades a serem homenageadas foi realizada pelos vereadores no dia 24 de junho. Entre os curr\u00edculos enviados para o Legislativo constavam os nomes de Ademir de Oliveira Ferreira, Jayme Ferreira Bueno e Jo\u00e3o Amadeus Pereira Alves, os \u201cCastrenses que Brilham\u201d de 2015.</p>\r\n<p style=\"text-align: justify; \">\u00a0\u00a0\u00a0\u00a0\u00a0\u00a0\u00a0\u00a0\u00a0\u00a0\u00a0\u00a0\u00a0\u00a0\u00a0 Doutor em Ci\u00eancia do Solo, Ademir de Oliveira Ferreira viveu em Castro de 1983 at\u00e9 2002, quando foi cursar Agronomia pela Universidade Estadual de Ponta Grossa- UEPG, institui\u00e7\u00e3o em que concluiu seu mestrado. De 2010 a 2014 estudou na Universidade Federal de Santa Maria, para conquista do t\u00edtulo de Doutor, tendo realizado parte dos estudos na Universidade do Kansas, nos Estados Unidos, onde defendeu sua tese. Em 2014 iniciou seu P\u00f3s-Doutorado, tamb\u00e9m pela UEPG, cuja especialidade \u00e9 a din\u00e2mica da mat\u00e9ria org\u00e2nica em sistemas de manejo do solo.</p>\r\n<p style=\"text-align: justify; \">\u00a0\u00a0\u00a0\u00a0\u00a0\u00a0\u00a0\u00a0\u00a0\u00a0\u00a0\u00a0\u00a0\u00a0\u00a0 Jayme Ferreira Bueno concluiu bacharelado e licenciatura em Letras pela Universidade Federal do Paran\u00e1 nos anos de 1959 e 1960.\u00a0 Concluiu o Mestrado em Teoria da Literatura pela Pontif\u00edcia Universidade Cat\u00f3lica do Paran\u00e1 em 1979. Dois anos depois, em 1981, foi para Lisboa, Portugal, como bolsista da Funda\u00e7\u00e3o Calouste Gulbenkian, e como leitor da Biblioteca Nacional Portuguesa. Em 1983, conquistou o t\u00edtulo de Doutor em Literatura, pela Universidade de S\u00e3o Paulo-USP. Atuou no Minist\u00e9rio da Educa\u00e7\u00e3o de 1997 a 2003, sendo at\u00e9 2001 o Presidente da Comiss\u00e3o de Especialistas de Curso de Letras. Marcou presen\u00e7a em confer\u00eancias em Madri, na Espanha, Buenos Aires, na Argentina, e na Ilha da Madeira, em Portugal.</p>\r\n<p style=\"text-align: justify; \">\u00a0\u00a0\u00a0\u00a0\u00a0\u00a0\u00a0\u00a0\u00a0\u00a0\u00a0\u00a0\u00a0\u00a0\u00a0 Graduado em F\u00edsica pela Universidade Estadual de Ponta Grossa, Jo\u00e3o Amadeus Pereira Alves, iniciou sua carreira profissional em col\u00e9gios particular e estadual de nossa cidade. \u00a0\u00a0\u00a0\u00a0\u00a0 Mudou-se para Bauru em 2002, para cursar o Mestrado em Educa\u00e7\u00e3o para a Ci\u00eancia pela Universidade Estadual Paulista J\u00falio de Mesquita Filho- UNESP, obtendo o t\u00edtulo em 2005. Em 2006, passou a atuar na forma\u00e7\u00e3o de futuros educadores de F\u00edsica, como Professor de Ensino Superior da UEPG. Concomitantemente ingressou no Doutorado, tamb\u00e9m em Educa\u00e7\u00e3o para a Ci\u00eancia da UNESP, com investiga\u00e7\u00e3o voltada \u00e0 constru\u00e7\u00e3o da identidade do professor e pesquisador, conclu\u00eddo em 2010. \u00c9 co-autor, da cole\u00e7\u00e3o did\u00e1tica \u201cCi\u00eancias para nosso Tempo\u201d.</p>\r\n<p style=\"text-align: justify; \">\u00a0\u00a0\u00a0\u00a0\u00a0\u00a0\u00a0\u00a0\u00a0\u00a0\u00a0\u00a0\u00a0\u00a0\u00a0 O evento faz parte das comemora\u00e7\u00f5es do dia de Castro, em parceria com o Lions Club e com a Prefeitura Municipal de Castro. O Presidente do Legislativo, Gerson Sutil (PSB) convida todos os castrenses para prestigiarem a cerim\u00f4nia. \u201c\u00c9 grande a satisfa\u00e7\u00e3o da C\u00e2mara em homenagear e receber, de volta \u00e0 nossa terra, estes tr\u00eas filhos de Castro, que elevam o nome da cidade por onde passam\u201d, frisou Sutil.</p>\r\n<p>\u00a0</p>", "author_name": "claudia", "version": "1.0", "author_url": "https://www.castro.pr.leg.br/author/claudia", "provider_name": "C\u00e2mara Municipal", "type": "rich"}