{"provider_url": "https://www.castro.pr.leg.br", "title": "Estrutura funcional da C\u00e2mara", "html": "<p>\u00a0</p>\r\n<ul>\r\n<li><strong>Estatuto dos Servidores- Lei Complementar n\u00b0 13-2007<span class=\"internal-link\"></span>.\u00a0</strong></li>\r\n</ul>\r\n<p><strong>\u00a0 \u00a0 \u00a0 \u00a0<a title=\"\" href=\"https://www.castro.pr.leg.br/institucional/estrutura/estatuto-dos-funcionarios-lei-complementar-ndeg-13-2007.pdf\" class=\"internal-link\" target=\"_self\"></a></strong><a title=\"\" href=\"https://www.castro.pr.leg.br/institucional/estrutura/EstatutodosFuncionriosLeiComplementarn132007.pdf\" class=\"external-link\" target=\"_self\"><img src=\"https://www.castro.pr.leg.br/botao-acesse-aqui-2\" alt=\"Bot\u00e3o Acesse Aqui 2\" class=\"image-inline\" title=\"Bot\u00e3o Acesse Aqui 2\" /></a></p>\r\n<ul>\r\n<li><span class=\"internal-link\"><strong>Para acesso ao Estatuto dos Servidores com altera\u00e7\u00f5es.\u00a0</strong></span></li>\r\n</ul>\r\n<p>\u00a0 \u00a0 \u00a0 \u00a0<a class=\"external-link\" href=\"https://sapl.castro.pr.leg.br/norma/293\" target=\"_self\" title=\"\"><img src=\"https://www.castro.pr.leg.br/botao-acesse-aqui-2\" alt=\"Bot\u00e3o Acesse Aqui 2\" class=\"image-inline\" title=\"Bot\u00e3o Acesse Aqui 2\" /></a></p>\r\n<ul>\r\n<li><strong>Organograma e suas resolu\u00e7\u00f5es.</strong>\u00a0</li>\r\n</ul>\r\n<p>\u00a0 \u00a0 \u00a0 \u00a0<a title=\"\" href=\"https://www.castro.pr.leg.br/institucional/estrutura/orgonograma/?_authenticator=e60dcdbccab4a695697e65f82c15a205f9ec607d\" class=\"external-link\" target=\"_self\"><img src=\"https://www.castro.pr.leg.br/botao-acesse-aqui-2\" alt=\"Bot\u00e3o Acesse Aqui 2\" class=\"image-inline\" title=\"Bot\u00e3o Acesse Aqui 2\" /></a></p>\r\n<ul>\r\n<li><strong>Rela\u00e7\u00e3o das remunera\u00e7\u00f5es\u00a0e outras informa\u00e7\u00f5es.</strong></li>\r\n</ul>\r\n<p><strong>\u00a0 \u00a0 \u00a0 \u00a0</strong><a class=\"external-link\" href=\"https://camaracastro.atende.net/transparencia/item/relacao-funcionario-x-salario\" target=\"_self\" title=\"\"><img src=\"https://www.castro.pr.leg.br/botao-acesse-aqui-2\" alt=\"Bot\u00e3o Acesse Aqui 2\" class=\"image-inline\" title=\"Bot\u00e3o Acesse Aqui 2\" /></a></p>\r\n<ul>\r\n<li><strong>Estrutura organizacional - bi\u00eanio: 2025 - 2026.\u00a0</strong></li>\r\n</ul>\r\n<div><b>\u00a0 \u00a0 \u00a0 \u00a0</b><a title=\"\" href=\"https://www.castro.pr.leg.br/estrutura-organizacional-2025-2026\" class=\"internal-link\" target=\"_self\"><img src=\"https://www.castro.pr.leg.br/botao-acesse-aqui-2\" alt=\"Bot\u00e3o Acesse Aqui 2\" class=\"image-inline\" title=\"Bot\u00e3o Acesse Aqui 2\" /></a></div>", "author_name": "Interlegis", "version": "1.0", "author_url": "https://www.castro.pr.leg.br/author/Interlegis", "provider_name": "C\u00e2mara Municipal", "type": "rich"}